{"id":278002,"date":"2025-04-06T12:35:28","date_gmt":"2025-04-06T16:35:28","guid":{"rendered":"https:\/\/www.prwrestling.com\/nw\/?p=278002"},"modified":"2025-04-06T12:35:28","modified_gmt":"2025-04-06T16:35:28","slug":"7-veces-campeon-de-la-wwe-regresara-y-reemplazara-a-kevin-owens-contra-randy-orton-en-wwe-wrestlemania-bajo-esta-posibilidad","status":"publish","type":"post","link":"https:\/\/www.prwrestling.com\/nw\/7-veces-campeon-de-la-wwe-regresara-y-reemplazara-a-kevin-owens-contra-randy-orton-en-wwe-wrestlemania-bajo-esta-posibilidad\/","title":{"rendered":"7 veces campe\u00f3n de la WWE regresar\u00e1 y reemplazar\u00e1 a Kevin Owens contra Randy Orton en WWE WrestleMania bajo esta posibilidad"},"content":{"rendered":"<p>Kevin Owens lanz\u00f3 una bomba en el \u00faltimo episodio de SmackDown, revelando que estaba lidiando con una lesi\u00f3n en el cuello. Lamentablemente, eso significa que est\u00e1 fuera de WrestleMania 41, y su muy esperado combate con Randy Orton est\u00e1 descartado. Con el estado de The Viper en &#8216;Mania en el aire, un siete veces campe\u00f3n de WWE podr\u00eda regresar y reemplazar a KO en el espect\u00e1culo.<\/p>\n<p><!--more--><div id=\"ad-slot\" style=\"min-width: 300px; min-height: 250px;\">\r\n<p style=\"text-align: center;\">\r\n<script async src=\"https:\/\/pagead2.googlesyndication.com\/pagead\/js\/adsbygoogle.js\"><\/script>\r\n<!-- 300x250 sc a -->\r\n<ins class=\"adsbygoogle\"\r\n     style=\"display:inline-block;width:300px;height:250px\"\r\n     data-ad-client=\"ca-pub-1244235910658811\"\r\n     data-ad-slot=\"8592682546\"><\/ins>\r\n<script>\r\n     (adsbygoogle = window.adsbygoogle || []).push({});\r\n<\/script><\/center>\r\n<\/p><\/div><\/p>\n<p>Randy Orton podr\u00eda enfrentarse a un Sami Zayn que regresa en El Gran Escenario de Todos. El canadiense es cuatro veces Campe\u00f3n Intercontinental, dos veces campe\u00f3n de parejas y una vez Campe\u00f3n de NXT. Ha estado fuera de la televisi\u00f3n de WWE desde su Combate No Sancionado contra <a href=\"https:\/\/www.prwrestling.com\/nw\/tag\/kevin-owens\" target=\"_blank\" rel=\"noopener noreferrer\" data-is-sponsored=\"false\">Kevin Owens<\/a> en Elimination Chamber 2025. Aunque los canadienses estuvieron involucrados en una intensa rivalidad, la lesi\u00f3n de KO podr\u00eda cambiar las cosas. Sami podr\u00eda decidir perdonar a Owens y dejar el pasado atr\u00e1s.<\/p>\n<p>La pr\u00f3xima semana en SmackDown, el Uce Honorario podr\u00eda finalmente regresar y abrirse sobre c\u00f3mo se sinti\u00f3 por The Prizefighter. A pesar de todo lo que pas\u00f3 entre ellos, Sami Zayn podr\u00eda admitir que se sinti\u00f3 mal por Kevin Owens, afirmando que esto era el karma alcanzando a KO. Pero justo cuando las cosas se pongan emotivas, <a href=\"https:\/\/www.prwrestling.com\/nw\/tag\/randy-orton\" target=\"_blank\" rel=\"noopener noreferrer\" data-is-sponsored=\"false\">Randy Orton<\/a> podr\u00eda aparecer y confrontarlo.<\/p>\n<div id=\"ad-slot\" style=\"min-width: 300px; min-height: 250px;\"><p style=\"text-align: center;\">\r\n<script async src=\"https:\/\/pagead2.googlesyndication.com\/pagead\/js\/adsbygoogle.js\"><\/script>\r\n<!-- Responsive sc c -->\r\n<ins class=\"adsbygoogle\"\r\n     style=\"display:block\"\r\n     data-ad-client=\"ca-pub-1244235910658811\"\r\n     data-ad-slot=\"4234005358\"\r\n     data-ad-format=\"auto\"\r\n     data-full-width-responsive=\"true\"><\/ins>\r\n<script>\r\n     (adsbygoogle = window.adsbygoogle || []).push({});\r\n<\/script><\/p><\/div>\n<p>The Viper podr\u00eda reprender al luchador de 40 a\u00f1os por perdonar a KO, llevando a una confrontaci\u00f3n acalorada. Orton podr\u00eda lanzar un desaf\u00edo, pidi\u00e9ndole a <a href=\"https:\/\/www.prwrestling.com\/nw\/tag\/sami-zayn\" target=\"_blank\" rel=\"noopener noreferrer\" data-is-sponsored=\"false\">Sami Zayn<\/a> que d\u00e9 un paso adelante y reemplace a su mejor amigo, Kevin Owens, en WrestleMania. Como resultado, esto podr\u00eda llevar a un combate entre las dos superestrellas en El Show de los Shows. Con todas las tensiones y la historia de fondo, hay una alta posibilidad de que ocurra.<\/p>\n<div class=\"video-container\"><iframe loading=\"lazy\" title=\"YouTube video player\" src=\"https:\/\/www.youtube.com\/embed\/5Vfyn9irhx0\" width=\"660\" height=\"370\" frameborder=\"0\" allowfullscreen=\"allowfullscreen\" aria-label=\"YouTube Video\" data-mce-fragment=\"1\"><span data-mce-type=\"bookmark\" style=\"display: inline-block; width: 0px; overflow: hidden; line-height: 0;\" class=\"mce_SELRES_start\">\ufeff<\/span><\/iframe><\/div>\n<p>La lesi\u00f3n de Owens ha dejado un gran vac\u00edo en la cartelera de WrestleMania, y Sami Zayn podr\u00eda ser el candidato perfecto para llenar ese lugar. Sin planes actuales para Zayn en El Show de los Shows, esta podr\u00eda ser una manera ideal de traerlo de vuelta al ruedo. Sin embargo, esto es especulativo por ahora.<\/p>\n<h2>\u00bfKevin Owens regresar\u00e1 a WWE de su cirug\u00eda de cuello despu\u00e9s de 2025?<\/h2>\n<p>Durante su emotiva promo en SmackDown, Kevin Owens dijo que hab\u00eda estado <a href=\"https:\/\/www.prwrestling.com\/nw\/kevin-owens-anuncia-lesion-en-la-vida-real-dice-que-necesita-cirugia-inmediata-y-su-futuro-en-la-wwe-es-incierto-despues-de-25-anos\/\" target=\"_blank\" rel=\"noopener noreferrer\" data-is-sponsored=\"false\">luchando contra una seria lesi\u00f3n en el cuello<\/a> durante los \u00faltimos cuatro meses. Parec\u00eda bastante decepcionado porque tendr\u00eda que perderse WrestleMania 41. Las palabras de KO indicaron la gravedad de la situaci\u00f3n y que necesitaba cirug\u00eda inmediata.<\/p>\n<p>Aunque estaba claramente desconsolado por perderse WrestleMania, dijo que esta ser\u00eda su \u00faltima vez en un ring de WWE por un tiempo. Desde entonces, los fans han estado pregunt\u00e1ndose sobre el cronograma de regreso de Owens. Hay una alta probabilidad de que el ex Campe\u00f3n Universal se pierda todo el 2025.<\/p>\n<p>Las lesiones en el cuello se consideran muy cr\u00edticas en la lucha profesional. Ha habido casos en el pasado en los que las superestrellas han tomado a\u00f1os para recuperarse completamente. Aunque no se han revelado muchos detalles sobre la situaci\u00f3n de Kevin Owens, su recuperaci\u00f3n podr\u00eda tomar mucho tiempo.<\/p>\n<p>KO podr\u00eda regresar a la compa\u00f1\u00eda el pr\u00f3ximo a\u00f1o despu\u00e9s de someterse a una rehabilitaci\u00f3n completa. Queda por verse si WWE proporcionar\u00e1 m\u00e1s actualizaciones sobre su cronograma de regreso.<\/p>\n","protected":false},"excerpt":{"rendered":"<p>Kevin Owens lanz\u00f3 una bomba en el \u00faltimo episodio de SmackDown, revelando que estaba lidiando con una lesi\u00f3n en el cuello. Lamentablemente, eso significa que est\u00e1 fuera de WrestleMania 41, y su muy esperado combate con Randy Orton est\u00e1 descartado. Con el estado de The Viper en &#8216;Mania en el aire, un siete veces campe\u00f3n<\/p>\n","protected":false},"author":1,"featured_media":278009,"comment_status":"closed","ping_status":"closed","sticky":false,"template":"","format":"standard","meta":{"footnotes":""},"categories":[5,38],"tags":[],"class_list":{"0":"post-278002","1":"post","2":"type-post","3":"status-publish","4":"format-standard","5":"has-post-thumbnail","7":"category-noticias","8":"category-noticias-y-rumores-de-la-wwe"},"_links":{"self":[{"href":"https:\/\/www.prwrestling.com\/nw\/wp-json\/wp\/v2\/posts\/278002","targetHints":{"allow":["GET"]}}],"collection":[{"href":"https:\/\/www.prwrestling.com\/nw\/wp-json\/wp\/v2\/posts"}],"about":[{"href":"https:\/\/www.prwrestling.com\/nw\/wp-json\/wp\/v2\/types\/post"}],"author":[{"embeddable":true,"href":"https:\/\/www.prwrestling.com\/nw\/wp-json\/wp\/v2\/users\/1"}],"replies":[{"embeddable":true,"href":"https:\/\/www.prwrestling.com\/nw\/wp-json\/wp\/v2\/comments?post=278002"}],"version-history":[{"count":2,"href":"https:\/\/www.prwrestling.com\/nw\/wp-json\/wp\/v2\/posts\/278002\/revisions"}],"predecessor-version":[{"id":278011,"href":"https:\/\/www.prwrestling.com\/nw\/wp-json\/wp\/v2\/posts\/278002\/revisions\/278011"}],"wp:featuredmedia":[{"embeddable":true,"href":"https:\/\/www.prwrestling.com\/nw\/wp-json\/wp\/v2\/media\/278009"}],"wp:attachment":[{"href":"https:\/\/www.prwrestling.com\/nw\/wp-json\/wp\/v2\/media?parent=278002"}],"wp:term":[{"taxonomy":"category","embeddable":true,"href":"https:\/\/www.prwrestling.com\/nw\/wp-json\/wp\/v2\/categories?post=278002"},{"taxonomy":"post_tag","embeddable":true,"href":"https:\/\/www.prwrestling.com\/nw\/wp-json\/wp\/v2\/tags?post=278002"}],"curies":[{"name":"wp","href":"https:\/\/api.w.org\/{rel}","templated":true}]}}