{"id":278273,"date":"2025-04-13T10:19:24","date_gmt":"2025-04-13T14:19:24","guid":{"rendered":"https:\/\/www.prwrestling.com\/nw\/?p=278273"},"modified":"2025-04-13T10:19:24","modified_gmt":"2025-04-13T14:19:24","slug":"leyenda-de-la-wwe-regresara-tras-748-dias-de-lesion-para-reemplazar-a-nick-aldis-como-nuevo-gerente-general-de-smackdown-se-explora-un-posible-angulo-de-wrestlemania-41","status":"publish","type":"post","link":"https:\/\/www.prwrestling.com\/nw\/leyenda-de-la-wwe-regresara-tras-748-dias-de-lesion-para-reemplazar-a-nick-aldis-como-nuevo-gerente-general-de-smackdown-se-explora-un-posible-angulo-de-wrestlemania-41\/","title":{"rendered":"\u00bfLeyenda de la WWE regresar\u00e1 tras 748 d\u00edas de lesi\u00f3n para reemplazar a Nick Aldis como nuevo gerente general de SmackDown? Se explora un posible \u00e1ngulo de WrestleMania 41"},"content":{"rendered":"<p>El ex Campe\u00f3n Universal de WWE Kevin Owens anunci\u00f3 su lesi\u00f3n en el cuello hace un par de semanas en SmackDown, lo que oblig\u00f3 a Nick Aldis a cancelar su combate contra <a href=\"https:\/\/www.prwrestling.com\/nw\/tag\/randy-orton\" target=\"_blank\" rel=\"noopener noreferrer\" data-is-sponsored=\"false\">Randy Orton<\/a> en WrestleMania 41. Desde entonces, muchos han especulado que Aldis har\u00eda su debut en el ring de WWE y se enfrentar\u00eda al Asesino de Leyendas en El Gran Escenario de Todos.<\/p>\n<p><!--more--><div id=\"ad-slot\" style=\"min-width: 300px; min-height: 250px;\">\r\n<p style=\"text-align: center;\">\r\n<script async src=\"https:\/\/pagead2.googlesyndication.com\/pagead\/js\/adsbygoogle.js\"><\/script>\r\n<!-- 300x250 sc a -->\r\n<ins class=\"adsbygoogle\"\r\n     style=\"display:inline-block;width:300px;height:250px\"\r\n     data-ad-client=\"ca-pub-1244235910658811\"\r\n     data-ad-slot=\"8592682546\"><\/ins>\r\n<script>\r\n     (adsbygoogle = window.adsbygoogle || []).push({});\r\n<\/script><\/center>\r\n<\/p><\/div><\/p>\n<p>Si <em>El Tesoro Nacional<\/em> realmente se calza las botas para &#8216;Mania, hay una gran posibilidad de que la leyenda de WWE Shane McMahon regrese a la compa\u00f1\u00eda. Shane-O-Mac podr\u00eda asumir los deberes de Nick Aldis cuando este \u00faltimo regrese a la acci\u00f3n en el ring. McMahon no ha aparecido en la televisi\u00f3n de WWE desde la Noche Dos de WrestleMania 39 el 2 de abril de 2023.<\/p>\n<p>El ex Campe\u00f3n Hardcore result\u00f3 lesionado durante un combate contra The Miz en &#8216;Mania y no ha sido visto en la programaci\u00f3n de la compa\u00f1\u00eda desde entonces. Recientemente, <a href=\"https:\/\/www.prwrestling.com\/nw\/a-mercedes-mone-le-gustaria-ver-a-shane-mcmahon-unirse-a-aew\/\" target=\"_blank\" rel=\"noopener noreferrer\" data-is-sponsored=\"false\">han habido rumores de su regreso a la lucha profesional, pero no como parte de WWE<\/a>. Sin embargo, considerando que Shane McMahon ha sido una parte clave de la compa\u00f1\u00eda basada en Stamford durante a\u00f1os, podr\u00eda aparecer el 19 de abril en Las Vegas.<\/p>\n<div id=\"ad-slot\" style=\"min-width: 300px; min-height: 250px;\"><p style=\"text-align: center;\">\r\n<script async src=\"https:\/\/pagead2.googlesyndication.com\/pagead\/js\/adsbygoogle.js\"><\/script>\r\n<!-- Responsive sc c -->\r\n<ins class=\"adsbygoogle\"\r\n     style=\"display:block\"\r\n     data-ad-client=\"ca-pub-1244235910658811\"\r\n     data-ad-slot=\"4234005358\"\r\n     data-ad-format=\"auto\"\r\n     data-full-width-responsive=\"true\"><\/ins>\r\n<script>\r\n     (adsbygoogle = window.adsbygoogle || []).push({});\r\n<\/script><\/p><\/div>\n<p>McMahon ha sido una figura de autoridad en la marca azul junto a Daniel Bryan en el pasado y hizo maravillas en su rol. Al regresar potencialmente a la compa\u00f1\u00eda, Shane-O-Mac incluso podr\u00eda unirse a Triple H y Shawn Michaels en el departamento creativo.<\/p>\n<div class=\"video-container\"><iframe title=\"Reproductor de video de YouTube\" src=\"https:\/\/www.youtube.com\/embed\/hFiUOX7PDkA\" frameborder=\"0\" allowfullscreen=\"allowfullscreen\" aria-label=\"Video de YouTube\"><\/iframe><\/div>\n<p>Nick Aldis podr\u00eda continuar siendo parte de World Wrestling Entertainment como luchador y productor a tiempo parcial despu\u00e9s de WrestleMania 41. El Tesoro Nacional encontr\u00f3 mucho \u00e9xito dentro del ring en TNA y NWA. Por lo tanto, har\u00eda un trabajo brillante en el cuadril\u00e1tero si decidiera regresar.<\/p>\n<h2>Randy Orton le dio un RKO a Nick Aldis la semana pasada en WWE SmackDown<\/h2>\n<p>El SmackDown de la semana pasada present\u00f3 a un Randy Orton frustrado <a href=\"https:\/\/www.prwrestling.com\/nw\/resultados-wwe-smackdown-4-4-cm-punk-revela-el-favor-que-le-pidio-a-paul-heyman\/\" target=\"_blank\" rel=\"noopener noreferrer\" data-is-sponsored=\"false\">entregando un masivo RKO a Nick Aldis<\/a>. Este segmento aliment\u00f3 las especulaciones de que Aldis regresar\u00eda al cuadril\u00e1tero para enfrentar al Asesino de Leyendas. El Tesoro Nacional y Orton podr\u00edan ofrecer un combate estelar si se enfrentaran en WrestleMania 41.<\/p>\n<p>La semana pasada no fue la primera vez que Orton le dio un RKO al gerente general de SmackDown. En 2023, The Viper sac\u00f3 a <a href=\"https:\/\/www.prwrestling.com\/nw\/tag\/nick-aldis\" target=\"_blank\" rel=\"noopener noreferrer\" data-is-sponsored=\"false\">Nick Aldis<\/a> con el movimiento devastador y fue multado con $50,000. Sin embargo, el <em>Asesino de Leyendas<\/em> pag\u00f3 el doble de la cantidad, declarando que el extra era un anticipo para la pr\u00f3xima vez que atacara al veterano de TNA Wrestling.<\/p>\n<div class=\"video-container\"><iframe title=\"Reproductor de video de YouTube\" src=\"https:\/\/www.youtube.com\/embed\/xPuBgGGMr-0\" frameborder=\"0\" allowfullscreen=\"allowfullscreen\" aria-label=\"Video de YouTube\"><\/iframe><\/div>\n<p>Considerando la historia entre Aldis y Orton y sus recientes interacciones, un combate de WrestleMania entre ellos podr\u00eda ser la manera perfecta de poner fin a su disputa. Por ahora, esto es mera especulaci\u00f3n, y solo el tiempo dir\u00e1 qu\u00e9 tiene preparado la compa\u00f1\u00eda para el d\u00fao.<\/p>\n","protected":false},"excerpt":{"rendered":"<p>El ex Campe\u00f3n Universal de WWE Kevin Owens anunci\u00f3 su lesi\u00f3n en el cuello hace un par de semanas en SmackDown, lo que oblig\u00f3 a Nick Aldis a cancelar su combate contra Randy Orton en WrestleMania 41. Desde entonces, muchos han especulado que Aldis har\u00eda su debut en el ring de WWE y se enfrentar\u00eda<\/p>\n","protected":false},"author":1,"featured_media":278274,"comment_status":"closed","ping_status":"closed","sticky":false,"template":"","format":"standard","meta":{"footnotes":""},"categories":[5,38],"tags":[],"class_list":{"0":"post-278273","1":"post","2":"type-post","3":"status-publish","4":"format-standard","5":"has-post-thumbnail","7":"category-noticias","8":"category-noticias-y-rumores-de-la-wwe"},"_links":{"self":[{"href":"https:\/\/www.prwrestling.com\/nw\/wp-json\/wp\/v2\/posts\/278273","targetHints":{"allow":["GET"]}}],"collection":[{"href":"https:\/\/www.prwrestling.com\/nw\/wp-json\/wp\/v2\/posts"}],"about":[{"href":"https:\/\/www.prwrestling.com\/nw\/wp-json\/wp\/v2\/types\/post"}],"author":[{"embeddable":true,"href":"https:\/\/www.prwrestling.com\/nw\/wp-json\/wp\/v2\/users\/1"}],"replies":[{"embeddable":true,"href":"https:\/\/www.prwrestling.com\/nw\/wp-json\/wp\/v2\/comments?post=278273"}],"version-history":[{"count":1,"href":"https:\/\/www.prwrestling.com\/nw\/wp-json\/wp\/v2\/posts\/278273\/revisions"}],"predecessor-version":[{"id":278275,"href":"https:\/\/www.prwrestling.com\/nw\/wp-json\/wp\/v2\/posts\/278273\/revisions\/278275"}],"wp:featuredmedia":[{"embeddable":true,"href":"https:\/\/www.prwrestling.com\/nw\/wp-json\/wp\/v2\/media\/278274"}],"wp:attachment":[{"href":"https:\/\/www.prwrestling.com\/nw\/wp-json\/wp\/v2\/media?parent=278273"}],"wp:term":[{"taxonomy":"category","embeddable":true,"href":"https:\/\/www.prwrestling.com\/nw\/wp-json\/wp\/v2\/categories?post=278273"},{"taxonomy":"post_tag","embeddable":true,"href":"https:\/\/www.prwrestling.com\/nw\/wp-json\/wp\/v2\/tags?post=278273"}],"curies":[{"name":"wp","href":"https:\/\/api.w.org\/{rel}","templated":true}]}}