{"id":278374,"date":"2025-04-15T18:56:09","date_gmt":"2025-04-15T22:56:09","guid":{"rendered":"https:\/\/www.prwrestling.com\/nw\/?p=278374"},"modified":"2025-04-15T18:56:09","modified_gmt":"2025-04-15T22:56:09","slug":"nunca-lo-volveremos-a-ver-el-tiempo-del-ex-campeon-de-los-estados-unidos-de-la-wwe-como-competidor-activo-en-el-ring-podria-haber-terminado-dice-dutch-mantell","status":"publish","type":"post","link":"https:\/\/www.prwrestling.com\/nw\/nunca-lo-volveremos-a-ver-el-tiempo-del-ex-campeon-de-los-estados-unidos-de-la-wwe-como-competidor-activo-en-el-ring-podria-haber-terminado-dice-dutch-mantell\/","title":{"rendered":"&#8220;Nunca lo volveremos a ver&#8221;: el tiempo del ex campe\u00f3n de los Estados Unidos de la WWE como competidor activo en el ring podr\u00eda haber terminado, dice Dutch Mantell"},"content":{"rendered":"<p>El Universo WWE podr\u00eda haber visto por \u00faltima vez a un ex Campe\u00f3n de Estados Unidos dentro del cuadril\u00e1tero. El ex m\u00e1nager de lucha libre Dutch Mantell discuti\u00f3 recientemente sobre la lesi\u00f3n de Kevin Owens y si alguna vez regresar\u00e1 a la competencia en el ring.<\/p>\n<p><!--more--><div id=\"ad-slot\" style=\"min-width: 300px; min-height: 250px;\">\r\n<p style=\"text-align: center;\">\r\n<script async src=\"https:\/\/pagead2.googlesyndication.com\/pagead\/js\/adsbygoogle.js\"><\/script>\r\n<!-- 300x250 sc a -->\r\n<ins class=\"adsbygoogle\"\r\n     style=\"display:inline-block;width:300px;height:250px\"\r\n     data-ad-client=\"ca-pub-1244235910658811\"\r\n     data-ad-slot=\"8592682546\"><\/ins>\r\n<script>\r\n     (adsbygoogle = window.adsbygoogle || []).push({});\r\n<\/script><\/center>\r\n<\/p><\/div><\/p>\n<p>The Prizefighter se retir\u00f3 de su combate programado con Randy Orton en WrestleMania 41, citando una lesi\u00f3n en el cuello. El luchador canadiense rompi\u00f3 su personaje en WWE SmackDown hace unas semanas y <a href=\"https:\/\/www.prwrestling.com\/nw\/kevin-owens-rompe-el-silecio-sobre-su-lesion-tras-anuncio-en-wwe-smackdown-si-es-seria\/\" target=\"_blank\" rel=\"noopener noreferrer\" data-is-sponsored=\"false\">anunci\u00f3<\/a> que necesitaba una cirug\u00eda de cuello.<\/p>\n<p>Se rumorea que KO permanecer\u00e1 fuera de acci\u00f3n por el resto de 2025, y probablemente tambi\u00e9n se perder\u00e1 el WrestleMania del pr\u00f3ximo a\u00f1o.<\/p>\n<div id=\"ad-slot\" style=\"min-width: 300px; min-height: 250px;\"><p style=\"text-align: center;\">\r\n<script async src=\"https:\/\/pagead2.googlesyndication.com\/pagead\/js\/adsbygoogle.js\"><\/script>\r\n<!-- Responsive sc c -->\r\n<ins class=\"adsbygoogle\"\r\n     style=\"display:block\"\r\n     data-ad-client=\"ca-pub-1244235910658811\"\r\n     data-ad-slot=\"4234005358\"\r\n     data-ad-format=\"auto\"\r\n     data-full-width-responsive=\"true\"><\/ins>\r\n<script>\r\n     (adsbygoogle = window.adsbygoogle || []).push({});\r\n<\/script><\/p><\/div>\n<p>Hablando en el \u00faltimo episodio del podcast <em>Story Time<\/em>, Dutch Mantell dijo que no cree que Nick Aldis sea el oponente de Randy Orton en WrestleMania 41 a pesar de que The Viper le aplic\u00f3 un RKO.<\/p>\n<p>El ex m\u00e1nager de WWE siente que podr\u00eda ser alguien que pueda elevar a Orton de gran manera.<\/p>\n<blockquote><p>&#8220;No creo que sea [Nick] Aldis, pero creo que ser\u00e1 alguien con un poco de historial detr\u00e1s, y no creo que tengan un combate realmente equilibrado. Creo que [Randy] Orton simplemente domina desde el principio y le da al tipo un par de momentos, y luego, de repente, lo vence,&#8221; dijo Mantell.<\/p><\/blockquote>\n<p>Mantell tambi\u00e9n piensa que Owens no volver\u00e1 a pisar el cuadril\u00e1tero nuevamente, dada la naturaleza de su lesi\u00f3n.<\/p>\n<blockquote><p>&#8220;Ahora, \u00e9l dice, sabes, que todav\u00eda est\u00e1 esperando a Kevin Owens, y podr\u00edan estar intentando ganar algo de tiempo con esto para ver si Kevin puede regresar. Pero no estar\u00e1 listo en un mes. No estar\u00e1 listo en tres meses, tal vez seis. Podr\u00eda ser que nunca lo veamos de nuevo. Espero que no, pero porque estaba recibiendo un poco de atenci\u00f3n,&#8221; a\u00f1adi\u00f3. (De 49:40 a 50:28)<\/p><\/blockquote>\n<p><em>Mira el episodio completo a continuaci\u00f3n:<\/em><\/p>\n<div class=\"video-container\"><iframe title=\"Reproductor de video de YouTube\" src=\"https:\/\/www.youtube.com\/embed\/gOXQYD2_6Tg\" frameborder=\"0\" allowfullscreen=\"allowfullscreen\" aria-label=\"Video de YouTube\"><\/iframe><\/div>\n<h2>Kevin Owens sigue esperanzado de hacer un regreso a WWE<\/h2>\n<p>En una entrevista con el podcast <em>My Mom&#8217;s Basement<\/em>, <a href=\"https:\/\/www.prwrestling.com\/nw\/tag\/kevin-owens\">Kevin Owens<\/a> habl\u00f3 sobre el posible tiempo de recuperaci\u00f3n.<\/p>\n<blockquote><p>&#8220;Todav\u00eda no he hablado con el cirujano ni nada por el estilo. Voy a hacer todo eso el lunes. Quiero decir, s\u00e9 que la mayor\u00eda de las personas que han pasado por cosas similares probablemente, ya sabes, de seis meses a ocho meses hasta un a\u00f1o. As\u00ed que supongo que dentro de ese rango, pero realmente no lo s\u00e9. Como dije, todo es muy nuevo ahora mismo.&#8221;<\/p><\/blockquote>\n<p>Kevin Owens, a los 40 a\u00f1os, todav\u00eda tiene mucho que ofrecer al negocio de la lucha libre. El Universo WWE estar\u00e1 esperando con esperanza que The Prizefighter pueda regresar antes de lo esperado.<\/p>\n","protected":false},"excerpt":{"rendered":"<p>El Universo WWE podr\u00eda haber visto por \u00faltima vez a un ex Campe\u00f3n de Estados Unidos dentro del cuadril\u00e1tero. El ex m\u00e1nager de lucha libre Dutch Mantell discuti\u00f3 recientemente sobre la lesi\u00f3n de Kevin Owens y si alguna vez regresar\u00e1 a la competencia en el ring.<\/p>\n","protected":false},"author":1,"featured_media":278375,"comment_status":"closed","ping_status":"closed","sticky":false,"template":"","format":"standard","meta":{"footnotes":""},"categories":[5,38],"tags":[],"class_list":{"0":"post-278374","1":"post","2":"type-post","3":"status-publish","4":"format-standard","5":"has-post-thumbnail","7":"category-noticias","8":"category-noticias-y-rumores-de-la-wwe"},"_links":{"self":[{"href":"https:\/\/www.prwrestling.com\/nw\/wp-json\/wp\/v2\/posts\/278374","targetHints":{"allow":["GET"]}}],"collection":[{"href":"https:\/\/www.prwrestling.com\/nw\/wp-json\/wp\/v2\/posts"}],"about":[{"href":"https:\/\/www.prwrestling.com\/nw\/wp-json\/wp\/v2\/types\/post"}],"author":[{"embeddable":true,"href":"https:\/\/www.prwrestling.com\/nw\/wp-json\/wp\/v2\/users\/1"}],"replies":[{"embeddable":true,"href":"https:\/\/www.prwrestling.com\/nw\/wp-json\/wp\/v2\/comments?post=278374"}],"version-history":[{"count":2,"href":"https:\/\/www.prwrestling.com\/nw\/wp-json\/wp\/v2\/posts\/278374\/revisions"}],"predecessor-version":[{"id":278379,"href":"https:\/\/www.prwrestling.com\/nw\/wp-json\/wp\/v2\/posts\/278374\/revisions\/278379"}],"wp:featuredmedia":[{"embeddable":true,"href":"https:\/\/www.prwrestling.com\/nw\/wp-json\/wp\/v2\/media\/278375"}],"wp:attachment":[{"href":"https:\/\/www.prwrestling.com\/nw\/wp-json\/wp\/v2\/media?parent=278374"}],"wp:term":[{"taxonomy":"category","embeddable":true,"href":"https:\/\/www.prwrestling.com\/nw\/wp-json\/wp\/v2\/categories?post=278374"},{"taxonomy":"post_tag","embeddable":true,"href":"https:\/\/www.prwrestling.com\/nw\/wp-json\/wp\/v2\/tags?post=278374"}],"curies":[{"name":"wp","href":"https:\/\/api.w.org\/{rel}","templated":true}]}}