{"id":278440,"date":"2025-04-18T09:00:15","date_gmt":"2025-04-18T13:00:15","guid":{"rendered":"https:\/\/www.prwrestling.com\/nw\/?p=278440"},"modified":"2025-04-18T09:01:40","modified_gmt":"2025-04-18T13:01:40","slug":"cm-punk-cree-que-no-deberia-estar-en-el-evento-estelar-de-wrestlemania-41-y-sugiere-otra-gran-lucha-en-su-lugar","status":"publish","type":"post","link":"https:\/\/www.prwrestling.com\/nw\/cm-punk-cree-que-no-deberia-estar-en-el-evento-estelar-de-wrestlemania-41-y-sugiere-otra-gran-lucha-en-su-lugar\/","title":{"rendered":"CM Punk cree que no deber\u00eda estar en el evento estelar de WrestleMania 41 y sugiere otra gran lucha en su lugar"},"content":{"rendered":"<p>Este s\u00e1bado, <a href=\"https:\/\/www.prwrestling.com\/nw\/tag\/cm-punk\/\" target=\"_blank\" rel=\"noopener noreferrer\" data-is-sponsored=\"false\">CM Punk<\/a> finalmente cumple su sue\u00f1o de ser el evento estelar de WrestleMania. El Mejor del Mundo se enfrentar\u00e1 a Roman Reigns y Seth Rollins en un combate de triple amenaza. Sin embargo, recientemente afirm\u00f3 que no deber\u00eda estar en el evento principal.<\/p>\n<p><!--more--><div id=\"ad-slot\" style=\"min-width: 300px; min-height: 250px;\">\r\n<p style=\"text-align: center;\">\r\n<script async src=\"https:\/\/pagead2.googlesyndication.com\/pagead\/js\/adsbygoogle.js\"><\/script>\r\n<!-- 300x250 sc a -->\r\n<ins class=\"adsbygoogle\"\r\n     style=\"display:inline-block;width:300px;height:250px\"\r\n     data-ad-client=\"ca-pub-1244235910658811\"\r\n     data-ad-slot=\"8592682546\"><\/ins>\r\n<script>\r\n     (adsbygoogle = window.adsbygoogle || []).push({});\r\n<\/script><\/center>\r\n<\/p><\/div><\/p>\n<p>CM Punk hizo una aparici\u00f3n reciente en <a href=\"https:\/\/open.spotify.com\/episode\/25eDzyBbzvsTRMNOizAPx0?go=1&amp;sp_cid=acd17872557c39becf28c52a499f4717&amp;utm_source=embed_player_p&amp;utm_medium=desktop&amp;nd=1&amp;dlsi=c1a557b61ec94cef\" target=\"_blank\" rel=\"noopener\"><em>The Ringer Wrestling Show<\/em><\/a>. All\u00ed, le preguntaron sobre el evento principal y la posibilidad de participar en el combate con el que ha so\u00f1ado durante a\u00f1os. Sin embargo, su respuesta fue algo inesperada.<\/p>\n<p>Reconociendo que sus palabras se volver\u00edan virales, El Santo de la Segunda Ciudad revel\u00f3 su creencia de que no deber\u00eda estar en el evento principal. Afirm\u00f3 que, si estuviera en el lugar de Triple H, habr\u00eda programado otro combate espectacular para cerrar <a href=\"https:\/\/www.prwrestling.com\/nw\/tag\/wwe-wrestlemania\" target=\"_blank\" rel=\"noopener noreferrer\" data-is-sponsored=\"false\">WrestleMania<\/a>.<\/p>\n<div id=\"ad-slot\" style=\"min-width: 300px; min-height: 250px;\"><p style=\"text-align: center;\">\r\n<script async src=\"https:\/\/pagead2.googlesyndication.com\/pagead\/js\/adsbygoogle.js\"><\/script>\r\n<!-- Responsive sc c -->\r\n<ins class=\"adsbygoogle\"\r\n     style=\"display:block\"\r\n     data-ad-client=\"ca-pub-1244235910658811\"\r\n     data-ad-slot=\"4234005358\"\r\n     data-ad-format=\"auto\"\r\n     data-full-width-responsive=\"true\"><\/ins>\r\n<script>\r\n     (adsbygoogle = window.adsbygoogle || []).push({});\r\n<\/script><\/p><\/div>\n<p>Aunque no especific\u00f3 qu\u00e9 noche, afirm\u00f3 que el combate de triple amenaza entre <a href=\"https:\/\/www.prwrestling.com\/nw\/tag\/rhea-ripley\" target=\"_blank\" rel=\"noopener noreferrer\" data-is-sponsored=\"false\">Rhea Ripley<\/a>, Bianca Belair e IYO SKY deber\u00eda haber sido el combate final del evento.<\/p>\n<blockquote><p>&#8220;Si dependiera de m\u00ed, lo creas o no, Rhea, Bianca e IYO ser\u00edan el evento estelar. No digo qu\u00e9 noche, pero puedo decirte que si estuviera en el lugar de Triple H, me inclinar\u00eda hacia eso,&#8221; afirm\u00f3 CM Punk. [05:45 &#8211; 06:08]<\/p><\/blockquote>\n<p>Dado cu\u00e1nto quer\u00eda Punk este combate, es sorprendente escucharlo nombrar otro combate que cree que deber\u00eda haber tomado su lugar.<\/p>\n<h2>CM Punk tendr\u00e1 a Paul Heyman en su esquina en WrestleMania<\/h2>\n<div class=\"video-container\"><iframe title=\"Reproductor de video de YouTube\" src=\"https:\/\/www.youtube.com\/embed\/C93gaIBeoyc\" frameborder=\"0\" allowfullscreen=\"allowfullscreen\" aria-label=\"Video de YouTube\"><span data-mce-type=\"bookmark\" style=\"display: inline-block; width: 0px; overflow: hidden; line-height: 0;\" class=\"mce_SELRES_start\">\ufeff<\/span><\/iframe><\/div>\n<p>Ser el evento estelar de WrestleMania no es el \u00fanico tema de conversaci\u00f3n entorno a CM Punk. Algunos podr\u00edan decir que va al Show de los Shows con una clara ventaja psicol\u00f3gica sobre uno de sus oponentes, Roman Reigns.<\/p>\n<p>\u00bfC\u00f3mo? Bueno, hace unas semanas en SmackDown, se revel\u00f3 que Punk tendr\u00eda al Sabio de Reigns, Paul Heyman, en su esquina. La Voz de los Sin Voz revel\u00f3 que estaba cobrando el favor que Heyman le deb\u00eda, y que ser\u00eda tener al miembro del Sal\u00f3n de la Fama en su esquina en Las Vegas.<\/p>\n<p>Es el cumplimiento de una promesa que Heyman le hizo a Punk hace a\u00f1os, y es un momento de cierre de c\u00edrculo. Sin embargo, tambi\u00e9n ha hecho que este combate sea mucho m\u00e1s personal.<\/p>\n","protected":false},"excerpt":{"rendered":"<p>Este s\u00e1bado, CM Punk finalmente cumple su sue\u00f1o de ser el evento estelar de WrestleMania. El Mejor del Mundo se enfrentar\u00e1 a Roman Reigns y Seth Rollins en un combate de triple amenaza. Sin embargo, recientemente afirm\u00f3 que no deber\u00eda estar en el evento principal.<\/p>\n","protected":false},"author":1,"featured_media":278443,"comment_status":"closed","ping_status":"closed","sticky":false,"template":"","format":"standard","meta":{"footnotes":""},"categories":[5,38],"tags":[31],"class_list":{"0":"post-278440","1":"post","2":"type-post","3":"status-publish","4":"format-standard","5":"has-post-thumbnail","7":"category-noticias","8":"category-noticias-y-rumores-de-la-wwe","9":"tag-cm-punk"},"_links":{"self":[{"href":"https:\/\/www.prwrestling.com\/nw\/wp-json\/wp\/v2\/posts\/278440","targetHints":{"allow":["GET"]}}],"collection":[{"href":"https:\/\/www.prwrestling.com\/nw\/wp-json\/wp\/v2\/posts"}],"about":[{"href":"https:\/\/www.prwrestling.com\/nw\/wp-json\/wp\/v2\/types\/post"}],"author":[{"embeddable":true,"href":"https:\/\/www.prwrestling.com\/nw\/wp-json\/wp\/v2\/users\/1"}],"replies":[{"embeddable":true,"href":"https:\/\/www.prwrestling.com\/nw\/wp-json\/wp\/v2\/comments?post=278440"}],"version-history":[{"count":2,"href":"https:\/\/www.prwrestling.com\/nw\/wp-json\/wp\/v2\/posts\/278440\/revisions"}],"predecessor-version":[{"id":278444,"href":"https:\/\/www.prwrestling.com\/nw\/wp-json\/wp\/v2\/posts\/278440\/revisions\/278444"}],"wp:featuredmedia":[{"embeddable":true,"href":"https:\/\/www.prwrestling.com\/nw\/wp-json\/wp\/v2\/media\/278443"}],"wp:attachment":[{"href":"https:\/\/www.prwrestling.com\/nw\/wp-json\/wp\/v2\/media?parent=278440"}],"wp:term":[{"taxonomy":"category","embeddable":true,"href":"https:\/\/www.prwrestling.com\/nw\/wp-json\/wp\/v2\/categories?post=278440"},{"taxonomy":"post_tag","embeddable":true,"href":"https:\/\/www.prwrestling.com\/nw\/wp-json\/wp\/v2\/tags?post=278440"}],"curies":[{"name":"wp","href":"https:\/\/api.w.org\/{rel}","templated":true}]}}