{"id":279020,"date":"2025-05-02T18:49:54","date_gmt":"2025-05-02T22:49:54","guid":{"rendered":"https:\/\/www.prwrestling.com\/nw\/?p=279020"},"modified":"2025-05-02T18:49:54","modified_gmt":"2025-05-02T22:49:54","slug":"no-lo-entiendo-miembro-del-salon-de-la-fama-de-la-wwe-confundido-por-la-repentina-derrota-titular-de-chelsea-green-en-smackdown","status":"publish","type":"post","link":"https:\/\/www.prwrestling.com\/nw\/no-lo-entiendo-miembro-del-salon-de-la-fama-de-la-wwe-confundido-por-la-repentina-derrota-titular-de-chelsea-green-en-smackdown\/","title":{"rendered":"&#8220;No lo entiendo&#8221;, miembro del Sal\u00f3n de la Fama de la WWE confundido por la repentina derrota titular de Chelsea Green en SmackDown"},"content":{"rendered":"<p>Chelsea Green sorprendi\u00f3 a los fan\u00e1ticos al perder repentinamente su Campeonato Femenino de Estados Unidos de WWE ante Zelina Vega la semana pasada en SmackDown. El miembro del Sal\u00f3n de la Fama, Teddy Long, coment\u00f3 recientemente sobre la situaci\u00f3n, compartiendo sus pensamientos sobre las posibles razones del cambio de t\u00edtulo.<\/p>\n<p><!--more--><div id=\"ad-slot\" style=\"min-width: 300px; min-height: 250px;\">\r\n<p style=\"text-align: center;\">\r\n<!-- Site name: prwrestling.com\r\nZone name: prwrestling.com_banner_300x250\r\nZone id: 2109741734\r\nType: banner\r\nFormat: 300x250\r\n --> \r\n\r\n<!-- Copy and paste this code on the page. -->\r\n<div id='zone_2109741734' ><\/div>\r\n<script>\r\n    (function(w,d,o,g,r,a,m){\r\n        var cid='zone_2109741734';\r\n        w[r]=w[r]||function(){(w[r+'l']=w[r+'l']||[]).push(arguments)};\r\n        function e(b,w,r){if((w[r+'h']=b.pop())&&!w.ABN){\r\n            var a=d.createElement(o),p=d.getElementsByTagName(o)[0];a.async=1;\r\n            a.src='https:\/\/cdn.'+w[r+'h']+'\/libs\/e.js';a.onerror=function(){e(g,w,r)};\r\n            p.parentNode.insertBefore(a,p)}}e(g,w,r);\r\n        w[r](cid,{id:2109741734,domain:w[r+'h']});\r\n    })(window,document,'script',['traffmovie.com'],'ABNS');\r\n<\/script>\r\n\r\n<!--\r\nWhen setting the zone code, make sure:\r\n  - you have provided all domains from which the area code will be called\r\n  - the site does not limit the loading in the Content Security Policy\r\n  - the area code is installed in the ad space inside the page\r\n  - site layout allows you to display the banner on mobile devices in full size\r\nUse data-cp1={customParam1} data-cp2={customParam2}... attributes for sending custom params\r\n-->\r\n<\/p><\/div><\/p>\n<p>Chelsea hab\u00eda expresado recientemente algunas quejas sobre que su t\u00edtulo no fue defendido en WrestleMania 41, lo que ha llevado a algunos a creer que la p\u00e9rdida del t\u00edtulo <a href=\"https:\/\/www.prwrestling.com\/nw\/triple-h-retirara-discretamente-a-una-estrella-de-la-wwe-de-la-television-por-expresar-publicamente-su-frustracion-con-la-creatividad-se-explora-la-posibilidad\/\">podr\u00eda ser una forma de castigarla<\/a>. Cualquiera que sea la raz\u00f3n, el cambio de manos del cintur\u00f3n de campeonato tom\u00f3 a muchos por sorpresa.<\/p>\n<p>Hablando en <em>The Wrestling Time Machine<\/em>,\u00a0 <a href=\"https:\/\/www.prwrestling.com\/nw\/player\/bill-apter\" target=\"_blank\" rel=\"noopener noreferrer\" data-is-sponsored=\"false\">Bill Apter<\/a> expres\u00f3 su asombro por la decisi\u00f3n de la programaci\u00f3n y afirm\u00f3:<\/p>\n<div id=\"ad-slot\" style=\"min-width: 300px; min-height: 250px;\"><p style=\"text-align: center;\">\r\n<script async src=\"https:\/\/pagead2.googlesyndication.com\/pagead\/js\/adsbygoogle.js\"><\/script>\r\n<!-- Responsive sc c -->\r\n<ins class=\"adsbygoogle\"\r\n     style=\"display:block\"\r\n     data-ad-client=\"ca-pub-1244235910658811\"\r\n     data-ad-slot=\"4234005358\"\r\n     data-ad-format=\"auto\"\r\n     data-full-width-responsive=\"true\"><\/ins>\r\n<script>\r\n     (adsbygoogle = window.adsbygoogle || []).push({});\r\n<\/script><\/p><\/div>\n<blockquote><p>&#8220;Sali\u00f3 de la nada. Fue genial. Me encanta, lo estaba viendo, como oh, otro combate entre las dos chicas, y como qui\u00e9n iba a pensar. Necesitamos m\u00e1s de eso.&#8221; [4:47 en adelante]<\/p><\/blockquote>\n<p>Cuando se le pregunt\u00f3 si las quejas de Chelsea podr\u00edan ser la raz\u00f3n del cambio de t\u00edtulo, el miembro del Sal\u00f3n de la Fama de WWE, Teddy Long, declar\u00f3:<\/p>\n<blockquote><p>&#8220;Ella tiene que entender, y esto es, ella no es due\u00f1a de ese cintur\u00f3n. Realmente no ganaste ah\u00ed. Esto es World Wrestling Entertainment. Entonces, si alguien viene a ti y te pide que hagas un trabajo o que te dejes vencer, lo dejas. \u00bfCu\u00e1l es el problema? No lo entiendo.&#8221; [5:29 en adelante]<\/p><\/blockquote>\n<p>Mira el video completo a continuaci\u00f3n:<\/p>\n<div class=\"video-container\"><iframe title=\"Reproductor de video de YouTube\" src=\"https:\/\/www.youtube.com\/embed\/BkANVKb3uRM\" frameborder=\"0\" allowfullscreen=\"allowfullscreen\" aria-label=\"Video de YouTube\"><\/iframe><\/div>\n<h2>Chelsea Green comparti\u00f3 recientemente un mensaje emotivo para sus fan\u00e1ticos de WWE<\/h2>\n<p><a href=\"https:\/\/www.prwrestling.com\/nw\/tag\/chelsea-green\">Chelsea Green<\/a> parece haber tomado un descanso de WWE, que podr\u00eda resultar permanente. Recientemente comparti\u00f3 un tuit describiendo sus sentimientos sobre su reinado con el t\u00edtulo.<\/p>\n<p>En las redes sociales, Chelsea habl\u00f3 sobre lo que aport\u00f3 y afirm\u00f3:<\/p>\n<blockquote><p>&#8220;No dejes que se olvide, que una vez hubo un lugar, por un breve momento brillante que fue conocido como Chelsea. Habr\u00e1 grandes campeones nuevamente. Nunca habr\u00e1 otra Chelsea nuevamente.&#8221;<\/p><\/blockquote>\n<p>Queda por verse si Chelsea regresar\u00e1 pronto al ruedo en las pr\u00f3ximas semanas.<\/p>\n","protected":false},"excerpt":{"rendered":"<p>Chelsea Green sorprendi\u00f3 a los fan\u00e1ticos al perder repentinamente su Campeonato Femenino de Estados Unidos de WWE ante Zelina Vega la semana pasada en SmackDown. El miembro del Sal\u00f3n de la Fama, Teddy Long, coment\u00f3 recientemente sobre la situaci\u00f3n, compartiendo sus pensamientos sobre las posibles razones del cambio de t\u00edtulo.<\/p>\n","protected":false},"author":1,"featured_media":279021,"comment_status":"closed","ping_status":"closed","sticky":false,"template":"","format":"standard","meta":{"footnotes":""},"categories":[5,38],"tags":[],"class_list":["post-279020","post","type-post","status-publish","format-standard","has-post-thumbnail","category-noticias","category-noticias-y-rumores-de-la-wwe"],"_links":{"self":[{"href":"https:\/\/www.prwrestling.com\/nw\/wp-json\/wp\/v2\/posts\/279020","targetHints":{"allow":["GET"]}}],"collection":[{"href":"https:\/\/www.prwrestling.com\/nw\/wp-json\/wp\/v2\/posts"}],"about":[{"href":"https:\/\/www.prwrestling.com\/nw\/wp-json\/wp\/v2\/types\/post"}],"author":[{"embeddable":true,"href":"https:\/\/www.prwrestling.com\/nw\/wp-json\/wp\/v2\/users\/1"}],"replies":[{"embeddable":true,"href":"https:\/\/www.prwrestling.com\/nw\/wp-json\/wp\/v2\/comments?post=279020"}],"version-history":[{"count":1,"href":"https:\/\/www.prwrestling.com\/nw\/wp-json\/wp\/v2\/posts\/279020\/revisions"}],"predecessor-version":[{"id":279022,"href":"https:\/\/www.prwrestling.com\/nw\/wp-json\/wp\/v2\/posts\/279020\/revisions\/279022"}],"wp:featuredmedia":[{"embeddable":true,"href":"https:\/\/www.prwrestling.com\/nw\/wp-json\/wp\/v2\/media\/279021"}],"wp:attachment":[{"href":"https:\/\/www.prwrestling.com\/nw\/wp-json\/wp\/v2\/media?parent=279020"}],"wp:term":[{"taxonomy":"category","embeddable":true,"href":"https:\/\/www.prwrestling.com\/nw\/wp-json\/wp\/v2\/categories?post=279020"},{"taxonomy":"post_tag","embeddable":true,"href":"https:\/\/www.prwrestling.com\/nw\/wp-json\/wp\/v2\/tags?post=279020"}],"curies":[{"name":"wp","href":"https:\/\/api.w.org\/{rel}","templated":true}]}}