{"id":279257,"date":"2025-05-08T13:31:04","date_gmt":"2025-05-08T17:31:04","guid":{"rendered":"https:\/\/www.prwrestling.com\/nw\/?p=279257"},"modified":"2025-05-08T13:31:04","modified_gmt":"2025-05-08T17:31:04","slug":"veterano-de-la-wwe-predice-un-final-inusual-para-esperado-encuentro-de-backlash-gunther-no-lo-cubrira","status":"publish","type":"post","link":"https:\/\/www.prwrestling.com\/nw\/veterano-de-la-wwe-predice-un-final-inusual-para-esperado-encuentro-de-backlash-gunther-no-lo-cubrira\/","title":{"rendered":"Veterano de la WWE predice un final inusual para esperado encuentro de Backlash: &#8220;Gunther no lo cubrir\u00e1&#8221;"},"content":{"rendered":"<p>El exmanager de WWE Dutch Mantell habl\u00f3 recientemente sobre el combate de <a href=\"https:\/\/www.prwrestling.com\/nw\/tag\/gunther\" target=\"_blank\" rel=\"noopener noreferrer\" data-is-sponsored=\"false\">Gunther<\/a> contra Pat McAfee. Las dos estrellas se enfrentar\u00e1n uno contra uno en Backlash.<\/p>\n<p><!--more--><div id=\"ad-slot\" style=\"min-width: 300px; min-height: 250px;\">\r\n<p style=\"text-align: center;\">\r\n<!-- Site name: prwrestling.com\r\nZone name: prwrestling.com_banner_300x250\r\nZone id: 2109741734\r\nType: banner\r\nFormat: 300x250\r\n --> \r\n\r\n<!-- Copy and paste this code on the page. -->\r\n<div id='zone_2109741734' ><\/div>\r\n<script>\r\n    (function(w,d,o,g,r,a,m){\r\n        var cid='zone_2109741734';\r\n        w[r]=w[r]||function(){(w[r+'l']=w[r+'l']||[]).push(arguments)};\r\n        function e(b,w,r){if((w[r+'h']=b.pop())&&!w.ABN){\r\n            var a=d.createElement(o),p=d.getElementsByTagName(o)[0];a.async=1;\r\n            a.src='https:\/\/cdn.'+w[r+'h']+'\/libs\/e.js';a.onerror=function(){e(g,w,r)};\r\n            p.parentNode.insertBefore(a,p)}}e(g,w,r);\r\n        w[r](cid,{id:2109741734,domain:w[r+'h']});\r\n    })(window,document,'script',['traffmovie.com'],'ABNS');\r\n<\/script>\r\n\r\n<!--\r\nWhen setting the zone code, make sure:\r\n  - you have provided all domains from which the area code will be called\r\n  - the site does not limit the loading in the Content Security Policy\r\n  - the area code is installed in the ad space inside the page\r\n  - site layout allows you to display the banner on mobile devices in full size\r\nUse data-cp1={customParam1} data-cp2={customParam2}... attributes for sending custom params\r\n-->\r\n<\/p><\/div><\/p>\n<p>Gunther se descontrol\u00f3 en RAW despu\u00e9s de WrestleMania 41, atacando a Michael Cole. McAfee intervino y fue r\u00e1pidamente dominado y puesto a dormir por The Ring General. M\u00e1s tarde, el gerente general de RAW, Adam Pearce, intervino y suspendi\u00f3 a la estrella. Sin embargo, Pat McAfee quiso vengarse y desafi\u00f3 al austriaco a un combate en Backlash.<\/p>\n<p>En el episodio m\u00e1s reciente de <em>The Wrestling Time Machine<\/em>, Mantell dijo que WWE podr\u00eda hacer un segmento donde McAfee se lesione durante el combate, con The Ring General aprovechando la oportunidad. Sinti\u00f3 que Gunther era el favorito abrumador para ganar este combate.<\/p>\n<div id=\"ad-slot\" style=\"min-width: 300px; min-height: 250px;\"><p style=\"text-align: center;\">\r\n<script async src=\"https:\/\/pagead2.googlesyndication.com\/pagead\/js\/adsbygoogle.js\"><\/script>\r\n<!-- Responsive sc c -->\r\n<ins class=\"adsbygoogle\"\r\n     style=\"display:block\"\r\n     data-ad-client=\"ca-pub-1244235910658811\"\r\n     data-ad-slot=\"4234005358\"\r\n     data-ad-format=\"auto\"\r\n     data-full-width-responsive=\"true\"><\/ins>\r\n<script>\r\n     (adsbygoogle = window.adsbygoogle || []).push({});\r\n<\/script><\/p><\/div>\n<blockquote><p>&#8220;Creo que el final es que McAfee se lesiona la pierna, y Gunther no lo cubre. Sigue castig\u00e1ndolo y castig\u00e1ndolo. Mantiene su imagen de tipo duro, pero creo que Gunther simplemente lo abruma. Realmente lo creo,&#8221; dijo. [Desde 3:07 en adelante]<\/p><\/blockquote>\n<div class=\"video-container\"><iframe title=\"Reproductor de video de YouTube\" src=\"https:\/\/www.youtube.com\/embed\/aOvRl158cPo\" frameborder=\"0\" allowfullscreen=\"allowfullscreen\" aria-label=\"Video de YouTube\"><\/iframe><\/div>\n<p>Este encuentro ser\u00e1 el primer combate individual de McAfee desde WWE WrestleMania 39. Ser\u00e1 interesante ver si puede enfrentarse al ex Campe\u00f3n Mundial de Peso Pesado en un combate individual.<\/p>\n","protected":false},"excerpt":{"rendered":"<p>El exmanager de WWE Dutch Mantell habl\u00f3 recientemente sobre el combate de Gunther contra Pat McAfee. Las dos estrellas se enfrentar\u00e1n uno contra uno en Backlash.<\/p>\n","protected":false},"author":1,"featured_media":279258,"comment_status":"closed","ping_status":"closed","sticky":false,"template":"","format":"standard","meta":{"footnotes":""},"categories":[5,38],"tags":[],"class_list":["post-279257","post","type-post","status-publish","format-standard","has-post-thumbnail","category-noticias","category-noticias-y-rumores-de-la-wwe"],"_links":{"self":[{"href":"https:\/\/www.prwrestling.com\/nw\/wp-json\/wp\/v2\/posts\/279257","targetHints":{"allow":["GET"]}}],"collection":[{"href":"https:\/\/www.prwrestling.com\/nw\/wp-json\/wp\/v2\/posts"}],"about":[{"href":"https:\/\/www.prwrestling.com\/nw\/wp-json\/wp\/v2\/types\/post"}],"author":[{"embeddable":true,"href":"https:\/\/www.prwrestling.com\/nw\/wp-json\/wp\/v2\/users\/1"}],"replies":[{"embeddable":true,"href":"https:\/\/www.prwrestling.com\/nw\/wp-json\/wp\/v2\/comments?post=279257"}],"version-history":[{"count":1,"href":"https:\/\/www.prwrestling.com\/nw\/wp-json\/wp\/v2\/posts\/279257\/revisions"}],"predecessor-version":[{"id":279259,"href":"https:\/\/www.prwrestling.com\/nw\/wp-json\/wp\/v2\/posts\/279257\/revisions\/279259"}],"wp:featuredmedia":[{"embeddable":true,"href":"https:\/\/www.prwrestling.com\/nw\/wp-json\/wp\/v2\/media\/279258"}],"wp:attachment":[{"href":"https:\/\/www.prwrestling.com\/nw\/wp-json\/wp\/v2\/media?parent=279257"}],"wp:term":[{"taxonomy":"category","embeddable":true,"href":"https:\/\/www.prwrestling.com\/nw\/wp-json\/wp\/v2\/categories?post=279257"},{"taxonomy":"post_tag","embeddable":true,"href":"https:\/\/www.prwrestling.com\/nw\/wp-json\/wp\/v2\/tags?post=279257"}],"curies":[{"name":"wp","href":"https:\/\/api.w.org\/{rel}","templated":true}]}}