{"id":279382,"date":"2025-05-12T19:05:59","date_gmt":"2025-05-12T23:05:59","guid":{"rendered":"https:\/\/www.prwrestling.com\/nw\/?p=279382"},"modified":"2025-05-12T19:05:59","modified_gmt":"2025-05-12T23:05:59","slug":"me-dispararon-en-la-cara-sabu-casi-muere-antes-de-que-comenzara-su-carrera-como-luchador","status":"publish","type":"post","link":"https:\/\/www.prwrestling.com\/nw\/me-dispararon-en-la-cara-sabu-casi-muere-antes-de-que-comenzara-su-carrera-como-luchador\/","title":{"rendered":"&#8220;Me dispararon en la cara&#8221; Sabu casi muere antes de que comenzara su carrera como luchador"},"content":{"rendered":"<p>El 11 de mayo de 2025, el mundo de la lucha libre qued\u00f3 devastado al enterarse de que la leyenda de ECW, Sabu, falleci\u00f3 a los 60 a\u00f1os. Sabu luch\u00f3 desde la d\u00e9cada de 1980 hasta solo tres semanas antes de su muerte, trabajando en promociones como ECW, WWE, WCW, TNA y AEW. Tuvo una carrera legendaria como uno de los grandes del estilo hardcore, pero su tiempo en el ring casi no ocurre, ya que cuando ten\u00eda solo 19 a\u00f1os, Sabu (nombre real Terrance Brunk) fue baleado y estuvo a punto de morir.<\/p>\n<p><!--more--><div id=\"ad-slot\" style=\"min-width: 300px; min-height: 250px;\">\r\n<p style=\"text-align: center;\">\r\n<!-- Site name: prwrestling.com\r\nZone name: prwrestling.com_banner_300x250\r\nZone id: 2109741734\r\nType: banner\r\nFormat: 300x250\r\n --> \r\n\r\n<!-- Copy and paste this code on the page. -->\r\n<div id='zone_2109741734' ><\/div>\r\n<script>\r\n    (function(w,d,o,g,r,a,m){\r\n        var cid='zone_2109741734';\r\n        w[r]=w[r]||function(){(w[r+'l']=w[r+'l']||[]).push(arguments)};\r\n        function e(b,w,r){if((w[r+'h']=b.pop())&&!w.ABN){\r\n            var a=d.createElement(o),p=d.getElementsByTagName(o)[0];a.async=1;\r\n            a.src='https:\/\/cdn.'+w[r+'h']+'\/libs\/e.js';a.onerror=function(){e(g,w,r)};\r\n            p.parentNode.insertBefore(a,p)}}e(g,w,r);\r\n        w[r](cid,{id:2109741734,domain:w[r+'h']});\r\n    })(window,document,'script',['traffmovie.com'],'ABNS');\r\n<\/script>\r\n\r\n<!--\r\nWhen setting the zone code, make sure:\r\n  - you have provided all domains from which the area code will be called\r\n  - the site does not limit the loading in the Content Security Policy\r\n  - the area code is installed in the ad space inside the page\r\n  - site layout allows you to display the banner on mobile devices in full size\r\nUse data-cp1={customParam1} data-cp2={customParam2}... attributes for sending custom params\r\n-->\r\n<\/p><\/div><\/p>\n<h2>Sabu fue baleado cuando era adolescente<\/h2>\n<p>El a\u00f1o pasado, Sabu fue invitado en <a href=\"https:\/\/open.spotify.com\/episode\/3VAuRAIVvUAEjL6W7RF6Vx?si=1297abf749cf4230&amp;nd=1&amp;dlsi=1e5cb49b8d0f4e5d\" target=\"_blank\" rel=\"noopener noreferrer\">Stories with Brisco and Bradshaw<\/a>, donde habl\u00f3 sobre el momento en que casi muri\u00f3 a los 19 a\u00f1os, cont\u00e1ndoles a los anfitriones que fue baleado durante una fiesta en una casa.<\/p>\n<blockquote><p>&#8220;Cuando ten\u00eda 19 a\u00f1os, me dispararon. Al crecer, quer\u00eda ser luchador, pero de repente me dispararon. Me dispararon en la cara, en los dientes&#8230; Vi a este tipo acercarse con dos pistolas. \u00a1Boom, boom, boom! Dispara a mi amigo en el est\u00f3mago, \u00a1boom, boom, boom!, y sali\u00f3 corriendo. Corr\u00ed detr\u00e1s de \u00e9l, lo levant\u00e9 y lo tir\u00e9 al suelo. Luego me puse encima de \u00e9l, y \u00e9l empuj\u00f3 la pistola contra mi cara y me dispar\u00f3.&#8221;<\/p><\/blockquote>\n<p>El agresor de Sabu solo recibi\u00f3 nueve meses de prisi\u00f3n porque, seg\u00fan cuenta Sabu, fue su culpa por recibir el disparo al tomar la justicia en sus propias manos.<\/p>\n<div id=\"ad-slot\" style=\"min-width: 300px; min-height: 250px;\"><p style=\"text-align: center;\">\r\n<script async src=\"https:\/\/pagead2.googlesyndication.com\/pagead\/js\/adsbygoogle.js\"><\/script>\r\n<!-- Responsive sc c -->\r\n<ins class=\"adsbygoogle\"\r\n     style=\"display:block\"\r\n     data-ad-client=\"ca-pub-1244235910658811\"\r\n     data-ad-slot=\"4234005358\"\r\n     data-ad-format=\"auto\"\r\n     data-full-width-responsive=\"true\"><\/ins>\r\n<script>\r\n     (adsbygoogle = window.adsbygoogle || []).push({});\r\n<\/script><\/p><\/div>\n<h2>Sabu desafi\u00f3 a la muerte durante su carrera en la lucha libre<\/h2>\n<div class=\"video-container\"><iframe title=\"Reproductor de video de YouTube\" src=\"https:\/\/www.youtube.com\/embed\/BuET6LQDNvM\" frameborder=\"0\" allowfullscreen=\"allowfullscreen\" aria-label=\"Video de YouTube\"><\/iframe><\/div>\n<p>Sabu ten\u00eda un famoso t\u00edo luchador, The Original Sheik, y como explic\u00f3 en el podcast:<\/p>\n<blockquote><p>&#8220;Tan pronto como sal\u00ed del hospital, dije: &#8216;Ahora voy a ser luchador&#8217;.&#8221;<\/p><\/blockquote>\n<p>Sabu tuvo una carrera legendaria, ganando m\u00faltiples t\u00edtulos en ECW, compitiendo brevemente en WWE y WCW, y participando en la remezcla de ECW por parte de WWE, lo que llev\u00f3 a un combate de PPV contra <a href=\"https:\/\/www.prwrestling.com\/nw\/tag\/john-cena\" target=\"_blank\" rel=\"noopener\">John Cena<\/a>. En el camino, fue uno de los innovadores de la lucha hardcore, especialmente con su uso de spots con mesas. Sabu desafi\u00f3 a la muerte muchas veces durante su carrera, como en su infame combate contra Terry Funk, pero es un milagro que su ic\u00f3nica trayectoria haya sucedido en absoluto.<\/p>\n","protected":false},"excerpt":{"rendered":"<p>El 11 de mayo de 2025, el mundo de la lucha libre qued\u00f3 devastado al enterarse de que la leyenda de ECW, Sabu, falleci\u00f3 a los 60 a\u00f1os. Sabu luch\u00f3 desde la d\u00e9cada de 1980 hasta solo tres semanas antes de su muerte, trabajando en promociones como ECW, WWE, WCW, TNA y AEW. Tuvo una<\/p>\n","protected":false},"author":1,"featured_media":279383,"comment_status":"closed","ping_status":"closed","sticky":false,"template":"","format":"standard","meta":{"footnotes":""},"categories":[5,38],"tags":[7640],"class_list":["post-279382","post","type-post","status-publish","format-standard","has-post-thumbnail","category-noticias","category-noticias-y-rumores-de-la-wwe","tag-sabu"],"_links":{"self":[{"href":"https:\/\/www.prwrestling.com\/nw\/wp-json\/wp\/v2\/posts\/279382","targetHints":{"allow":["GET"]}}],"collection":[{"href":"https:\/\/www.prwrestling.com\/nw\/wp-json\/wp\/v2\/posts"}],"about":[{"href":"https:\/\/www.prwrestling.com\/nw\/wp-json\/wp\/v2\/types\/post"}],"author":[{"embeddable":true,"href":"https:\/\/www.prwrestling.com\/nw\/wp-json\/wp\/v2\/users\/1"}],"replies":[{"embeddable":true,"href":"https:\/\/www.prwrestling.com\/nw\/wp-json\/wp\/v2\/comments?post=279382"}],"version-history":[{"count":1,"href":"https:\/\/www.prwrestling.com\/nw\/wp-json\/wp\/v2\/posts\/279382\/revisions"}],"predecessor-version":[{"id":279384,"href":"https:\/\/www.prwrestling.com\/nw\/wp-json\/wp\/v2\/posts\/279382\/revisions\/279384"}],"wp:featuredmedia":[{"embeddable":true,"href":"https:\/\/www.prwrestling.com\/nw\/wp-json\/wp\/v2\/media\/279383"}],"wp:attachment":[{"href":"https:\/\/www.prwrestling.com\/nw\/wp-json\/wp\/v2\/media?parent=279382"}],"wp:term":[{"taxonomy":"category","embeddable":true,"href":"https:\/\/www.prwrestling.com\/nw\/wp-json\/wp\/v2\/categories?post=279382"},{"taxonomy":"post_tag","embeddable":true,"href":"https:\/\/www.prwrestling.com\/nw\/wp-json\/wp\/v2\/tags?post=279382"}],"curies":[{"name":"wp","href":"https:\/\/api.w.org\/{rel}","templated":true}]}}