{"id":280516,"date":"2025-06-21T21:16:06","date_gmt":"2025-06-22T01:16:06","guid":{"rendered":"https:\/\/www.prwrestling.com\/nw\/?p=280516"},"modified":"2025-06-21T21:16:06","modified_gmt":"2025-06-22T01:16:06","slug":"roman-reigns-deberia-regresar-como-manager-de-estrella-de-wwe-opina-leyenda","status":"publish","type":"post","link":"https:\/\/www.prwrestling.com\/nw\/roman-reigns-deberia-regresar-como-manager-de-estrella-de-wwe-opina-leyenda\/","title":{"rendered":"Roman Reigns deber\u00eda regresar como manager de estrella de WWE, opina leyenda"},"content":{"rendered":"<p>Roman Reigns no ha competido en un combate de WWE desde que enfrent\u00f3 a CM Punk y Seth Rollins en WrestleMania 41 el 19 de abril. Seg\u00fan el legendario periodista de lucha libre Bill Apter, The Tribal Chief deber\u00eda desempe\u00f1ar un rol diferente cuando regrese.<\/p>\n<p><!--more--><div id=\"ad-slot\" style=\"min-width: 300px; min-height: 250px;\">\r\n<p style=\"text-align: center;\">\r\n<!-- Site name: prwrestling.com\r\nZone name: prwrestling.com_banner_300x250\r\nZone id: 2109741734\r\nType: banner\r\nFormat: 300x250\r\n --> \r\n\r\n<!-- Copy and paste this code on the page. -->\r\n<div id='zone_2109741734' ><\/div>\r\n<script>\r\n    (function(w,d,o,g,r,a,m){\r\n        var cid='zone_2109741734';\r\n        w[r]=w[r]||function(){(w[r+'l']=w[r+'l']||[]).push(arguments)};\r\n        function e(b,w,r){if((w[r+'h']=b.pop())&&!w.ABN){\r\n            var a=d.createElement(o),p=d.getElementsByTagName(o)[0];a.async=1;\r\n            a.src='https:\/\/cdn.'+w[r+'h']+'\/libs\/e.js';a.onerror=function(){e(g,w,r)};\r\n            p.parentNode.insertBefore(a,p)}}e(g,w,r);\r\n        w[r](cid,{id:2109741734,domain:w[r+'h']});\r\n    })(window,document,'script',['traffmovie.com'],'ABNS');\r\n<\/script>\r\n\r\n<!--\r\nWhen setting the zone code, make sure:\r\n  - you have provided all domains from which the area code will be called\r\n  - the site does not limit the loading in the Content Security Policy\r\n  - the area code is installed in the ad space inside the page\r\n  - site layout allows you to display the banner on mobile devices in full size\r\nUse data-cp1={customParam1} data-cp2={customParam2}... attributes for sending custom params\r\n-->\r\n<\/p><\/div><\/p>\n<p>En 2024, Jacob Fatu emergi\u00f3 como una de las estrellas destacadas de The Bloodline. The Samoan Werewolf se enfrent\u00f3 a Reigns en tres combates por equipos hacia finales del a\u00f1o. Tambi\u00e9n se cruzaron en el Royal Rumble masculino de 2025.<\/p>\n<p>Apter habl\u00f3 con la leyenda de la lucha libre Dutch Mantell, el presentador Mac Davis y el miembro del Sal\u00f3n de la Fama de WWE Teddy Long en <em>The Wrestling Time Machine<\/em> de Sportskeeda. Al discutir la direcci\u00f3n de la historia de Fatu, dijo que Reigns deber\u00eda representar al Campe\u00f3n de los Estados Unidos como m\u00e1nager y compa\u00f1ero de equipo.<\/p>\n<div id=\"ad-slot\" style=\"min-width: 300px; min-height: 250px;\"><p style=\"text-align: center;\">\r\n<script async src=\"https:\/\/pagead2.googlesyndication.com\/pagead\/js\/adsbygoogle.js\"><\/script>\r\n<!-- Responsive sc c -->\r\n<ins class=\"adsbygoogle\"\r\n     style=\"display:block\"\r\n     data-ad-client=\"ca-pub-1244235910658811\"\r\n     data-ad-slot=\"4234005358\"\r\n     data-ad-format=\"auto\"\r\n     data-full-width-responsive=\"true\"><\/ins>\r\n<script>\r\n     (adsbygoogle = window.adsbygoogle || []).push({});\r\n<\/script><\/p><\/div>\n<blockquote><p>&#8220;La \u00fanica persona que podr\u00eda destacar como portavoz para \u00e9l, ya que ya no es Solo [Sikoa], es The OTC,&#8221; afirm\u00f3 Apter. &#8220;Qu\u00e9 tal si traen de vuelta a Roman Reigns para que se al\u00ede, por supuesto, con Jacob Fatu, y \u00e9l haga la mayor parte del hablar en el ring, convirti\u00e9ndose casi en un asesor, m\u00e1nager, compa\u00f1ero de equipo con Jacob Fatu.&#8221; [6:32 \u2013 7:01]<\/p><\/blockquote>\n<div class=\"video-container\"><iframe title=\"Reproductor de video de YouTube\" src=\"https:\/\/www.youtube.com\/embed\/c2q4sEWpVuU\" frameborder=\"0\" allowfullscreen=\"allowfullscreen\" aria-label=\"Video de YouTube\"><\/iframe><\/div>\n<p>Mira el video de arriba para escuchar el resto de las opiniones del panel sobre c\u00f3mo podr\u00eda funcionar una alianza entre Fatu y Reigns.<\/p>\n<h2>Bill Apter explica por qu\u00e9 Jacob Fatu necesita un m\u00e1nager en WWE<\/h2>\n<p>En las \u00faltimas semanas, <a href=\"https:\/\/www.prwrestling.com\/nw\/tag\/jacob-fatu\" target=\"_blank\" rel=\"noopener noreferrer\" data-is-sponsored=\"false\">Jacob Fatu<\/a> ha recibido m\u00e1s tiempo con el micr\u00f3fono desde que se separ\u00f3 de su antiguo compa\u00f1ero de The Bloodline, Solo Sikoa.<\/p>\n<p>Aunque Bill Apter es un gran fan de Fatu, piensa que la popular estrella de WWE suena demasiado similar a su pariente en la vida real, Jey Uso:<\/p>\n<blockquote><p>&#8220;Sonaba igual que Jey Uso cuando los fan\u00e1ticos estaban gritando YEET de fondo. Jacob Fatu es fabuloso en el ring, y es un gran tipo. Lo conozco muy bien, pero necesita lo que habr\u00edamos hecho hace a\u00f1os, especialmente en Memphis, Atlanta o Nueva York, necesita un portavoz. Necesita un m\u00e1nager que entre ah\u00ed y haga el trabajo de entrevistas con \u00e9l.&#8221; [5:50 \u2013 6:21]<\/p><\/blockquote>\n<p>Fatu recibi\u00f3 ayuda de Jimmy Uso en el episodio de SmackDown del 20 de junio tras ser atacado por JC Mateo y Solo Sikoa. El 28 de junio, el Campe\u00f3n de los Estados Unidos defender\u00e1 su t\u00edtulo contra Sikoa en Night of Champions.<\/p>\n","protected":false},"excerpt":{"rendered":"<p>Roman Reigns no ha competido en un combate de WWE desde que enfrent\u00f3 a CM Punk y Seth Rollins en WrestleMania 41 el 19 de abril. Seg\u00fan el legendario periodista de lucha libre Bill Apter, The Tribal Chief deber\u00eda desempe\u00f1ar un rol diferente cuando regrese.<\/p>\n","protected":false},"author":1,"featured_media":247880,"comment_status":"closed","ping_status":"closed","sticky":false,"template":"","format":"standard","meta":{"footnotes":""},"categories":[5,38],"tags":[],"class_list":["post-280516","post","type-post","status-publish","format-standard","has-post-thumbnail","category-noticias","category-noticias-y-rumores-de-la-wwe"],"_links":{"self":[{"href":"https:\/\/www.prwrestling.com\/nw\/wp-json\/wp\/v2\/posts\/280516","targetHints":{"allow":["GET"]}}],"collection":[{"href":"https:\/\/www.prwrestling.com\/nw\/wp-json\/wp\/v2\/posts"}],"about":[{"href":"https:\/\/www.prwrestling.com\/nw\/wp-json\/wp\/v2\/types\/post"}],"author":[{"embeddable":true,"href":"https:\/\/www.prwrestling.com\/nw\/wp-json\/wp\/v2\/users\/1"}],"replies":[{"embeddable":true,"href":"https:\/\/www.prwrestling.com\/nw\/wp-json\/wp\/v2\/comments?post=280516"}],"version-history":[{"count":2,"href":"https:\/\/www.prwrestling.com\/nw\/wp-json\/wp\/v2\/posts\/280516\/revisions"}],"predecessor-version":[{"id":280867,"href":"https:\/\/www.prwrestling.com\/nw\/wp-json\/wp\/v2\/posts\/280516\/revisions\/280867"}],"wp:featuredmedia":[{"embeddable":true,"href":"https:\/\/www.prwrestling.com\/nw\/wp-json\/wp\/v2\/media\/247880"}],"wp:attachment":[{"href":"https:\/\/www.prwrestling.com\/nw\/wp-json\/wp\/v2\/media?parent=280516"}],"wp:term":[{"taxonomy":"category","embeddable":true,"href":"https:\/\/www.prwrestling.com\/nw\/wp-json\/wp\/v2\/categories?post=280516"},{"taxonomy":"post_tag","embeddable":true,"href":"https:\/\/www.prwrestling.com\/nw\/wp-json\/wp\/v2\/tags?post=280516"}],"curies":[{"name":"wp","href":"https:\/\/api.w.org\/{rel}","templated":true}]}}