{"id":280557,"date":"2025-06-22T16:38:04","date_gmt":"2025-06-22T20:38:04","guid":{"rendered":"https:\/\/www.prwrestling.com\/nw\/?p=280557"},"modified":"2025-06-22T16:45:54","modified_gmt":"2025-06-22T20:45:54","slug":"intelecto-5-estrellas-renuncia-al-campeonato-universal-de-wwc","status":"publish","type":"post","link":"https:\/\/www.prwrestling.com\/nw\/intelecto-5-estrellas-renuncia-al-campeonato-universal-de-wwc\/","title":{"rendered":"Intelecto 5 Estrellas renuncia al campeonato Universal de WWC"},"content":{"rendered":"<p>En un giro inesperado, Intelecto 5 Estrellas, el actual Campe\u00f3n Universal de la WWC (World Wrestling Council), anunci\u00f3 su salida de la empresa por motivos personales, dejando vacante el t\u00edtulo que ostentaba.<\/p>\n<p><!--more--><\/p>\n<div id=\"ad-slot\" style=\"min-width: 300px; min-height: 250px;\">\r\n<p style=\"text-align: center;\">\r\n<script async src=\"https:\/\/pagead2.googlesyndication.com\/pagead\/js\/adsbygoogle.js\"><\/script>\r\n<!-- 300x250 sc a -->\r\n<ins class=\"adsbygoogle\"\r\n     style=\"display:inline-block;width:300px;height:250px\"\r\n     data-ad-client=\"ca-pub-1244235910658811\"\r\n     data-ad-slot=\"8592682546\"><\/ins>\r\n<script>\r\n     (adsbygoogle = window.adsbygoogle || []).push({});\r\n<\/script><\/center>\r\n<\/p><\/div>\n<p>El mensaje completo de despedida del ex campe\u00f3n fue transmitido el domingo 22 de junio de 2025 en el programa Las Super Estrellas de la Lucha Libre, a trav\u00e9s de Wapa TV. En donde los fan\u00e1ticos pudieron conocer las razones detr\u00e1s de su decisi\u00f3n, aunque fueron algo vagas.<\/p>\n<p>En su mensaje el luchador dijo que se retiraba &#8220;por motivos personales que no le importan a nadie de ustedes&#8221;, y mencion\u00f3 que ya ha vencido a todos los luchadores que le pusieron en su camino durante su corrida como campe\u00f3n.<\/p>\n<p>Por su parte, el presidente de la WWC, V\u00edctor Jovica, no perdi\u00f3 tiempo y orden\u00f3 un enfrentamiento para coronar al nuevo Campe\u00f3n Universal. Los contendientes ser\u00e1n El Capit\u00e1n Xavant y El Ilegal Chicano, quienes se medir\u00e1n en el evento La Resistencia el s\u00e1bado 28 de junio de 2025 en la Cancha Jos\u00e9 &#8216;Pep\u00edn&#8217; Cestero en Bayam\u00f3n, a las 8:00 p.m.<br \/>\n<iframe loading=\"lazy\" style=\"border: none; overflow: hidden;\" src=\"https:\/\/www.facebook.com\/plugins\/video.php?height=314&amp;href=https%3A%2F%2Fwww.facebook.com%2FWWC1973%2Fvideos%2F694688190098811%2F&amp;show_text=false&amp;width=560&amp;t=0\" width=\"560\" height=\"314\" frameborder=\"0\" scrolling=\"no\" allowfullscreen=\"allowfullscreen\"><\/iframe><\/p>\n<h2>Esta es la segunda vacante titular de Intelecto 5 Estrellas en WWC<\/h2>\n<p>El pasado mes de abril, el Consejo Mundial de Lucha (WWC) celebr\u00f3 cartelera en Moca en donde <a href=\"https:\/\/www.prwrestling.com\/nw\/ray-gonzalez-se-corona-campeon-universal-por-vez-numero-24-en-cartel-wwc-en-moca\/\">Ray Gonzalez se coron\u00f3<\/a> una vez m\u00e1s en su carrera como campe\u00f3n Universal de una forma inusual.<span id=\"more-278791\"><\/span><\/p>\n<p>Gonzalez estaba pautado a medirse a Intelecto 5 Estrellas en el show, pero este no se present\u00f3. Gilbert, quien m\u00e1s temprano en la noche fue nombrado como el nuevo gerente general por Victor Jovica, decret\u00f3 que debido a la ausencia, Gonzalez ahora es el nuevo monarca Universal.<\/p>\n<p>Sin embargo, la decisi\u00f3n fue cambiada la semana despu\u00e9s tras quedar nula la decisi\u00f3n de Gilbert y esto caus\u00f3 que Intelecto &#8220;recuperara&#8221; su campeonato.<\/p>\n<p>&nbsp;<\/p>\n","protected":false},"excerpt":{"rendered":"<p>En un giro inesperado, Intelecto 5 Estrellas, el actual Campe\u00f3n Universal de la WWC (World Wrestling Council), anunci\u00f3 su salida de la empresa por motivos personales, dejando vacante el t\u00edtulo que ostentaba.<\/p>\n","protected":false},"author":1,"featured_media":274366,"comment_status":"closed","ping_status":"closed","sticky":false,"template":"","format":"standard","meta":{"footnotes":""},"categories":[7409,5],"tags":[34],"class_list":{"0":"post-280557","1":"post","2":"type-post","3":"status-publish","4":"format-standard","5":"has-post-thumbnail","7":"category-lucha-libre-de-puerto-rico","8":"category-noticias","9":"tag-wwc"},"_links":{"self":[{"href":"https:\/\/www.prwrestling.com\/nw\/wp-json\/wp\/v2\/posts\/280557","targetHints":{"allow":["GET"]}}],"collection":[{"href":"https:\/\/www.prwrestling.com\/nw\/wp-json\/wp\/v2\/posts"}],"about":[{"href":"https:\/\/www.prwrestling.com\/nw\/wp-json\/wp\/v2\/types\/post"}],"author":[{"embeddable":true,"href":"https:\/\/www.prwrestling.com\/nw\/wp-json\/wp\/v2\/users\/1"}],"replies":[{"embeddable":true,"href":"https:\/\/www.prwrestling.com\/nw\/wp-json\/wp\/v2\/comments?post=280557"}],"version-history":[{"count":4,"href":"https:\/\/www.prwrestling.com\/nw\/wp-json\/wp\/v2\/posts\/280557\/revisions"}],"predecessor-version":[{"id":280574,"href":"https:\/\/www.prwrestling.com\/nw\/wp-json\/wp\/v2\/posts\/280557\/revisions\/280574"}],"wp:featuredmedia":[{"embeddable":true,"href":"https:\/\/www.prwrestling.com\/nw\/wp-json\/wp\/v2\/media\/274366"}],"wp:attachment":[{"href":"https:\/\/www.prwrestling.com\/nw\/wp-json\/wp\/v2\/media?parent=280557"}],"wp:term":[{"taxonomy":"category","embeddable":true,"href":"https:\/\/www.prwrestling.com\/nw\/wp-json\/wp\/v2\/categories?post=280557"},{"taxonomy":"post_tag","embeddable":true,"href":"https:\/\/www.prwrestling.com\/nw\/wp-json\/wp\/v2\/tags?post=280557"}],"curies":[{"name":"wp","href":"https:\/\/api.w.org\/{rel}","templated":true}]}}