{"id":280706,"date":"2025-06-26T20:36:49","date_gmt":"2025-06-27T00:36:49","guid":{"rendered":"https:\/\/www.prwrestling.com\/nw\/?p=280706"},"modified":"2025-06-26T20:37:56","modified_gmt":"2025-06-27T00:37:56","slug":"cm-punk-fue-captado-en-video-empujando-a-una-joven-fan-en-arabia-saudita","status":"publish","type":"post","link":"https:\/\/www.prwrestling.com\/nw\/cm-punk-fue-captado-en-video-empujando-a-una-joven-fan-en-arabia-saudita\/","title":{"rendered":"CM Punk fue captado en video empujando a una joven fan en Arabia Saudita"},"content":{"rendered":"<p>CM Punk se autoproclama la Voz de los Sin Voz, pero algunos fan\u00e1ticos est\u00e1n cuestionando si eso incluye a los j\u00f3venes seguidores despu\u00e9s de un momento controvertido que ocurri\u00f3 en Arabia Saudita.<\/p>\n<p><!--more--><div id=\"ad-slot\" style=\"min-width: 300px; min-height: 250px;\">\r\n<p style=\"text-align: center;\">\r\n<!-- Site name: prwrestling.com\r\nZone name: prwrestling.com_banner_300x250\r\nZone id: 2109741734\r\nType: banner\r\nFormat: 300x250\r\n --> \r\n\r\n<!-- Copy and paste this code on the page. -->\r\n<div id='zone_2109741734' ><\/div>\r\n<script>\r\n    (function(w,d,o,g,r,a,m){\r\n        var cid='zone_2109741734';\r\n        w[r]=w[r]||function(){(w[r+'l']=w[r+'l']||[]).push(arguments)};\r\n        function e(b,w,r){if((w[r+'h']=b.pop())&&!w.ABN){\r\n            var a=d.createElement(o),p=d.getElementsByTagName(o)[0];a.async=1;\r\n            a.src='https:\/\/cdn.'+w[r+'h']+'\/libs\/e.js';a.onerror=function(){e(g,w,r)};\r\n            p.parentNode.insertBefore(a,p)}}e(g,w,r);\r\n        w[r](cid,{id:2109741734,domain:w[r+'h']});\r\n    })(window,document,'script',['traffmovie.com'],'ABNS');\r\n<\/script>\r\n\r\n<!--\r\nWhen setting the zone code, make sure:\r\n  - you have provided all domains from which the area code will be called\r\n  - the site does not limit the loading in the Content Security Policy\r\n  - the area code is installed in the ad space inside the page\r\n  - site layout allows you to display the banner on mobile devices in full size\r\nUse data-cp1={customParam1} data-cp2={customParam2}... attributes for sending custom params\r\n-->\r\n<\/p><\/div><\/p>\n<p>Un video que circula en l\u00ednea muestra a Punk llegando a un evento para fan\u00e1ticos junto a Randy Orton. Mientras el grupo caminaba por el lugar, un joven fan\u00e1tico sosteniendo un tel\u00e9fono se acerc\u00f3 a Punk, aparentemente esperando tomar una foto r\u00e1pida con el ex Campe\u00f3n de WWE. Pero en lugar de detenerse, Punk visiblemente empuj\u00f3 al ni\u00f1o con la mano, mostrando una expresi\u00f3n de frustraci\u00f3n mientras segu\u00eda caminando con Orton y un miembro de seguridad.<\/p>\n<p>El incidente dej\u00f3 a muchos fan\u00e1ticos at\u00f3nitos. Informes del mismo evento afirman que Punk tambi\u00e9n le dijo a un fan\u00e1tico que <em>\u201cse quitara la camiseta de Roman Reigns\u201d<\/em> durante un encuentro con fan\u00e1ticos, luego le dijo que estaba bromeando. Aunque no es un secreto que Punk no est\u00e1 exactamente en buenos t\u00e9rminos con Reigns, la interacci\u00f3n levant\u00f3 m\u00e1s cejas dado el car\u00e1cter p\u00fablico del evento para fan\u00e1ticos.<\/p>\n<div id=\"ad-slot\" style=\"min-width: 300px; min-height: 250px;\"><p style=\"text-align: center;\">\r\n<script async src=\"https:\/\/pagead2.googlesyndication.com\/pagead\/js\/adsbygoogle.js\"><\/script>\r\n<!-- Responsive sc c -->\r\n<ins class=\"adsbygoogle\"\r\n     style=\"display:block\"\r\n     data-ad-client=\"ca-pub-1244235910658811\"\r\n     data-ad-slot=\"4234005358\"\r\n     data-ad-format=\"auto\"\r\n     data-full-width-responsive=\"true\"><\/ins>\r\n<script>\r\n     (adsbygoogle = window.adsbygoogle || []).push({});\r\n<\/script><\/p><\/div>\n<p>Punk est\u00e1 programado para enfrentar a John Cena por el Campeonato Indiscutido de WWE en Night of Champions el 28 de junio. Pero con este video circulando, algunos fan\u00e1ticos ahora est\u00e1n pidiendo que Punk se explique.<\/p>\n<blockquote class=\"twitter-tweet\">\n<p dir=\"ltr\" lang=\"en\">First thing CM Punk did after landing in Saudi Arabia is push away a kid who just wanted a photo. <a href=\"https:\/\/t.co\/4wvKFbdhda\">pic.twitter.com\/4wvKFbdhda<\/a><\/p>\n<p>\u2014 Ringside News: WWE &amp; AEW Wrestling News (@ringsidenews_) <a href=\"https:\/\/twitter.com\/ringsidenews_\/status\/1938321040012108070?ref_src=twsrc%5Etfw\" target=\"_blank\" rel=\"noopener\">June 26, 2025<\/a><\/p><\/blockquote>\n<p><script async src=\"https:\/\/platform.twitter.com\/widgets.js\" charset=\"utf-8\"><\/script><\/p>\n","protected":false},"excerpt":{"rendered":"<p>CM Punk se autoproclama la Voz de los Sin Voz, pero algunos fan\u00e1ticos est\u00e1n cuestionando si eso incluye a los j\u00f3venes seguidores despu\u00e9s de un momento controvertido que ocurri\u00f3 en Arabia Saudita.<\/p>\n","protected":false},"author":1,"featured_media":280713,"comment_status":"closed","ping_status":"closed","sticky":false,"template":"","format":"standard","meta":{"footnotes":""},"categories":[5,38],"tags":[],"class_list":["post-280706","post","type-post","status-publish","format-standard","has-post-thumbnail","category-noticias","category-noticias-y-rumores-de-la-wwe"],"_links":{"self":[{"href":"https:\/\/www.prwrestling.com\/nw\/wp-json\/wp\/v2\/posts\/280706","targetHints":{"allow":["GET"]}}],"collection":[{"href":"https:\/\/www.prwrestling.com\/nw\/wp-json\/wp\/v2\/posts"}],"about":[{"href":"https:\/\/www.prwrestling.com\/nw\/wp-json\/wp\/v2\/types\/post"}],"author":[{"embeddable":true,"href":"https:\/\/www.prwrestling.com\/nw\/wp-json\/wp\/v2\/users\/1"}],"replies":[{"embeddable":true,"href":"https:\/\/www.prwrestling.com\/nw\/wp-json\/wp\/v2\/comments?post=280706"}],"version-history":[{"count":2,"href":"https:\/\/www.prwrestling.com\/nw\/wp-json\/wp\/v2\/posts\/280706\/revisions"}],"predecessor-version":[{"id":280715,"href":"https:\/\/www.prwrestling.com\/nw\/wp-json\/wp\/v2\/posts\/280706\/revisions\/280715"}],"wp:featuredmedia":[{"embeddable":true,"href":"https:\/\/www.prwrestling.com\/nw\/wp-json\/wp\/v2\/media\/280713"}],"wp:attachment":[{"href":"https:\/\/www.prwrestling.com\/nw\/wp-json\/wp\/v2\/media?parent=280706"}],"wp:term":[{"taxonomy":"category","embeddable":true,"href":"https:\/\/www.prwrestling.com\/nw\/wp-json\/wp\/v2\/categories?post=280706"},{"taxonomy":"post_tag","embeddable":true,"href":"https:\/\/www.prwrestling.com\/nw\/wp-json\/wp\/v2\/tags?post=280706"}],"curies":[{"name":"wp","href":"https:\/\/api.w.org\/{rel}","templated":true}]}}