{"id":280887,"date":"2025-06-30T18:03:03","date_gmt":"2025-06-30T22:03:03","guid":{"rendered":"https:\/\/www.prwrestling.com\/nw\/?p=280887"},"modified":"2025-06-30T18:03:03","modified_gmt":"2025-06-30T22:03:03","slug":"saraya-dice-que-no-ha-tenido-ninguna-conversacion-con-la-wwe","status":"publish","type":"post","link":"https:\/\/www.prwrestling.com\/nw\/saraya-dice-que-no-ha-tenido-ninguna-conversacion-con-la-wwe\/","title":{"rendered":"Saraya dice que no ha tenido ninguna conversaci\u00f3n con la WWE"},"content":{"rendered":"<p>Si bien algunos fan\u00e1ticos esperan verla regresar en Evolution, Saraya dice que no ha tenido ninguna conversaci\u00f3n sobre un regreso a la WWE.<\/p>\n<p><!--more--><div id=\"ad-slot\" style=\"min-width: 300px; min-height: 250px;\">\r\n<p style=\"text-align: center;\">\r\n<script async src=\"https:\/\/pagead2.googlesyndication.com\/pagead\/js\/adsbygoogle.js\"><\/script>\r\n<!-- 300x250 sc a -->\r\n<ins class=\"adsbygoogle\"\r\n     style=\"display:inline-block;width:300px;height:250px\"\r\n     data-ad-client=\"ca-pub-1244235910658811\"\r\n     data-ad-slot=\"8592682546\"><\/ins>\r\n<script>\r\n     (adsbygoogle = window.adsbygoogle || []).push({});\r\n<\/script><\/center>\r\n<\/p><\/div><\/p>\n<blockquote><p>\u201cNo he tenido ninguna conversaci\u00f3n con ellos,\u201d dijo Saraya al <a href=\"https:\/\/www.orlandosentinel.com\/2025\/06\/30\/saraya-finding-true-happiness-away-from-pro-wrestling\/?share=sitiatwtoafrotfgmwta\" target=\"_blank\" rel=\"noopener\">Orlando Sentinel<\/a> en una entrevista realizada el 17 de junio y publicada hoy. \u201cLo s\u00e9, siempre me etiquetan en todo, tan pronto como hay un misterio, dicen, \u2018Oye, ella va a volver.\u2019 Pero no. Amo la WWE, pero no.\u201d<\/p><\/blockquote>\n<p>Saraya \u2014 anteriormente conocida como Paige en la WWE \u2014 se separ\u00f3 de manera mutua de AEW en marzo, diciendo que am\u00f3 su tiempo all\u00ed y expresando su aprecio por Tony Khan y el vestuario femenino. Su salida ha llevado inevitablemente a rumores de que terminar\u00e1 de vuelta en la WWE. Saraya est\u00e1 abierta a esa posibilidad en el futuro, pero le dijo al Orlando Sentinel que actualmente est\u00e1 tomando un descanso de la lucha libre para enfocarse en otros proyectos.<\/p>\n<div id=\"ad-slot\" style=\"min-width: 300px; min-height: 250px;\"><p style=\"text-align: center;\">\r\n<script async src=\"https:\/\/pagead2.googlesyndication.com\/pagead\/js\/adsbygoogle.js\"><\/script>\r\n<!-- Responsive sc c -->\r\n<ins class=\"adsbygoogle\"\r\n     style=\"display:block\"\r\n     data-ad-client=\"ca-pub-1244235910658811\"\r\n     data-ad-slot=\"4234005358\"\r\n     data-ad-format=\"auto\"\r\n     data-full-width-responsive=\"true\"><\/ins>\r\n<script>\r\n     (adsbygoogle = window.adsbygoogle || []).push({});\r\n<\/script><\/p><\/div>\n<blockquote><p>\u201cSe siente bien tomar un peque\u00f1o descanso de la lucha libre y luego ver el cari\u00f1o de la gente diciendo que quieren que vuelva,\u201d dijo Saraya. \u201cSolo quiero probar cosas fuera de la lucha libre por un tiempo y cuidarme este a\u00f1o. Ha consumido toda mi vida. Todos mis 32 a\u00f1os han sido lucha libre, as\u00ed que solo quiero encontrarme un poco fuera de esto y el pr\u00f3ximo a\u00f1o, tal vez regresar.\u201d<\/p><\/blockquote>\n<p>Saraya public\u00f3 su memoir \u201cHell in Boots\u201d en marzo y ha lanzado un nuevo podcast llamado \u201cRulebreakers.\u201d<\/p>\n<p>Han pasado casi ocho a\u00f1os desde que Saraya compiti\u00f3 por \u00faltima vez en un ring de la WWE. Fue descalificada de la lucha libre debido a problemas en el cuello antes de hacer su regreso para AEW en 2022.<\/p>\n<p><a href=\"https:\/\/www.prwrestling.com\/nw\/jade-cargill-programada-para-un-gran-enfrentamiento-en-wwe-evolution-2\/\">WWE Evolution 2025<\/a> tendr\u00e1 lugar en el State Farm Arena en Atlanta el domingo 13 de julio. Hasta ahora, el \u00fanico combate confirmado para el evento exclusivo de mujeres es Jacy Jayne defendiendo el Campeonato Femenino de NXT contra Jordynne Grace.<\/p>\n","protected":false},"excerpt":{"rendered":"<p>Si bien algunos fan\u00e1ticos esperan verla regresar en Evolution, Saraya dice que no ha tenido ninguna conversaci\u00f3n sobre un regreso a la WWE.<\/p>\n","protected":false},"author":1,"featured_media":203184,"comment_status":"closed","ping_status":"closed","sticky":false,"template":"","format":"standard","meta":{"footnotes":""},"categories":[5,38],"tags":[],"class_list":{"0":"post-280887","1":"post","2":"type-post","3":"status-publish","4":"format-standard","5":"has-post-thumbnail","7":"category-noticias","8":"category-noticias-y-rumores-de-la-wwe"},"_links":{"self":[{"href":"https:\/\/www.prwrestling.com\/nw\/wp-json\/wp\/v2\/posts\/280887","targetHints":{"allow":["GET"]}}],"collection":[{"href":"https:\/\/www.prwrestling.com\/nw\/wp-json\/wp\/v2\/posts"}],"about":[{"href":"https:\/\/www.prwrestling.com\/nw\/wp-json\/wp\/v2\/types\/post"}],"author":[{"embeddable":true,"href":"https:\/\/www.prwrestling.com\/nw\/wp-json\/wp\/v2\/users\/1"}],"replies":[{"embeddable":true,"href":"https:\/\/www.prwrestling.com\/nw\/wp-json\/wp\/v2\/comments?post=280887"}],"version-history":[{"count":1,"href":"https:\/\/www.prwrestling.com\/nw\/wp-json\/wp\/v2\/posts\/280887\/revisions"}],"predecessor-version":[{"id":280888,"href":"https:\/\/www.prwrestling.com\/nw\/wp-json\/wp\/v2\/posts\/280887\/revisions\/280888"}],"wp:featuredmedia":[{"embeddable":true,"href":"https:\/\/www.prwrestling.com\/nw\/wp-json\/wp\/v2\/media\/203184"}],"wp:attachment":[{"href":"https:\/\/www.prwrestling.com\/nw\/wp-json\/wp\/v2\/media?parent=280887"}],"wp:term":[{"taxonomy":"category","embeddable":true,"href":"https:\/\/www.prwrestling.com\/nw\/wp-json\/wp\/v2\/categories?post=280887"},{"taxonomy":"post_tag","embeddable":true,"href":"https:\/\/www.prwrestling.com\/nw\/wp-json\/wp\/v2\/tags?post=280887"}],"curies":[{"name":"wp","href":"https:\/\/api.w.org\/{rel}","templated":true}]}}