{"id":280938,"date":"2025-07-01T09:19:54","date_gmt":"2025-07-01T13:19:54","guid":{"rendered":"https:\/\/www.prwrestling.com\/nw\/?p=280938"},"modified":"2025-07-01T09:19:54","modified_gmt":"2025-07-01T13:19:54","slug":"wwe-anade-dream-match-a-evolution-durante-smackdown-del-4-de-julio","status":"publish","type":"post","link":"https:\/\/www.prwrestling.com\/nw\/wwe-anade-dream-match-a-evolution-durante-smackdown-del-4-de-julio\/","title":{"rendered":"WWE a\u00f1ade Dream Match a Evolution durante SmackDown del 4 de julio"},"content":{"rendered":"<p>El episodio del 30 de junio de <a href=\"https:\/\/www.prwrestling.com\/nw\/resultados-wwe-raw-6-30-cambio-titular-en-el-programa\/\">WWE RAW<\/a> fue todo un espect\u00e1culo en Pittsburgh. Tambi\u00e9n grabaron el episodio del 4 de julio de SmackDown despu\u00e9s de ese show. Esto incluy\u00f3 el regreso de una cara conocida, y esta es una gran advertencia de spoiler para el resto del art\u00edculo.<\/p>\n<p><!--more--><div id=\"ad-slot\" style=\"min-width: 300px; min-height: 250px;\">\r\n<p style=\"text-align: center;\">\r\n<script async src=\"https:\/\/pagead2.googlesyndication.com\/pagead\/js\/adsbygoogle.js\"><\/script>\r\n<!-- 300x250 sc a -->\r\n<ins class=\"adsbygoogle\"\r\n     style=\"display:inline-block;width:300px;height:250px\"\r\n     data-ad-client=\"ca-pub-1244235910658811\"\r\n     data-ad-slot=\"8592682546\"><\/ins>\r\n<script>\r\n     (adsbygoogle = window.adsbygoogle || []).push({});\r\n<\/script><\/center>\r\n<\/p><\/div><\/p>\n<p>En el episodio del 4 de julio de SmackDown, <a href=\"https:\/\/www.prwrestling.com\/nw\/tag\/tiffany-stratton\" target=\"_blank\" rel=\"noopener noreferrer\" data-is-sponsored=\"false\">Tiffany Stratton<\/a> sali\u00f3 al ring para hablar sobre su pr\u00f3ximo combate con <a href=\"https:\/\/www.prwrestling.com\/nw\/tag\/jade-cargill\" target=\"_blank\" rel=\"noopener noreferrer\" data-is-sponsored=\"false\">Jade Cargill<\/a> en SummerSlam. Tambi\u00e9n anunci\u00f3 planes para defender su t\u00edtulo en WWE Evolution.<\/p>\n<p>Jade Cargill sali\u00f3 a interrumpir, pero Tiffany Stratton revel\u00f3 que su oponente en Evolution ser\u00e1 <a href=\"https:\/\/www.prwrestling.com\/nw\/tag\/trish-stratus\" target=\"_blank\" rel=\"noopener noreferrer\" data-is-sponsored=\"false\">Trish Stratus<\/a>, no Jade. Trish sali\u00f3 entonces y acept\u00f3 el combate. Tiffany y Trish intercambiaron palabras antes de dejar el ring, y los fan\u00e1ticos disfrutaron cada momento de esto.<\/p>\n<div id=\"ad-slot\" style=\"min-width: 300px; min-height: 250px;\"><p style=\"text-align: center;\">\r\n<script async src=\"https:\/\/pagead2.googlesyndication.com\/pagead\/js\/adsbygoogle.js\"><\/script>\r\n<!-- Responsive sc c -->\r\n<ins class=\"adsbygoogle\"\r\n     style=\"display:block\"\r\n     data-ad-client=\"ca-pub-1244235910658811\"\r\n     data-ad-slot=\"4234005358\"\r\n     data-ad-format=\"auto\"\r\n     data-full-width-responsive=\"true\"><\/ins>\r\n<script>\r\n     (adsbygoogle = window.adsbygoogle || []).push({});\r\n<\/script><\/p><\/div>\n<p>WWE Evolution tendr\u00e1 lugar el 13 de julio de 2025 en Atlanta, Georgia, en el State Farm Arena. Ahora tenemos un combate de ensue\u00f1o para el evento.<\/p>\n<p>Trish Stratus no aparece en la televisi\u00f3n de la WWE con mucha frecuencia. Dicho esto, la compa\u00f1\u00eda tiene un gran evento pr\u00f3ximo que ha tra\u00eddo de vuelta a otras leyendas del Sal\u00f3n de la Fama de la divisi\u00f3n femenina, como Nikki Bella.<\/p>\n<p>El combate m\u00e1s reciente de Trish Stratus en la WWE fue en <a href=\"https:\/\/www.prwrestling.com\/nw\/resultados-wwe-elimination-chamber-2025-john-cena-traiciona-a-cody-rhodes-y-se-une-a-the-rock\/\">Elimination Chamber 2025<\/a> el 1 de marzo. Hizo equipo con Tiffany Stratton para derrotar a Candice LeRae y Nia Jax. WWE Evolution est\u00e1 programado para el 13 de julio de 2025 en Atlanta, Georgia, en el State Farm Arena.<\/p>\n","protected":false},"excerpt":{"rendered":"<p>El episodio del 30 de junio de WWE RAW fue todo un espect\u00e1culo en Pittsburgh. Tambi\u00e9n grabaron el episodio del 4 de julio de SmackDown despu\u00e9s de ese show. Esto incluy\u00f3 el regreso de una cara conocida, y esta es una gran advertencia de spoiler para el resto del art\u00edculo.<\/p>\n","protected":false},"author":1,"featured_media":252691,"comment_status":"closed","ping_status":"closed","sticky":false,"template":"","format":"standard","meta":{"footnotes":""},"categories":[5,38],"tags":[],"class_list":{"0":"post-280938","1":"post","2":"type-post","3":"status-publish","4":"format-standard","5":"has-post-thumbnail","7":"category-noticias","8":"category-noticias-y-rumores-de-la-wwe"},"_links":{"self":[{"href":"https:\/\/www.prwrestling.com\/nw\/wp-json\/wp\/v2\/posts\/280938","targetHints":{"allow":["GET"]}}],"collection":[{"href":"https:\/\/www.prwrestling.com\/nw\/wp-json\/wp\/v2\/posts"}],"about":[{"href":"https:\/\/www.prwrestling.com\/nw\/wp-json\/wp\/v2\/types\/post"}],"author":[{"embeddable":true,"href":"https:\/\/www.prwrestling.com\/nw\/wp-json\/wp\/v2\/users\/1"}],"replies":[{"embeddable":true,"href":"https:\/\/www.prwrestling.com\/nw\/wp-json\/wp\/v2\/comments?post=280938"}],"version-history":[{"count":1,"href":"https:\/\/www.prwrestling.com\/nw\/wp-json\/wp\/v2\/posts\/280938\/revisions"}],"predecessor-version":[{"id":280939,"href":"https:\/\/www.prwrestling.com\/nw\/wp-json\/wp\/v2\/posts\/280938\/revisions\/280939"}],"wp:featuredmedia":[{"embeddable":true,"href":"https:\/\/www.prwrestling.com\/nw\/wp-json\/wp\/v2\/media\/252691"}],"wp:attachment":[{"href":"https:\/\/www.prwrestling.com\/nw\/wp-json\/wp\/v2\/media?parent=280938"}],"wp:term":[{"taxonomy":"category","embeddable":true,"href":"https:\/\/www.prwrestling.com\/nw\/wp-json\/wp\/v2\/categories?post=280938"},{"taxonomy":"post_tag","embeddable":true,"href":"https:\/\/www.prwrestling.com\/nw\/wp-json\/wp\/v2\/tags?post=280938"}],"curies":[{"name":"wp","href":"https:\/\/api.w.org\/{rel}","templated":true}]}}