{"id":280946,"date":"2025-07-01T09:30:40","date_gmt":"2025-07-01T13:30:40","guid":{"rendered":"https:\/\/www.prwrestling.com\/nw\/?p=280946"},"modified":"2026-02-26T10:50:39","modified_gmt":"2026-02-26T15:50:39","slug":"ludwig-kaiser-siendo-el-nuevo-grande-americano-es-absolutamente-ridiculo-dice-veterano-de-la-wwe","status":"publish","type":"post","link":"https:\/\/www.prwrestling.com\/nw\/ludwig-kaiser-siendo-el-nuevo-grande-americano-es-absolutamente-ridiculo-dice-veterano-de-la-wwe\/","title":{"rendered":"Ludwig Kaiser siendo el nuevo Grande Americano es absolutamente rid\u00edculo, dice Vince Russo"},"content":{"rendered":"<p>Un nuevo El Grande Americano fue revelado en WWE RAW anoche, tras el anuncio de Chad Gable de que estar\u00eda fuera debido a una lesi\u00f3n. Sin embargo, la decisi\u00f3n no fue bien recibida por el veterano de la lucha libre <a href=\"https:\/\/www.prwrestling.com\/nw\/tag\/vince-russo\" target=\"_blank\" rel=\"noopener noreferrer\" data-is-sponsored=\"false\">Vince Russo<\/a>, quien la calific\u00f3 como &#8220;absolutamente rid\u00edcula&#8221;.<\/p>\n<p><!--more--><div id=\"ad-slot\" style=\"min-width: 300px; min-height: 250px;\">\r\n<p style=\"text-align: center;\">\r\n<script async src=\"https:\/\/pagead2.googlesyndication.com\/pagead\/js\/adsbygoogle.js\"><\/script>\r\n<!-- 300x250 sc a -->\r\n<ins class=\"adsbygoogle\"\r\n     style=\"display:inline-block;width:300px;height:250px\"\r\n     data-ad-client=\"ca-pub-1244235910658811\"\r\n     data-ad-slot=\"8592682546\"><\/ins>\r\n<script>\r\n     (adsbygoogle = window.adsbygoogle || []).push({});\r\n<\/script><\/center>\r\n<\/p><\/div><\/p>\n<p>Como todos ya hab\u00edan adivinado, Chad Gable ha estado interpretando el papel de El Grande Americano durante los \u00faltimos meses. El l\u00edder de American-made recientemente sufri\u00f3 una lesi\u00f3n y estar\u00e1 fuera de acci\u00f3n por el futuro previsible, lo que llev\u00f3 a muchos a creer que su versi\u00f3n de luchador tambi\u00e9n estar\u00eda ausente. Sin embargo, <a href=\"https:\/\/www.prwrestling.com\/nw\/tag\/ludwig-kaiser\" target=\"_blank\" rel=\"noopener noreferrer\" data-is-sponsored=\"false\">Ludwig Kaiser<\/a> apareci\u00f3 como Americano en ausencia de Gable.<\/p>\n<p>Hablando en <em>Legion of RAW<\/em>, Vince Russo se\u00f1al\u00f3 que la decisi\u00f3n es &#8220;absolutamente rid\u00edcula&#8221;. El ex escritor de WWE tambi\u00e9n se burl\u00f3 de la compa\u00f1\u00eda por cubrir el rostro de Ludwig Kaiser.<\/p>\n<div id=\"ad-slot\" style=\"min-width: 300px; min-height: 250px;\"><p style=\"text-align: center;\">\r\n<script async src=\"https:\/\/pagead2.googlesyndication.com\/pagead\/js\/adsbygoogle.js\"><\/script>\r\n<!-- Responsive sc c -->\r\n<ins class=\"adsbygoogle\"\r\n     style=\"display:block\"\r\n     data-ad-client=\"ca-pub-1244235910658811\"\r\n     data-ad-slot=\"4234005358\"\r\n     data-ad-format=\"auto\"\r\n     data-full-width-responsive=\"true\"><\/ins>\r\n<script>\r\n     (adsbygoogle = window.adsbygoogle || []).push({});\r\n<\/script><\/p><\/div>\n<blockquote><p>&#8220;Pong\u00e1mosle una m\u00e1scara porque es horrible. Como, ughhh. \u00bfKaiser? Qu\u00e9 tipo tan feo. Es absolutamente rid\u00edculo, hombre.&#8221; [26:31 en adelante]<\/p><\/blockquote>\n<div class=\"video-container\"><iframe title=\"Reproductor de video de YouTube\" src=\"https:\/\/www.youtube.com\/embed\/gWGLw7mRtZk\" frameborder=\"0\" allowfullscreen=\"allowfullscreen\" aria-label=\"Video de YouTube\"><\/iframe><\/div>\n<p>Ludwig Kaiser no ha estado involucrado en programas destacados en los \u00faltimos meses, con su \u00faltimo combate en la televisi\u00f3n de la WWE datando de marzo. Se espera que el luchador de 34 a\u00f1os est\u00e9 presente de manera m\u00e1s prominente como El Grande Americano.<\/p>\n","protected":false},"excerpt":{"rendered":"<p>Un nuevo El Grande Americano fue revelado en WWE RAW anoche, tras el anuncio de Chad Gable de que estar\u00eda fuera debido a una lesi\u00f3n. Sin embargo, la decisi\u00f3n no fue bien recibida por el veterano de la lucha libre Vince Russo, quien la calific\u00f3 como &#8220;absolutamente rid\u00edcula&#8221;.<\/p>\n","protected":false},"author":1,"featured_media":280947,"comment_status":"closed","ping_status":"closed","sticky":false,"template":"","format":"standard","meta":{"footnotes":""},"categories":[5,38],"tags":[],"class_list":{"0":"post-280946","1":"post","2":"type-post","3":"status-publish","4":"format-standard","5":"has-post-thumbnail","7":"category-noticias","8":"category-noticias-y-rumores-de-la-wwe"},"_links":{"self":[{"href":"https:\/\/www.prwrestling.com\/nw\/wp-json\/wp\/v2\/posts\/280946","targetHints":{"allow":["GET"]}}],"collection":[{"href":"https:\/\/www.prwrestling.com\/nw\/wp-json\/wp\/v2\/posts"}],"about":[{"href":"https:\/\/www.prwrestling.com\/nw\/wp-json\/wp\/v2\/types\/post"}],"author":[{"embeddable":true,"href":"https:\/\/www.prwrestling.com\/nw\/wp-json\/wp\/v2\/users\/1"}],"replies":[{"embeddable":true,"href":"https:\/\/www.prwrestling.com\/nw\/wp-json\/wp\/v2\/comments?post=280946"}],"version-history":[{"count":3,"href":"https:\/\/www.prwrestling.com\/nw\/wp-json\/wp\/v2\/posts\/280946\/revisions"}],"predecessor-version":[{"id":289270,"href":"https:\/\/www.prwrestling.com\/nw\/wp-json\/wp\/v2\/posts\/280946\/revisions\/289270"}],"wp:featuredmedia":[{"embeddable":true,"href":"https:\/\/www.prwrestling.com\/nw\/wp-json\/wp\/v2\/media\/280947"}],"wp:attachment":[{"href":"https:\/\/www.prwrestling.com\/nw\/wp-json\/wp\/v2\/media?parent=280946"}],"wp:term":[{"taxonomy":"category","embeddable":true,"href":"https:\/\/www.prwrestling.com\/nw\/wp-json\/wp\/v2\/categories?post=280946"},{"taxonomy":"post_tag","embeddable":true,"href":"https:\/\/www.prwrestling.com\/nw\/wp-json\/wp\/v2\/tags?post=280946"}],"curies":[{"name":"wp","href":"https:\/\/api.w.org\/{rel}","templated":true}]}}