{"id":281001,"date":"2025-07-01T17:33:50","date_gmt":"2025-07-01T21:33:50","guid":{"rendered":"https:\/\/www.prwrestling.com\/nw\/?p=281001"},"modified":"2025-07-01T17:33:50","modified_gmt":"2025-07-01T21:33:50","slug":"paul-heyman-confirma-nuevo-nombre-de-wwe-envia-advertencia","status":"publish","type":"post","link":"https:\/\/www.prwrestling.com\/nw\/paul-heyman-confirma-nuevo-nombre-de-wwe-envia-advertencia\/","title":{"rendered":"Paul Heyman confirma nuevo nombre de WWE; env\u00eda advertencia"},"content":{"rendered":"<p><a href=\"https:\/\/www.prwrestling.com\/nw\/tag\/paul-heyman\" target=\"_blank\" rel=\"noopener noreferrer\" data-is-sponsored=\"false\">Paul Heyman<\/a> envi\u00f3 una advertencia y confirm\u00f3 su nuevo apodo tras la edici\u00f3n de esta semana de WWE RAW. El episodio de anoche de la marca roja fue el primer show despu\u00e9s de Night of Champions 2025 y se transmiti\u00f3 en vivo desde el PPG Paints Arena en Pittsburgh, Pensilvania.<\/p>\n<p><!--more--><div id=\"ad-slot\" style=\"min-width: 300px; min-height: 250px;\">\r\n<p style=\"text-align: center;\">\r\n<script async src=\"https:\/\/pagead2.googlesyndication.com\/pagead\/js\/adsbygoogle.js\"><\/script>\r\n<!-- 300x250 sc a -->\r\n<ins class=\"adsbygoogle\"\r\n     style=\"display:inline-block;width:300px;height:250px\"\r\n     data-ad-client=\"ca-pub-1244235910658811\"\r\n     data-ad-slot=\"8592682546\"><\/ins>\r\n<script>\r\n     (adsbygoogle = window.adsbygoogle || []).push({});\r\n<\/script><\/center>\r\n<\/p><\/div><\/p>\n<p>El miembro del Sal\u00f3n de la Fama est\u00e1 alineado con <a href=\"https:\/\/www.prwrestling.com\/nw\/tag\/seth-rollins\" target=\"_blank\" rel=\"noopener noreferrer\" data-is-sponsored=\"false\">Seth Rollins<\/a>, <a href=\"https:\/\/www.prwrestling.com\/nw\/tag\/bron-breakker\" target=\"_blank\" rel=\"noopener noreferrer\" data-is-sponsored=\"false\">Bron Breakker<\/a> y <a href=\"https:\/\/www.prwrestling.com\/nw\/tag\/bronson-reed\" target=\"_blank\" rel=\"noopener noreferrer\" data-is-sponsored=\"false\">Bronson Reed<\/a> en RAW. Durante el show de anoche, Rollins confront\u00f3 al Campe\u00f3n Mundial Peso Pesado <a href=\"https:\/\/www.prwrestling.com\/nw\/tag\/gunther\" target=\"_blank\" rel=\"noopener noreferrer\" data-is-sponsored=\"false\">Gunther<\/a> y advirti\u00f3 que podr\u00eda canjear su contrato de Money in the Bank en cualquier momento. <a href=\"https:\/\/www.prwrestling.com\/nw\/tag\/cm-punk\" target=\"_blank\" rel=\"noopener noreferrer\" data-is-sponsored=\"false\">CM Punk<\/a> interrumpi\u00f3 y pele\u00f3 con Rollins antes de que The Visionary escapara entre la multitud.<\/p>\n<p>Heyman recurri\u00f3 hoy a las redes sociales y sugiri\u00f3 que cualquier teor\u00eda de conspiraci\u00f3n que los fan\u00e1ticos hayan escuchado sobre su facci\u00f3n probablemente sea cierta. La leyenda tambi\u00e9n confirm\u00f3 el apodo de &#8220;Oracle&#8221; que le fue dado recientemente en RAW.<\/p>\n<div id=\"ad-slot\" style=\"min-width: 300px; min-height: 250px;\"><p style=\"text-align: center;\">\r\n<script async src=\"https:\/\/pagead2.googlesyndication.com\/pagead\/js\/adsbygoogle.js\"><\/script>\r\n<!-- Responsive sc c -->\r\n<ins class=\"adsbygoogle\"\r\n     style=\"display:block\"\r\n     data-ad-client=\"ca-pub-1244235910658811\"\r\n     data-ad-slot=\"4234005358\"\r\n     data-ad-format=\"auto\"\r\n     data-full-width-responsive=\"true\"><\/ins>\r\n<script>\r\n     (adsbygoogle = window.adsbygoogle || []).push({});\r\n<\/script><\/p><\/div>\n<blockquote><p>&#8220;Si tienes una teor\u00eda de conspiraci\u00f3n sobre #MrMITB @WWERollins y su #Oracle (Tu #Wiseman), probablemente sea una evaluaci\u00f3n correcta de la situaci\u00f3n!&#8221; escribi\u00f3 Heyman.<\/p><\/blockquote>\n<div class=\"video-container\"><iframe title=\"Reproductor de video de YouTube\" src=\"https:\/\/www.youtube.com\/embed\/oNlu4NAYDpg\" frameborder=\"0\" allowfullscreen=\"allowfullscreen\" aria-label=\"Video de YouTube\"><\/iframe><\/div>\n<p><a href=\"https:\/\/www.prwrestling.com\/nw\/tag\/seth-rollins\" target=\"_blank\" rel=\"noopener noreferrer\" data-is-sponsored=\"false\">Seth Rollins<\/a> debut\u00f3 un malet\u00edn de Money in the Bank en oro y negro durante la edici\u00f3n de anoche de WWE RAW. The Architect intent\u00f3 canjearlo durante el evento principal de Night of Champions este pasado s\u00e1bado en Arabia Saudita, pero <a href=\"https:\/\/www.prwrestling.com\/nw\/tag\/john-cena\" target=\"_blank\" rel=\"noopener noreferrer\" data-is-sponsored=\"false\">John Cena<\/a> lo impidi\u00f3. Cena defender\u00e1 el t\u00edtulo contra el ganador del King of the Ring <a href=\"https:\/\/www.prwrestling.com\/nw\/tag\/cody-rhodes\" target=\"_blank\" rel=\"noopener noreferrer\" data-is-sponsored=\"false\">Cody Rhodes<\/a> en SummerSlam 2025.<\/p>\n<h2>Un insider de lucha libre afirma que una estrella de WWE NXT podr\u00eda ser el pr\u00f3ximo Paul Heyman Guy<\/h2>\n<p>WrestleVotes afirm\u00f3 recientemente que Ricky Saints podr\u00eda ser la pr\u00f3xima estrella en unirse a la facci\u00f3n de Paul Heyman en la televisi\u00f3n de WWE.<\/p>\n<p>Saints pas\u00f3 varios a\u00f1os interpretando a Ricky Starks en All Elite Wrestling antes de unirse a la promoci\u00f3n a principios de este a\u00f1o.<\/p>\n<p>Hablando en <em>WrestleVotes Q&amp;A<\/em> en Sportskeeda WrestleBinge, el insider se\u00f1al\u00f3 que el ex Campe\u00f3n Norteamericano tiene mucho potencial, y una asociaci\u00f3n con Paul Heyman podr\u00eda llevarlo al siguiente nivel.<\/p>\n<blockquote><p>&#8220;Solo siento que \u00e9l [Ricky Saints] es un talento excepcional, pero a\u00fan no ha prendido fuego. As\u00ed que, si quieren considerarlo para entrar ah\u00ed [al grupo de Heyman] (&#8230;) creo que es donde encender\u00eda esa chispa,&#8221; dijo Apter.<\/p><\/blockquote>\n<div class=\"video-container\"><iframe title=\"Reproductor de video de YouTube\" src=\"https:\/\/www.youtube.com\/embed\/d1B6bCPfSCs\" frameborder=\"0\" allowfullscreen=\"allowfullscreen\" aria-label=\"Video de YouTube\"><\/iframe><\/div>\n<p>Ser\u00e1 interesante ver qu\u00e9 tienen planeado Paul Heyman y su facci\u00f3n en las pr\u00f3ximas semanas en RAW.<\/p>\n","protected":false},"excerpt":{"rendered":"<p>Paul Heyman envi\u00f3 una advertencia y confirm\u00f3 su nuevo apodo tras la edici\u00f3n de esta semana de WWE RAW. El episodio de anoche de la marca roja fue el primer show despu\u00e9s de Night of Champions 2025 y se transmiti\u00f3 en vivo desde el PPG Paints Arena en Pittsburgh, Pensilvania.<\/p>\n","protected":false},"author":1,"featured_media":281002,"comment_status":"closed","ping_status":"closed","sticky":false,"template":"","format":"standard","meta":{"footnotes":""},"categories":[5,38],"tags":[],"class_list":{"0":"post-281001","1":"post","2":"type-post","3":"status-publish","4":"format-standard","5":"has-post-thumbnail","7":"category-noticias","8":"category-noticias-y-rumores-de-la-wwe"},"_links":{"self":[{"href":"https:\/\/www.prwrestling.com\/nw\/wp-json\/wp\/v2\/posts\/281001","targetHints":{"allow":["GET"]}}],"collection":[{"href":"https:\/\/www.prwrestling.com\/nw\/wp-json\/wp\/v2\/posts"}],"about":[{"href":"https:\/\/www.prwrestling.com\/nw\/wp-json\/wp\/v2\/types\/post"}],"author":[{"embeddable":true,"href":"https:\/\/www.prwrestling.com\/nw\/wp-json\/wp\/v2\/users\/1"}],"replies":[{"embeddable":true,"href":"https:\/\/www.prwrestling.com\/nw\/wp-json\/wp\/v2\/comments?post=281001"}],"version-history":[{"count":1,"href":"https:\/\/www.prwrestling.com\/nw\/wp-json\/wp\/v2\/posts\/281001\/revisions"}],"predecessor-version":[{"id":281004,"href":"https:\/\/www.prwrestling.com\/nw\/wp-json\/wp\/v2\/posts\/281001\/revisions\/281004"}],"wp:featuredmedia":[{"embeddable":true,"href":"https:\/\/www.prwrestling.com\/nw\/wp-json\/wp\/v2\/media\/281002"}],"wp:attachment":[{"href":"https:\/\/www.prwrestling.com\/nw\/wp-json\/wp\/v2\/media?parent=281001"}],"wp:term":[{"taxonomy":"category","embeddable":true,"href":"https:\/\/www.prwrestling.com\/nw\/wp-json\/wp\/v2\/categories?post=281001"},{"taxonomy":"post_tag","embeddable":true,"href":"https:\/\/www.prwrestling.com\/nw\/wp-json\/wp\/v2\/tags?post=281001"}],"curies":[{"name":"wp","href":"https:\/\/api.w.org\/{rel}","templated":true}]}}