{"id":281056,"date":"2025-07-03T11:42:18","date_gmt":"2025-07-03T15:42:18","guid":{"rendered":"https:\/\/www.prwrestling.com\/nw\/?p=281056"},"modified":"2025-07-03T11:42:18","modified_gmt":"2025-07-03T15:42:18","slug":"jey-uso-podria-alejarse-de-wwe-raw-pronto-por-una-gran-razon","status":"publish","type":"post","link":"https:\/\/www.prwrestling.com\/nw\/jey-uso-podria-alejarse-de-wwe-raw-pronto-por-una-gran-razon\/","title":{"rendered":"Jey Uso podr\u00eda alejarse de WWE RAW pronto por una gran raz\u00f3n"},"content":{"rendered":"<p>La superestrella de la WWE <a href=\"https:\/\/www.prwrestling.com\/nw\/tag\/jey-uso\" target=\"_blank\" rel=\"noopener noreferrer\" data-is-sponsored=\"false\">Jey Uso<\/a> ha tenido una destacada carrera como luchador individual en Monday Night RAW. Desde que se separ\u00f3 de <a href=\"https:\/\/www.prwrestling.com\/nw\/tag\/the-bloodline\" target=\"_blank\" rel=\"noopener noreferrer\" data-is-sponsored=\"false\">The Bloodline<\/a>, ha crecido exponencialmente como estrella individual.<\/p>\n<p><!--more--><div id=\"ad-slot\" style=\"min-width: 300px; min-height: 250px;\">\r\n<p style=\"text-align: center;\">\r\n<script async src=\"https:\/\/pagead2.googlesyndication.com\/pagead\/js\/adsbygoogle.js\"><\/script>\r\n<!-- 300x250 sc a -->\r\n<ins class=\"adsbygoogle\"\r\n     style=\"display:inline-block;width:300px;height:250px\"\r\n     data-ad-client=\"ca-pub-1244235910658811\"\r\n     data-ad-slot=\"8592682546\"><\/ins>\r\n<script>\r\n     (adsbygoogle = window.adsbygoogle || []).push({});\r\n<\/script><\/center>\r\n<\/p><\/div><\/p>\n<p>The YEET Master se convirti\u00f3 en Campe\u00f3n Intercontinental el a\u00f1o pasado, antes de ganar el Royal Rumble y derrotar a <a href=\"https:\/\/www.prwrestling.com\/nw\/tag\/gunther\" target=\"_blank\" rel=\"noopener noreferrer\" data-is-sponsored=\"false\">Gunther<\/a> por el T\u00edtulo Mundial Peso Pesado en WrestleMania 41. Uso pudo haber perdido el t\u00edtulo de vuelta ante The Ring General, pero sigue siendo una de las mayores estrellas de WWE RAW hoy en d\u00eda.<\/p>\n<p>Sin embargo, el final podr\u00eda estar cerca para \u00e9l en las noches de lunes. Jey Uso podr\u00eda dejar la marca roja pronto por una misi\u00f3n importante. Esa misi\u00f3n se puede resumir en una palabra: Familia.<\/p>\n<div id=\"ad-slot\" style=\"min-width: 300px; min-height: 250px;\"><p style=\"text-align: center;\">\r\n<script async src=\"https:\/\/pagead2.googlesyndication.com\/pagead\/js\/adsbygoogle.js\"><\/script>\r\n<!-- Responsive sc c -->\r\n<ins class=\"adsbygoogle\"\r\n     style=\"display:block\"\r\n     data-ad-client=\"ca-pub-1244235910658811\"\r\n     data-ad-slot=\"4234005358\"\r\n     data-ad-format=\"auto\"\r\n     data-full-width-responsive=\"true\"><\/ins>\r\n<script>\r\n     (adsbygoogle = window.adsbygoogle || []).push({});\r\n<\/script><\/p><\/div>\n<p>El hermano de Jey, <a href=\"https:\/\/www.prwrestling.com\/nw\/tag\/jimmy-uso\" target=\"_blank\" rel=\"noopener noreferrer\" data-is-sponsored=\"false\">Jimmy<\/a>, recientemente regres\u00f3 al v\u00f3rtice de The Bloodline. Est\u00e1 luchando contra el renovado equipo de <a href=\"https:\/\/www.prwrestling.com\/nw\/tag\/solo-sikoa\" target=\"_blank\" rel=\"noopener noreferrer\" data-is-sponsored=\"false\">Solo Sikoa<\/a> en Friday Night SmackDown, junto a <a href=\"https:\/\/www.prwrestling.com\/nw\/tag\/jacob-fatu\" target=\"_blank\" rel=\"noopener noreferrer\" data-is-sponsored=\"false\">Jacob Fatu<\/a>. Sin embargo, tras el regreso de Tonga Loa y el debut de Tala Tonga (anteriormente Hikuleo) en Crown Jewel, ambos est\u00e1n en gran desventaja num\u00e9rica.<\/p>\n<p>Como resultado, Jey Uso podr\u00eda recibir la llamada para regresar a SmackDown y ayudar a su hermano gemelo. Tendr\u00eda que resolver sus problemas con The Samoan Werewolf, pero todo es por una causa mayor. Tienen un enemigo com\u00fan. El reinado de Solo Sikoa como Campe\u00f3n de los Estados Unidos podr\u00eda convertirse en otra guerra de The Bloodline, con Fatu y The Usos yendo tras \u00e9l.<\/p>\n<div class=\"video-container\"><iframe title=\"Reproductor de video de YouTube\" src=\"https:\/\/www.youtube.com\/embed\/-UleedrK6F0\" frameborder=\"0\" allowfullscreen=\"allowfullscreen\" aria-label=\"Video de YouTube\"><span data-mce-type=\"bookmark\" style=\"display: inline-block; width: 0px; overflow: hidden; line-height: 0;\" class=\"mce_SELRES_start\">\ufeff<\/span><span data-mce-type=\"bookmark\" style=\"display: inline-block; width: 0px; overflow: hidden; line-height: 0;\" class=\"mce_SELRES_start\">\ufeff<\/span><\/iframe><\/div>\n<p>Por supuesto, Main Event Jey a\u00fan no ha terminado con WWE RAW. Est\u00e1 en medio de una rivalidad con la facci\u00f3n de <a href=\"https:\/\/www.prwrestling.com\/nw\/tag\/seth-rollins\" target=\"_blank\" rel=\"noopener noreferrer\" data-is-sponsored=\"false\">Seth Rollins<\/a>, habiendo salvado a <a href=\"https:\/\/www.prwrestling.com\/nw\/tag\/sami-zayn\" target=\"_blank\" rel=\"noopener noreferrer\" data-is-sponsored=\"false\">Sami Zayn<\/a> y <a href=\"https:\/\/www.prwrestling.com\/nw\/tag\/penta\" target=\"_blank\" rel=\"noopener noreferrer\" data-is-sponsored=\"false\">Penta<\/a> de una paliza al final del show por parte de <a href=\"https:\/\/www.prwrestling.com\/nw\/tag\/bron-breakker\" target=\"_blank\" rel=\"noopener noreferrer\" data-is-sponsored=\"false\">Bron Breakker<\/a> y <a href=\"https:\/\/www.prwrestling.com\/nw\/tag\/bronson-reed\" target=\"_blank\" rel=\"noopener noreferrer\" data-is-sponsored=\"false\">Bronson Reed<\/a> en el episodio de este lunes.<\/p>\n<p>Jey Uso puede hacer equipo con Zayn y Penta contra el tr\u00edo de heels en las pr\u00f3ximas semanas, antes de ser escrito fuera de WWE RAW y hacer el cambio a SmackDown. Su presencia ayudar\u00eda a dar m\u00e1s vida a la historia en curso de The Bloodline en la marca azul.<\/p>\n<h2>Jimmy y Jey Uso podr\u00edan eventualmente reunirse como equipo en la WWE<\/h2>\n<p>La mayor consecuencia de que Jey Uso se mude a SmackDown ser\u00eda el fin de su carrera como estrella individual. Despu\u00e9s de ayudar a su hermano gemelo y primo, podr\u00eda reunirse permanentemente con Jimmy y volver a entrar en la divisi\u00f3n de parejas.<\/p>\n<p>A pesar de lo bueno que ha sido por su cuenta, Main Event Jey est\u00e1 en su mejor momento en el ring como parte de The Usos. No tienen el r\u00e9cord del reinado m\u00e1s largo como Campeones de Parejas en la historia de la WWE por nada. Tambi\u00e9n ser\u00eda un impulso bienvenido para la divisi\u00f3n.<\/p>\n<p>Los gemelos pueden tener combates cl\u00e1sicos con <a href=\"https:\/\/www.prwrestling.com\/nw\/tag\/street-profits\" target=\"_blank\" rel=\"noopener noreferrer\" data-is-sponsored=\"false\">The Street Profits<\/a>, <a href=\"https:\/\/www.prwrestling.com\/nw\/tag\/fraxiom\" target=\"_blank\" rel=\"noopener noreferrer\" data-is-sponsored=\"false\">Fraxiom<\/a>, <a href=\"https:\/\/www.prwrestling.com\/nw\/tag\/motor-city-machine-guns\" target=\"_blank\" rel=\"noopener noreferrer\" data-is-sponsored=\"false\">Motor City Machine Guns<\/a> y muchos otros equipos en SmackDown. Pueden hacer que los T\u00edtulos de Parejas de la WWE vuelvan a ser dignos de un evento principal, mientras que Bronson Reed y Bron Breakker eventualmente hagan lo mismo con los t\u00edtulos de RAW.<\/p>\n<div class=\"video-container\"><iframe title=\"Reproductor de video de YouTube\" src=\"https:\/\/www.youtube.com\/embed\/JaPEQlgzDy4\" frameborder=\"0\" allowfullscreen=\"allowfullscreen\" aria-label=\"Video de YouTube\"><span data-mce-type=\"bookmark\" style=\"display: inline-block; width: 0px; overflow: hidden; line-height: 0;\" class=\"mce_SELRES_start\">\ufeff<\/span><\/iframe><\/div>\n<p>Mientras Jimmy y Jey Uso pueden reunirse, <a href=\"https:\/\/www.prwrestling.com\/nw\/tag\/roman-reigns\" target=\"_blank\" rel=\"noopener noreferrer\" data-is-sponsored=\"false\">Roman Reigns<\/a> podr\u00eda no estar siquiera en la ecuaci\u00f3n. The OTC tiene una historia en curso con Seth Rollins y <a href=\"https:\/\/www.prwrestling.com\/nw\/tag\/paul-heyman\" target=\"_blank\" rel=\"noopener noreferrer\" data-is-sponsored=\"false\">Paul Heyman<\/a>, que solo puede concluir si regresa. Independientemente, la reuni\u00f3n de The Usos en SmackDown ser\u00eda un gran movimiento para todos los involucrados.<\/p>\n<p>\u00a1Triple H, haz que ocurra! \u00a1Jey Uso necesita volver a casa!<\/p>\n","protected":false},"excerpt":{"rendered":"<p>La superestrella de la WWE Jey Uso ha tenido una destacada carrera como luchador individual en Monday Night RAW. Desde que se separ\u00f3 de The Bloodline, ha crecido exponencialmente como estrella individual.<\/p>\n","protected":false},"author":1,"featured_media":281296,"comment_status":"closed","ping_status":"closed","sticky":false,"template":"","format":"standard","meta":{"footnotes":""},"categories":[5,38],"tags":[],"class_list":{"0":"post-281056","1":"post","2":"type-post","3":"status-publish","4":"format-standard","5":"has-post-thumbnail","7":"category-noticias","8":"category-noticias-y-rumores-de-la-wwe"},"_links":{"self":[{"href":"https:\/\/www.prwrestling.com\/nw\/wp-json\/wp\/v2\/posts\/281056","targetHints":{"allow":["GET"]}}],"collection":[{"href":"https:\/\/www.prwrestling.com\/nw\/wp-json\/wp\/v2\/posts"}],"about":[{"href":"https:\/\/www.prwrestling.com\/nw\/wp-json\/wp\/v2\/types\/post"}],"author":[{"embeddable":true,"href":"https:\/\/www.prwrestling.com\/nw\/wp-json\/wp\/v2\/users\/1"}],"replies":[{"embeddable":true,"href":"https:\/\/www.prwrestling.com\/nw\/wp-json\/wp\/v2\/comments?post=281056"}],"version-history":[{"count":1,"href":"https:\/\/www.prwrestling.com\/nw\/wp-json\/wp\/v2\/posts\/281056\/revisions"}],"predecessor-version":[{"id":281297,"href":"https:\/\/www.prwrestling.com\/nw\/wp-json\/wp\/v2\/posts\/281056\/revisions\/281297"}],"wp:featuredmedia":[{"embeddable":true,"href":"https:\/\/www.prwrestling.com\/nw\/wp-json\/wp\/v2\/media\/281296"}],"wp:attachment":[{"href":"https:\/\/www.prwrestling.com\/nw\/wp-json\/wp\/v2\/media?parent=281056"}],"wp:term":[{"taxonomy":"category","embeddable":true,"href":"https:\/\/www.prwrestling.com\/nw\/wp-json\/wp\/v2\/categories?post=281056"},{"taxonomy":"post_tag","embeddable":true,"href":"https:\/\/www.prwrestling.com\/nw\/wp-json\/wp\/v2\/tags?post=281056"}],"curies":[{"name":"wp","href":"https:\/\/api.w.org\/{rel}","templated":true}]}}