{"id":281305,"date":"2025-07-03T12:06:44","date_gmt":"2025-07-03T16:06:44","guid":{"rendered":"https:\/\/www.prwrestling.com\/nw\/?p=281305"},"modified":"2025-07-03T12:06:44","modified_gmt":"2025-07-03T16:06:44","slug":"mercedes-mone-sasha-banks-le-dice-a-un-fan-de-la-wwe-que-deje-de-llorar","status":"publish","type":"post","link":"https:\/\/www.prwrestling.com\/nw\/mercedes-mone-sasha-banks-le-dice-a-un-fan-de-la-wwe-que-deje-de-llorar\/","title":{"rendered":"Mercedes Mon\u00e9 (Sasha Banks) le dice a un fan de la WWE que deje de llorar"},"content":{"rendered":"<p><a href=\"https:\/\/www.prwrestling.com\/nw\/tag\/mercedes-mone\" target=\"_blank\" rel=\"noopener noreferrer\" data-is-sponsored=\"false\">Mercedes Mon\u00e9<\/a> ha estado en una racha so\u00f1ada desde que sali\u00f3 abruptamente de la WWE en 2022. La CEO, que est\u00e1 firmada con AEW, actualmente ostenta m\u00faltiples t\u00edtulos femeninos en varias promociones. Recientemente gan\u00f3 el Campeonato Mundial Femenino de CMLL en Grand Slam: M\u00e9xico y buscar\u00e1 sumar a su colecci\u00f3n en All In, cuando enfrente a la Campeona Mundial Femenina de AEW <a href=\"https:\/\/www.prwrestling.com\/nw\/tag\/toni-storm\" target=\"_blank\" rel=\"noopener noreferrer\" data-is-sponsored=\"false\">Toni Storm<\/a>.<\/p>\n<p><!--more--><div id=\"ad-slot\" style=\"min-width: 300px; min-height: 250px;\">\r\n<p style=\"text-align: center;\">\r\n<script async src=\"https:\/\/pagead2.googlesyndication.com\/pagead\/js\/adsbygoogle.js\"><\/script>\r\n<!-- 300x250 sc a -->\r\n<ins class=\"adsbygoogle\"\r\n     style=\"display:inline-block;width:300px;height:250px\"\r\n     data-ad-client=\"ca-pub-1244235910658811\"\r\n     data-ad-slot=\"8592682546\"><\/ins>\r\n<script>\r\n     (adsbygoogle = window.adsbygoogle || []).push({});\r\n<\/script><\/center>\r\n<\/p><\/div><\/p>\n<p>A pesar de su \u00e9xito fuera de la WWE, hay una secci\u00f3n de fan\u00e1ticos que quieren ver de vuelta a la antigua Sasha Banks en la promoci\u00f3n con sede en Stamford. Sin embargo, la actual Campeona TBS de AEW ha declarado que est\u00e1 feliz trabajando en la organizaci\u00f3n liderada por <a href=\"https:\/\/www.prwrestling.com\/nw\/tag\/tony-khan\" target=\"_blank\" rel=\"noopener noreferrer\" data-is-sponsored=\"false\">Tony Khan<\/a>.<\/p>\n<p>Aun as\u00ed, no hay forma de detener a los fan\u00e1ticos curiosos que esperan ver a Mercedes Mon\u00e9 en la WWE nuevamente. Pero la CEO recientemente se cans\u00f3 y le pidi\u00f3 a un fan, que dijo que la extra\u00f1aba en la WWE, que dejara de llorar durante <a href=\"https:\/\/www.instagram.com\/mercedesmone\" target=\"_blank\" rel=\"nofollow noopener noreferrer\" data-is-sponsored=\"false\">una sesi\u00f3n en vivo de Instagram<\/a>.<\/p>\n<div id=\"ad-slot\" style=\"min-width: 300px; min-height: 250px;\"><p style=\"text-align: center;\">\r\n<script async src=\"https:\/\/pagead2.googlesyndication.com\/pagead\/js\/adsbygoogle.js\"><\/script>\r\n<!-- Responsive sc c -->\r\n<ins class=\"adsbygoogle\"\r\n     style=\"display:block\"\r\n     data-ad-client=\"ca-pub-1244235910658811\"\r\n     data-ad-slot=\"4234005358\"\r\n     data-ad-format=\"auto\"\r\n     data-full-width-responsive=\"true\"><\/ins>\r\n<script>\r\n     (adsbygoogle = window.adsbygoogle || []).push({});\r\n<\/script><\/p><\/div>\n<blockquote><p>&#8220;&#8216;Ehhh, te extra\u00f1o *ruidos de beb\u00e9*&#8217;. Llor\u00f3n, puedes ver a Mercedes Mon\u00e9 todas las semanas en AEW Dynamite, y en 10 d\u00edas, puedes verme en AEW All In cuando me convierta en la Campeona Mundial Femenina de AEW. Gracias,&#8221; dijo mientras se dirig\u00eda al fan.<\/p><\/blockquote>\n<p>El a\u00f1o pasado, Mon\u00e9 apareci\u00f3 en <em><a href=\"https:\/\/www.youtube.com\/watch?v=-Am01cBKHGU\" target=\"_blank\" rel=\"nofollow noopener noreferrer\" data-is-sponsored=\"false\">The Breakfast Club<\/a><\/em> y le preguntaron si considerar\u00eda regresar a la WWE si recibiera una oferta adecuada.<\/p>\n<blockquote><p>&#8220;Despu\u00e9s de la forma en que AEW me ha tratado, no lo s\u00e9. No lo creo. Siento que tengo la mejor relaci\u00f3n con AEW ahora mismo y es genuina. Estoy viviendo mis sue\u00f1os y es el mejor lugar en el que he estado mental y f\u00edsicamente, y poder tener nuevos sue\u00f1os despu\u00e9s de estar en la industria durante 14 a\u00f1os, es la mejor sensaci\u00f3n del mundo. As\u00ed que, AEW es mi hogar ahora,&#8221; respondi\u00f3 Mon\u00e9. [Desde 22:40 en adelante]<\/p><\/blockquote>\n<div class=\"video-container\"><iframe title=\"Reproductor de video de YouTube\" src=\"https:\/\/www.youtube.com\/embed\/-Am01cBKHGU\" frameborder=\"0\" allowfullscreen=\"allowfullscreen\" aria-label=\"Video de YouTube\"><\/iframe><\/div>\n<p>Mon\u00e9 podr\u00eda haber cerrado la puerta a un regreso a la WWE. Sin embargo, a\u00fan apoya a sus ex compa\u00f1eras de cara al segundo evento premium en vivo femenino de la compa\u00f1\u00eda, Evolution 2025.<\/p>\n<h2>Mercedes Mon\u00e9 muestra apoyo a WWE Evolution<\/h2>\n<p>La WWE presentar\u00e1 su segundo evento premium en vivo Evolution el 13 de julio en Atlanta, Georgia. El show tendr\u00e1 lugar siete a\u00f1os despu\u00e9s de su primera edici\u00f3n en 2018. Se le pregunt\u00f3 a Mercedes Mon\u00e9 su opini\u00f3n sobre el evento durante su \u00faltima sesi\u00f3n en vivo de Instagram, y ella lo apoy\u00f3 completamente.<\/p>\n<blockquote><p>&#8220;Creo que ya era hora; esperaron demasiado para tener un evento de pago exclusivo para mujeres, pero amo y siempre ser\u00e9 una gran defensora de la lucha libre femenina, as\u00ed que estoy emocionada por eso,&#8221; dijo.<\/p><\/blockquote>\n<p>Mon\u00e9 luch\u00f3 en el \u00faltimo evento premium en vivo Evolution, que se celebr\u00f3 en Uniondale, Nueva York. La ex Campeona Femenina de RAW se uni\u00f3 a <a href=\"https:\/\/www.prwrestling.com\/nw\/tag\/bayley\" target=\"_blank\" rel=\"noopener noreferrer\" data-is-sponsored=\"false\">Bayley<\/a> y <a href=\"https:\/\/www.prwrestling.com\/nw\/tag\/natalya\" target=\"_blank\" rel=\"noopener noreferrer\" data-is-sponsored=\"false\">Natalya<\/a> para derrotar a The Riott Squad (Ruby Riott, <a href=\"https:\/\/www.prwrestling.com\/nw\/tag\/liv-morgan\" target=\"_blank\" rel=\"noopener noreferrer\" data-is-sponsored=\"false\">Liv Morgan<\/a> y Sarah Logan).<\/p>\n<div class=\"video-container\"><iframe title=\"Reproductor de video de YouTube\" src=\"https:\/\/www.youtube.com\/embed\/c0fMgQZQ0Fg\" frameborder=\"0\" allowfullscreen=\"allowfullscreen\" aria-label=\"Video de YouTube\"><span data-mce-type=\"bookmark\" style=\"display: inline-block; width: 0px; overflow: hidden; line-height: 0;\" class=\"mce_SELRES_start\">\ufeff<\/span><\/iframe><\/div>\n<p>La CEO no ser\u00e1 parte del evento este a\u00f1o, pero su apoyo a sus ex compa\u00f1eras y a la lucha libre femenina sigue siendo igual de fuerte.<\/p>\n","protected":false},"excerpt":{"rendered":"<p>Mercedes Mon\u00e9 ha estado en una racha so\u00f1ada desde que sali\u00f3 abruptamente de la WWE en 2022. La CEO, que est\u00e1 firmada con AEW, actualmente ostenta m\u00faltiples t\u00edtulos femeninos en varias promociones. Recientemente gan\u00f3 el Campeonato Mundial Femenino de CMLL en Grand Slam: M\u00e9xico y buscar\u00e1 sumar a su colecci\u00f3n en All In, cuando enfrente<\/p>\n","protected":false},"author":1,"featured_media":281306,"comment_status":"closed","ping_status":"closed","sticky":false,"template":"","format":"standard","meta":{"footnotes":""},"categories":[5,38],"tags":[7412],"class_list":{"0":"post-281305","1":"post","2":"type-post","3":"status-publish","4":"format-standard","5":"has-post-thumbnail","7":"category-noticias","8":"category-noticias-y-rumores-de-la-wwe","9":"tag-mercedes-mone"},"_links":{"self":[{"href":"https:\/\/www.prwrestling.com\/nw\/wp-json\/wp\/v2\/posts\/281305","targetHints":{"allow":["GET"]}}],"collection":[{"href":"https:\/\/www.prwrestling.com\/nw\/wp-json\/wp\/v2\/posts"}],"about":[{"href":"https:\/\/www.prwrestling.com\/nw\/wp-json\/wp\/v2\/types\/post"}],"author":[{"embeddable":true,"href":"https:\/\/www.prwrestling.com\/nw\/wp-json\/wp\/v2\/users\/1"}],"replies":[{"embeddable":true,"href":"https:\/\/www.prwrestling.com\/nw\/wp-json\/wp\/v2\/comments?post=281305"}],"version-history":[{"count":1,"href":"https:\/\/www.prwrestling.com\/nw\/wp-json\/wp\/v2\/posts\/281305\/revisions"}],"predecessor-version":[{"id":281308,"href":"https:\/\/www.prwrestling.com\/nw\/wp-json\/wp\/v2\/posts\/281305\/revisions\/281308"}],"wp:featuredmedia":[{"embeddable":true,"href":"https:\/\/www.prwrestling.com\/nw\/wp-json\/wp\/v2\/media\/281306"}],"wp:attachment":[{"href":"https:\/\/www.prwrestling.com\/nw\/wp-json\/wp\/v2\/media?parent=281305"}],"wp:term":[{"taxonomy":"category","embeddable":true,"href":"https:\/\/www.prwrestling.com\/nw\/wp-json\/wp\/v2\/categories?post=281305"},{"taxonomy":"post_tag","embeddable":true,"href":"https:\/\/www.prwrestling.com\/nw\/wp-json\/wp\/v2\/tags?post=281305"}],"curies":[{"name":"wp","href":"https:\/\/api.w.org\/{rel}","templated":true}]}}