{"id":281492,"date":"2025-07-04T12:22:29","date_gmt":"2025-07-04T16:22:29","guid":{"rendered":"https:\/\/www.prwrestling.com\/nw\/?p=281492"},"modified":"2025-07-04T12:22:43","modified_gmt":"2025-07-04T16:22:43","slug":"charlotte-flair-revela-la-verdadera-razon-por-la-que-es-luchadora-y-no-es-su-papa","status":"publish","type":"post","link":"https:\/\/www.prwrestling.com\/nw\/charlotte-flair-revela-la-verdadera-razon-por-la-que-es-luchadora-y-no-es-su-papa\/","title":{"rendered":"Charlotte Flair revela la verdadera raz\u00f3n por la que es luchadora, y no es su pap\u00e1"},"content":{"rendered":"<p><a href=\"https:\/\/www.prwrestling.com\/nw\/tag\/charlotte-flair\" target=\"_blank\" rel=\"noopener noreferrer\" data-is-sponsored=\"false\">Charlotte Flair<\/a> ha estado persiguiendo la grandeza en la WWE durante m\u00e1s de una d\u00e9cada, pero para cualquiera que piense que su \u00e9xito se trata solo de continuar con el legado de Ric Flair, ella est\u00e1 dejando las cosas claras.<\/p>\n<p><!--more--><div id=\"ad-slot\" style=\"min-width: 300px; min-height: 250px;\">\r\n<p style=\"text-align: center;\">\r\n<script async src=\"https:\/\/pagead2.googlesyndication.com\/pagead\/js\/adsbygoogle.js\"><\/script>\r\n<!-- 300x250 sc a -->\r\n<ins class=\"adsbygoogle\"\r\n     style=\"display:inline-block;width:300px;height:250px\"\r\n     data-ad-client=\"ca-pub-1244235910658811\"\r\n     data-ad-slot=\"8592682546\"><\/ins>\r\n<script>\r\n     (adsbygoogle = window.adsbygoogle || []).push({});\r\n<\/script><\/center>\r\n<\/p><\/div><\/p>\n<p><a href=\"https:\/\/www.youtube.com\/watch?v=SZyTMjRshDg\" target=\"_blank\" rel=\"noopener noreferrer\" data-is-sponsored=\"false\">Durante su reciente entrevista con <em>WrestleZone<\/em><\/a>, Charlotte habl\u00f3 sobre lo que desear\u00eda que la gente destacara m\u00e1s al hablar de su carrera, y no tiene nada que ver con ser la hija de su padre.<\/p>\n<p>Cuando se le pregunt\u00f3 c\u00f3mo espera que los fan\u00e1ticos la recuerden m\u00e1s all\u00e1 de los campeonatos y reinados titulares, Charlotte dej\u00f3 claro que su verdadera motivaci\u00f3n para subir al ring tuvo poco que ver con <a href=\"https:\/\/www.prwrestling.com\/nw\/tag\/ric-flair\" target=\"_blank\" rel=\"noopener noreferrer\" data-is-sponsored=\"false\">Ric Flair<\/a> y todo que ver con su difunto hermano, Reid.<\/p>\n<div id=\"ad-slot\" style=\"min-width: 300px; min-height: 250px;\"><p style=\"text-align: center;\">\r\n<script async src=\"https:\/\/pagead2.googlesyndication.com\/pagead\/js\/adsbygoogle.js\"><\/script>\r\n<!-- Responsive sc c -->\r\n<ins class=\"adsbygoogle\"\r\n     style=\"display:block\"\r\n     data-ad-client=\"ca-pub-1244235910658811\"\r\n     data-ad-slot=\"4234005358\"\r\n     data-ad-format=\"auto\"\r\n     data-full-width-responsive=\"true\"><\/ins>\r\n<script>\r\n     (adsbygoogle = window.adsbygoogle || []).push({});\r\n<\/script><\/p><\/div>\n<blockquote><p>\u201cOh, s\u00e9 lo que pens\u00e9. No entr\u00e9 en la lucha libre por mi pap\u00e1. Fue por mi hermano peque\u00f1o. Y creo que la gente lo olvida un poco. Como, no estar\u00eda aqu\u00ed si no fuera por \u00e9l.\u201d<\/p><\/blockquote>\n<p>Charlotte admiti\u00f3 que llevar el nombre Flair es tanto un honor como una gran responsabilidad. Constantemente enfrenta comparaciones y suposiciones sobre que su \u00e9xito le fue entregado, pero detr\u00e1s de los reflectores hay una historia mucho m\u00e1s personal.<\/p>\n<blockquote><p>\u201cY siento que, sabes, la presi\u00f3n de ser la hija de mi pap\u00e1 y no su hijo, la gente no se da cuenta, es una bendici\u00f3n mixta con un enorme peso sobre mis hombros, pero tambi\u00e9n teniendo la oportunidad de ser una Flair. Es como\u2026 tantas facetas diferentes.\u201d<\/p><\/blockquote>\n<p><iframe title=\"Video de YouTube\" src=\"https:\/\/www.youtube.com\/embed\/SZyTMjRshDg\" frameborder=\"0\" allowfullscreen=\"allowfullscreen\" aria-label=\"Video de YouTube\"><\/iframe><\/p>\n<p>El viaje de Charlotte en la lucha libre no se trata de perseguir el legado de Ric Flair, sino de forjar el suyo propio, impulsado por la familia, la p\u00e9rdida y la presi\u00f3n que viene con uno de los nombres m\u00e1s famosos en el negocio.<\/p>\n","protected":false},"excerpt":{"rendered":"<p>Charlotte Flair ha estado persiguiendo la grandeza en la WWE durante m\u00e1s de una d\u00e9cada, pero para cualquiera que piense que su \u00e9xito se trata solo de continuar con el legado de Ric Flair, ella est\u00e1 dejando las cosas claras.<\/p>\n","protected":false},"author":1,"featured_media":210094,"comment_status":"closed","ping_status":"closed","sticky":false,"template":"","format":"standard","meta":{"footnotes":""},"categories":[5,38],"tags":[1947],"class_list":{"0":"post-281492","1":"post","2":"type-post","3":"status-publish","4":"format-standard","5":"has-post-thumbnail","7":"category-noticias","8":"category-noticias-y-rumores-de-la-wwe","9":"tag-charlotte-flair"},"_links":{"self":[{"href":"https:\/\/www.prwrestling.com\/nw\/wp-json\/wp\/v2\/posts\/281492","targetHints":{"allow":["GET"]}}],"collection":[{"href":"https:\/\/www.prwrestling.com\/nw\/wp-json\/wp\/v2\/posts"}],"about":[{"href":"https:\/\/www.prwrestling.com\/nw\/wp-json\/wp\/v2\/types\/post"}],"author":[{"embeddable":true,"href":"https:\/\/www.prwrestling.com\/nw\/wp-json\/wp\/v2\/users\/1"}],"replies":[{"embeddable":true,"href":"https:\/\/www.prwrestling.com\/nw\/wp-json\/wp\/v2\/comments?post=281492"}],"version-history":[{"count":1,"href":"https:\/\/www.prwrestling.com\/nw\/wp-json\/wp\/v2\/posts\/281492\/revisions"}],"predecessor-version":[{"id":281493,"href":"https:\/\/www.prwrestling.com\/nw\/wp-json\/wp\/v2\/posts\/281492\/revisions\/281493"}],"wp:featuredmedia":[{"embeddable":true,"href":"https:\/\/www.prwrestling.com\/nw\/wp-json\/wp\/v2\/media\/210094"}],"wp:attachment":[{"href":"https:\/\/www.prwrestling.com\/nw\/wp-json\/wp\/v2\/media?parent=281492"}],"wp:term":[{"taxonomy":"category","embeddable":true,"href":"https:\/\/www.prwrestling.com\/nw\/wp-json\/wp\/v2\/categories?post=281492"},{"taxonomy":"post_tag","embeddable":true,"href":"https:\/\/www.prwrestling.com\/nw\/wp-json\/wp\/v2\/tags?post=281492"}],"curies":[{"name":"wp","href":"https:\/\/api.w.org\/{rel}","templated":true}]}}