{"id":281766,"date":"2025-07-05T22:27:02","date_gmt":"2025-07-06T02:27:02","guid":{"rendered":"https:\/\/www.prwrestling.com\/nw\/?p=281766"},"modified":"2025-07-05T22:27:02","modified_gmt":"2025-07-06T02:27:02","slug":"cinco-veces-campeon-mundial-de-peso-pesado-de-la-wwe-no-volvera-a-luchar-confirma-dutch-mantell-revela-el-motivo","status":"publish","type":"post","link":"https:\/\/www.prwrestling.com\/nw\/cinco-veces-campeon-mundial-de-peso-pesado-de-la-wwe-no-volvera-a-luchar-confirma-dutch-mantell-revela-el-motivo\/","title":{"rendered":"Cinco veces campe\u00f3n mundial de peso pesado de la WWE no volver\u00e1 a luchar, confirma Dutch Mantell; revela el motivo"},"content":{"rendered":"<p>El exmanager de la WWE <a href=\"https:\/\/www.prwrestling.com\/nw\/tag\/dutch-mantell\" target=\"_blank\" rel=\"noopener noreferrer\" data-is-sponsored=\"false\">Dutch Mantell<\/a> no cree que un cinco veces Campe\u00f3n Mundial Peso Pesado regrese a la acci\u00f3n en el ring nuevamente. El veterano tambi\u00e9n explic\u00f3 la raz\u00f3n detr\u00e1s de esta decisi\u00f3n.<\/p>\n<p><!--more--><div id=\"ad-slot\" style=\"min-width: 300px; min-height: 250px;\">\r\n<p style=\"text-align: center;\">\r\n<script async src=\"https:\/\/pagead2.googlesyndication.com\/pagead\/js\/adsbygoogle.js\"><\/script>\r\n<!-- 300x250 sc a -->\r\n<ins class=\"adsbygoogle\"\r\n     style=\"display:inline-block;width:300px;height:250px\"\r\n     data-ad-client=\"ca-pub-1244235910658811\"\r\n     data-ad-slot=\"8592682546\"><\/ins>\r\n<script>\r\n     (adsbygoogle = window.adsbygoogle || []).push({});\r\n<\/script><\/center>\r\n<\/p><\/div><\/p>\n<p>Muchos nombres destacados en el mundo de la lucha libre profesional han salido del retiro para competir en otro combate. Sin embargo, el CCO de la WWE, <a href=\"https:\/\/www.prwrestling.com\/nw\/tag\/triple-h\" target=\"_blank\" rel=\"noopener noreferrer\" data-is-sponsored=\"false\">Triple H<\/a>, ha dejado claro que ha terminado con la acci\u00f3n en el ring tras su retiro debido a problemas card\u00edacos. The Game reiter\u00f3 esto durante la conferencia posterior a Night of Champions, se\u00f1alando que si lucha en otro combate, ser\u00e1 lo \u00faltimo que haga.<\/p>\n<p>Hablando sobre los comentarios de Triple H en su podcast <em>Story Time with Dutch Mantell<\/em>, el veterano se\u00f1al\u00f3 que incluso si la salud de Hunter le permitiera volver a ponerse las botas de lucha, no luchar\u00eda de nuevo, ya que no quiere ser recordado por una \u00faltima actuaci\u00f3n mediocre en el cuadril\u00e1tero.<\/p>\n<div id=\"ad-slot\" style=\"min-width: 300px; min-height: 250px;\"><p style=\"text-align: center;\">\r\n<script async src=\"https:\/\/pagead2.googlesyndication.com\/pagead\/js\/adsbygoogle.js\"><\/script>\r\n<!-- Responsive sc c -->\r\n<ins class=\"adsbygoogle\"\r\n     style=\"display:block\"\r\n     data-ad-client=\"ca-pub-1244235910658811\"\r\n     data-ad-slot=\"4234005358\"\r\n     data-ad-format=\"auto\"\r\n     data-full-width-responsive=\"true\"><\/ins>\r\n<script>\r\n     (adsbygoogle = window.adsbygoogle || []).push({});\r\n<\/script><\/p><\/div>\n<blockquote><p>\u201cNo creo que est\u00e9 en tan mal estado de salud, pero no creo que quiera tentar a la suerte. La mayor\u00eda de los chicos en el rango de Triple H no tendr\u00edan problema con tal vez tener un \u00faltimo combate. Pero es el desempe\u00f1o que pueden ofrecer. Prefiere ser recordado por sus actuaciones ya realizadas que ser juzgado por lo que pueda hacer ahora.\u201d [De 1:00:14 a 1:00:44]<\/p><\/blockquote>\n<div class=\"video-container\"><iframe title=\"Video de YouTube\" src=\"https:\/\/www.youtube.com\/embed\/mCswjyv_5Bg\" frameborder=\"0\" allowfullscreen=\"allowfullscreen\" aria-label=\"Video de YouTube\"><\/iframe><\/div>\n<h2>El \u00faltimo combate de Triple H en la WWE fue en 2019<\/h2>\n<p><a href=\"https:\/\/www.prwrestling.com\/nw\/tag\/triple-h\" target=\"_blank\" rel=\"noopener noreferrer\" data-is-sponsored=\"false\">Triple H<\/a> asumi\u00f3 roles detr\u00e1s de escena en WWE hacia el final de su carrera y lentamente se convirti\u00f3 en un luchador a tiempo parcial. Sin embargo, se vio obligado a retirarse en 2022 debido a un problema de salud.<\/p>\n<p>El \u00faltimo combate de The Game fue en 2019 cuando se uni\u00f3 a Shinsuke Nakamura en un evento en vivo para derrotar a <a href=\"https:\/\/www.prwrestling.com\/nw\/tag\/robert-roode\" target=\"_blank\" rel=\"noopener noreferrer\" data-is-sponsored=\"false\">Robert Roode<\/a> y <a href=\"https:\/\/www.prwrestling.com\/nw\/tag\/samoa-joe\" target=\"_blank\" rel=\"noopener noreferrer\" data-is-sponsored=\"false\">Samoa Joe<\/a>. Su \u00faltimo combate televisado fue en Super ShowDown 2019, donde perdi\u00f3 ante <a href=\"https:\/\/www.prwrestling.com\/nw\/tag\/randy-orton\" target=\"_blank\" rel=\"noopener noreferrer\" data-is-sponsored=\"false\">Randy Orton<\/a> en Jeddah, Arabia Saudita.<\/p>\n<p>Triple H es uno de los luchadores profesionales m\u00e1s condecorados de todos los tiempos. Es un 14 veces Campe\u00f3n Mundial, solo superado por <a href=\"https:\/\/www.prwrestling.com\/nw\/tag\/ric-flair\" target=\"_blank\" rel=\"noopener noreferrer\" data-is-sponsored=\"false\">Ric Flair<\/a> y <a href=\"https:\/\/www.prwrestling.com\/nw\/tag\/john-cena\" target=\"_blank\" rel=\"noopener noreferrer\" data-is-sponsored=\"false\">John Cena<\/a>. The Game ahora ha hecho una transici\u00f3n completa a un rol ejecutivo y es el Director de Contenidos de la WWE.<\/p>\n","protected":false},"excerpt":{"rendered":"<p>El exmanager de la WWE Dutch Mantell no cree que un cinco veces Campe\u00f3n Mundial Peso Pesado regrese a la acci\u00f3n en el ring nuevamente. El veterano tambi\u00e9n explic\u00f3 la raz\u00f3n detr\u00e1s de esta decisi\u00f3n.<\/p>\n","protected":false},"author":1,"featured_media":281767,"comment_status":"closed","ping_status":"closed","sticky":false,"template":"","format":"standard","meta":{"footnotes":""},"categories":[5,38],"tags":[],"class_list":{"0":"post-281766","1":"post","2":"type-post","3":"status-publish","4":"format-standard","5":"has-post-thumbnail","7":"category-noticias","8":"category-noticias-y-rumores-de-la-wwe"},"_links":{"self":[{"href":"https:\/\/www.prwrestling.com\/nw\/wp-json\/wp\/v2\/posts\/281766","targetHints":{"allow":["GET"]}}],"collection":[{"href":"https:\/\/www.prwrestling.com\/nw\/wp-json\/wp\/v2\/posts"}],"about":[{"href":"https:\/\/www.prwrestling.com\/nw\/wp-json\/wp\/v2\/types\/post"}],"author":[{"embeddable":true,"href":"https:\/\/www.prwrestling.com\/nw\/wp-json\/wp\/v2\/users\/1"}],"replies":[{"embeddable":true,"href":"https:\/\/www.prwrestling.com\/nw\/wp-json\/wp\/v2\/comments?post=281766"}],"version-history":[{"count":1,"href":"https:\/\/www.prwrestling.com\/nw\/wp-json\/wp\/v2\/posts\/281766\/revisions"}],"predecessor-version":[{"id":281769,"href":"https:\/\/www.prwrestling.com\/nw\/wp-json\/wp\/v2\/posts\/281766\/revisions\/281769"}],"wp:featuredmedia":[{"embeddable":true,"href":"https:\/\/www.prwrestling.com\/nw\/wp-json\/wp\/v2\/media\/281767"}],"wp:attachment":[{"href":"https:\/\/www.prwrestling.com\/nw\/wp-json\/wp\/v2\/media?parent=281766"}],"wp:term":[{"taxonomy":"category","embeddable":true,"href":"https:\/\/www.prwrestling.com\/nw\/wp-json\/wp\/v2\/categories?post=281766"},{"taxonomy":"post_tag","embeddable":true,"href":"https:\/\/www.prwrestling.com\/nw\/wp-json\/wp\/v2\/tags?post=281766"}],"curies":[{"name":"wp","href":"https:\/\/api.w.org\/{rel}","templated":true}]}}