{"id":282107,"date":"2025-07-11T17:18:14","date_gmt":"2025-07-11T21:18:14","guid":{"rendered":"https:\/\/www.prwrestling.com\/nw\/?p=282107"},"modified":"2025-07-11T17:18:14","modified_gmt":"2025-07-11T21:18:14","slug":"logan-paul-nombra-a-leyenda-de-la-wwe-de-53-anos-como-su-oponente-sonado","status":"publish","type":"post","link":"https:\/\/www.prwrestling.com\/nw\/logan-paul-nombra-a-leyenda-de-la-wwe-de-53-anos-como-su-oponente-sonado\/","title":{"rendered":"Logan Paul nombra a leyenda de la WWE de 53 a\u00f1os como su oponente so\u00f1ado"},"content":{"rendered":"<p><a href=\"https:\/\/www.prwrestling.com\/nw\/tag\/logan-paul\" target=\"_blank\" rel=\"noopener noreferrer\" data-is-sponsored=\"false\">Logan Paul<\/a> ha expresado su inter\u00e9s en compartir el ring con una gran estrella de WWE. Nombr\u00f3 a The Rock como su oponente so\u00f1ado en la lucha libre.<\/p>\n<p><!--more--><div id=\"ad-slot\" style=\"min-width: 300px; min-height: 250px;\">\r\n<p style=\"text-align: center;\">\r\n<script async src=\"https:\/\/pagead2.googlesyndication.com\/pagead\/js\/adsbygoogle.js\"><\/script>\r\n<!-- 300x250 sc a -->\r\n<ins class=\"adsbygoogle\"\r\n     style=\"display:inline-block;width:300px;height:250px\"\r\n     data-ad-client=\"ca-pub-1244235910658811\"\r\n     data-ad-slot=\"8592682546\"><\/ins>\r\n<script>\r\n     (adsbygoogle = window.adsbygoogle || []).push({});\r\n<\/script><\/center>\r\n<\/p><\/div><\/p>\n<p>Las dos estrellas colaboraron mucho antes de que The Maverick pusiera un pie en el cuadril\u00e1tero, con el hombre de 53 a\u00f1os incluso apareciendo en sus videos. Sin embargo, la megaestrella de las redes sociales ha admitido p\u00fablicamente que tuvieron una pelea tras el incidente en Jap\u00f3n.<\/p>\n<p>Logan Paul afirm\u00f3 en su nuevo video de <em><a href=\"https:\/\/www.youtube.com\/watch?v=KKySmSL70Mg\" target=\"_blank\" rel=\"nofollow noopener noreferrer\" data-is-sponsored=\"false\">YouTube<\/a><\/em> que su oponente so\u00f1ado en WWE es The Rock. Cree que podr\u00edan ofrecer un espect\u00e1culo basado en su historia.<\/p>\n<div id=\"ad-slot\" style=\"min-width: 300px; min-height: 250px;\"><p style=\"text-align: center;\">\r\n<script async src=\"https:\/\/pagead2.googlesyndication.com\/pagead\/js\/adsbygoogle.js\"><\/script>\r\n<!-- Responsive sc c -->\r\n<ins class=\"adsbygoogle\"\r\n     style=\"display:block\"\r\n     data-ad-client=\"ca-pub-1244235910658811\"\r\n     data-ad-slot=\"4234005358\"\r\n     data-ad-format=\"auto\"\r\n     data-full-width-responsive=\"true\"><\/ins>\r\n<script>\r\n     (adsbygoogle = window.adsbygoogle || []).push({});\r\n<\/script><\/p><\/div>\n<blockquote><p>&#8220;Creo que mi oponente so\u00f1ado en la lucha libre ser\u00eda en realidad The Rock. Creo que tenemos una historia interesante que har\u00eda un espect\u00e1culo bastante impresionante,&#8221; dijo. [3:50-3:58]<\/p><\/blockquote>\n<div class=\"video-container\"><iframe title=\"Reproductor de video de YouTube\" src=\"https:\/\/www.youtube.com\/embed\/KKySmSL70Mg\" frameborder=\"0\" allowfullscreen=\"allowfullscreen\" aria-label=\"Video de YouTube\"><\/iframe><\/div>\n<h2>JBL piensa que Logan Paul retirando a John Cena es una idea brillante<\/h2>\n<p>El L\u00edder de la Cenation tendr\u00e1 su combate de retiro a finales de este a\u00f1o. Durante un episodio reciente de <em><a href=\"https:\/\/www.youtube.com\/watch?v=GsKha6_eCYY\" target=\"_blank\" rel=\"nofollow noopener noreferrer\" data-is-sponsored=\"false\">Something to Wrestle<\/a><\/em>, JBL reaccion\u00f3 a la idea de que Logan sea quien retire a John Cena.<\/p>\n<p>El veterano tambi\u00e9n elogi\u00f3 ampliamente a The Maverick por su trabajo en el ring.<\/p>\n<blockquote><p>&#8220;Eso es una gran idea. Dios m\u00edo, la gente estar\u00eda furiosa por eso. Es brillante. No hab\u00eda pensado en eso. Y tienes a Logan Paul yendo a todos estos programas hablando sobre retirar a John Cena. Sacar\u00eda mucho provecho de eso. Obtendr\u00edas m\u00e1s de eso que de cualquier otra cosa que puedas hacer. Quiero decir, \u00e9l [Paul] es un verdadero heel. Y no necesariamente un heel. Es una atracci\u00f3n, y hace un gran trabajo con eso. Darle esa carta de triunfo para guardar en su bolsillo, hombre, eso ser\u00eda enorme.&#8221;<\/p><\/blockquote>\n<div class=\"video-container\"><iframe title=\"Reproductor de video de YouTube\" src=\"https:\/\/www.youtube.com\/embed\/GsKha6_eCYY\" frameborder=\"0\" allowfullscreen=\"allowfullscreen\" aria-label=\"Video de YouTube\"><\/iframe><\/div>\n<p>Logan y John Cena hicieron equipo en Money in the Bank 2025. Que The Maverick retire a <a href=\"https:\/\/www.prwrestling.com\/nw\/tag\/john-cena\" target=\"_blank\" rel=\"noopener noreferrer\" data-is-sponsored=\"false\">El \u00daltimo Campe\u00f3n Real<\/a> definitivamente ser\u00eda impopular entre la mayor\u00eda de los fan\u00e1ticos.<\/p>\n","protected":false},"excerpt":{"rendered":"<p>Logan Paul ha expresado su inter\u00e9s en compartir el ring con una gran estrella de WWE. Nombr\u00f3 a The Rock como su oponente so\u00f1ado en la lucha libre.<\/p>\n","protected":false},"author":1,"featured_media":282108,"comment_status":"closed","ping_status":"closed","sticky":false,"template":"","format":"standard","meta":{"footnotes":""},"categories":[5,38],"tags":[7363],"class_list":{"0":"post-282107","1":"post","2":"type-post","3":"status-publish","4":"format-standard","5":"has-post-thumbnail","7":"category-noticias","8":"category-noticias-y-rumores-de-la-wwe","9":"tag-logan-paul"},"_links":{"self":[{"href":"https:\/\/www.prwrestling.com\/nw\/wp-json\/wp\/v2\/posts\/282107","targetHints":{"allow":["GET"]}}],"collection":[{"href":"https:\/\/www.prwrestling.com\/nw\/wp-json\/wp\/v2\/posts"}],"about":[{"href":"https:\/\/www.prwrestling.com\/nw\/wp-json\/wp\/v2\/types\/post"}],"author":[{"embeddable":true,"href":"https:\/\/www.prwrestling.com\/nw\/wp-json\/wp\/v2\/users\/1"}],"replies":[{"embeddable":true,"href":"https:\/\/www.prwrestling.com\/nw\/wp-json\/wp\/v2\/comments?post=282107"}],"version-history":[{"count":1,"href":"https:\/\/www.prwrestling.com\/nw\/wp-json\/wp\/v2\/posts\/282107\/revisions"}],"predecessor-version":[{"id":282109,"href":"https:\/\/www.prwrestling.com\/nw\/wp-json\/wp\/v2\/posts\/282107\/revisions\/282109"}],"wp:featuredmedia":[{"embeddable":true,"href":"https:\/\/www.prwrestling.com\/nw\/wp-json\/wp\/v2\/media\/282108"}],"wp:attachment":[{"href":"https:\/\/www.prwrestling.com\/nw\/wp-json\/wp\/v2\/media?parent=282107"}],"wp:term":[{"taxonomy":"category","embeddable":true,"href":"https:\/\/www.prwrestling.com\/nw\/wp-json\/wp\/v2\/categories?post=282107"},{"taxonomy":"post_tag","embeddable":true,"href":"https:\/\/www.prwrestling.com\/nw\/wp-json\/wp\/v2\/tags?post=282107"}],"curies":[{"name":"wp","href":"https:\/\/api.w.org\/{rel}","templated":true}]}}