{"id":282523,"date":"2025-07-20T12:31:42","date_gmt":"2025-07-20T16:31:42","guid":{"rendered":"https:\/\/www.prwrestling.com\/nw\/?p=282523"},"modified":"2025-07-20T12:31:42","modified_gmt":"2025-07-20T16:31:42","slug":"los-planes-de-la-wwe-para-roman-reigns-son-cuestionados-por-leyenda-del-bloodline-demasiado-pronto-para-que-una-estrella-se-enfrente-al-jefe-tribal","status":"publish","type":"post","link":"https:\/\/www.prwrestling.com\/nw\/los-planes-de-la-wwe-para-roman-reigns-son-cuestionados-por-leyenda-del-bloodline-demasiado-pronto-para-que-una-estrella-se-enfrente-al-jefe-tribal\/","title":{"rendered":"Los planes de la WWE para Roman Reigns son cuestionados por leyenda del Bloodline; \u00bfDemasiado pronto para que una estrella se enfrente al Jefe Tribal?"},"content":{"rendered":"<p>Roman Reigns hizo un regreso triunfal a WWE el pasado lunes en RAW, pero una leyenda de The Bloodline ha cuestionado los planes actuales para el OTC. Rikishi, miembro del Sal\u00f3n de la Fama de WWE, cree que es demasiado pronto para que una joven estrella destacada enfrente al ex Campe\u00f3n Universal Indiscutido de WWE.<\/p>\n<p><!--more--><div id=\"ad-slot\" style=\"min-width: 300px; min-height: 250px;\">\r\n<p style=\"text-align: center;\">\r\n<!-- Site name: prwrestling.com\r\nZone name: prwrestling.com_banner_300x250\r\nZone id: 2109741734\r\nType: banner\r\nFormat: 300x250\r\n --> \r\n\r\n<!-- Copy and paste this code on the page. -->\r\n<div id='zone_2109741734' ><\/div>\r\n<script>\r\n    (function(w,d,o,g,r,a,m){\r\n        var cid='zone_2109741734';\r\n        w[r]=w[r]||function(){(w[r+'l']=w[r+'l']||[]).push(arguments)};\r\n        function e(b,w,r){if((w[r+'h']=b.pop())&&!w.ABN){\r\n            var a=d.createElement(o),p=d.getElementsByTagName(o)[0];a.async=1;\r\n            a.src='https:\/\/cdn.'+w[r+'h']+'\/libs\/e.js';a.onerror=function(){e(g,w,r)};\r\n            p.parentNode.insertBefore(a,p)}}e(g,w,r);\r\n        w[r](cid,{id:2109741734,domain:w[r+'h']});\r\n    })(window,document,'script',['traffmovie.com'],'ABNS');\r\n<\/script>\r\n\r\n<!--\r\nWhen setting the zone code, make sure:\r\n  - you have provided all domains from which the area code will be called\r\n  - the site does not limit the loading in the Content Security Policy\r\n  - the area code is installed in the ad space inside the page\r\n  - site layout allows you to display the banner on mobile devices in full size\r\nUse data-cp1={customParam1} data-cp2={customParam2}... attributes for sending custom params\r\n-->\r\n<\/p><\/div><\/p>\n<p>Tras casi tres meses de ausencia, Reigns regres\u00f3 en el episodio de RAW del 14 de julio en Birmingham, Alabama. Irrumpi\u00f3 en el ring para enfrentarse a Bron Breakker y Bronson Reed, salvando a CM Punk y Jey Uso de una paliza.<\/p>\n<p>El plan rumoreado para el OTC es un posible enfrentamiento uno contra uno contra Breakker en SummerSlam. Sin embargo, <a href=\"https:\/\/www.prwrestling.com\/nw\/tag\/rikishi\">Rikishi<\/a> cree que es demasiado pronto para que el dos veces Campe\u00f3n Intercontinental enfrente a alguien como Roman Reigns en el segundo evento m\u00e1s grande del a\u00f1o de WWE.<\/p>\n<div id=\"ad-slot\" style=\"min-width: 300px; min-height: 250px;\"><p style=\"text-align: center;\">\r\n<script async src=\"https:\/\/pagead2.googlesyndication.com\/pagead\/js\/adsbygoogle.js\"><\/script>\r\n<!-- Responsive sc c -->\r\n<ins class=\"adsbygoogle\"\r\n     style=\"display:block\"\r\n     data-ad-client=\"ca-pub-1244235910658811\"\r\n     data-ad-slot=\"4234005358\"\r\n     data-ad-format=\"auto\"\r\n     data-full-width-responsive=\"true\"><\/ins>\r\n<script>\r\n     (adsbygoogle = window.adsbygoogle || []).push({});\r\n<\/script><\/p><\/div>\n<p>Habl\u00f3 en su podcast <em><a href=\"https:\/\/www.youtube.com\/watch?v=I6vewfMXA-w\" target=\"_blank\" rel=\"nofollow noopener noreferrer\" data-is-sponsored=\"false\">Off The Top<\/a><\/em> cuando dijo:<\/p>\n<blockquote><p>&#8220;Bron Breakker ha sido colocado en esa posici\u00f3n para ser un luchador estelar por su cuenta pronto. Ahora mismo, est\u00e1 rodeado para recibir ese tipo de reconocimiento y tambi\u00e9n para guiarlo. Pero es un aprendiz r\u00e1pido. Es un gran atleta. Tiene buena presencia. Sus promos est\u00e1n ah\u00ed, pero siento que con el tiempo, \u00e9l tambi\u00e9n ser\u00e1 esa persona,&#8221; dijo Rikishi. [13:34 &#8211; 14:03]<\/p><\/blockquote>\n<div class=\"video-container\"><iframe title=\"Reproductor de video de YouTube\" src=\"https:\/\/www.youtube.com\/embed\/I6vewfMXA-w\" frameborder=\"0\" allowfullscreen=\"allowfullscreen\" aria-label=\"Video de YouTube\"><\/iframe><\/div>\n<p>Otra posibilidad que se ha mencionado en l\u00ednea es que <a href=\"https:\/\/www.prwrestling.com\/nw\/tag\/roman-reigns\" target=\"_blank\" rel=\"noopener noreferrer\" data-is-sponsored=\"false\">Roman Reigns<\/a> y Jey Uso se unan para enfrentarse al d\u00fao monstruoso de Seth Rollins. Bron Breakker ha tomado el centro de atenci\u00f3n inmediatamente despu\u00e9s de la lesi\u00f3n de rodilla de The Visionary.<\/p>\n<h2>Roman Reigns aparecer\u00e1 en el episodio de WWE RAW del 21 de julio<\/h2>\n<p>Tras su regreso la semana pasada, WWE ha anunciado que Roman Reigns est\u00e1 programado para aparecer en el episodio de RAW del 21 de julio en Houston, Texas. Reigns hablar\u00e1 sobre su regreso, as\u00ed como sobre la traici\u00f3n de su ex Consejero, <a href=\"https:\/\/www.prwrestling.com\/nw\/tag\/paul-heyman\" target=\"_blank\" rel=\"noopener noreferrer\" data-is-sponsored=\"false\">Paul Heyman<\/a>.<\/p>\n<p>El OTC nunca tuvo la oportunidad de abordar lo que pas\u00f3 en el evento principal de la Noche Uno de WrestleMania 41. Heyman no solo traicion\u00f3 a CM Punk, sino que tambi\u00e9n le dio la espalda a Reigns para unirse a Seth Rollins como su Or\u00e1culo.<\/p>\n<p>Adem\u00e1s de Reigns, CM Punk tambi\u00e9n est\u00e1 programado para aparecer y discutir sobre convertirse en el contendiente n\u00famero uno para el Campeonato Mundial Peso Pesado. Se anunciaron tres combates adicionales, as\u00ed como una propuesta de Becky Lynch para Lyra Valkyria.<\/p>\n","protected":false},"excerpt":{"rendered":"<p>Roman Reigns hizo un regreso triunfal a WWE el pasado lunes en RAW, pero una leyenda de The Bloodline ha cuestionado los planes actuales para el OTC. Rikishi, miembro del Sal\u00f3n de la Fama de WWE, cree que es demasiado pronto para que una joven estrella destacada enfrente al ex Campe\u00f3n Universal Indiscutido de WWE.<\/p>\n","protected":false},"author":1,"featured_media":282524,"comment_status":"closed","ping_status":"closed","sticky":false,"template":"","format":"standard","meta":{"footnotes":""},"categories":[5,38],"tags":[],"class_list":["post-282523","post","type-post","status-publish","format-standard","has-post-thumbnail","category-noticias","category-noticias-y-rumores-de-la-wwe"],"_links":{"self":[{"href":"https:\/\/www.prwrestling.com\/nw\/wp-json\/wp\/v2\/posts\/282523","targetHints":{"allow":["GET"]}}],"collection":[{"href":"https:\/\/www.prwrestling.com\/nw\/wp-json\/wp\/v2\/posts"}],"about":[{"href":"https:\/\/www.prwrestling.com\/nw\/wp-json\/wp\/v2\/types\/post"}],"author":[{"embeddable":true,"href":"https:\/\/www.prwrestling.com\/nw\/wp-json\/wp\/v2\/users\/1"}],"replies":[{"embeddable":true,"href":"https:\/\/www.prwrestling.com\/nw\/wp-json\/wp\/v2\/comments?post=282523"}],"version-history":[{"count":1,"href":"https:\/\/www.prwrestling.com\/nw\/wp-json\/wp\/v2\/posts\/282523\/revisions"}],"predecessor-version":[{"id":282525,"href":"https:\/\/www.prwrestling.com\/nw\/wp-json\/wp\/v2\/posts\/282523\/revisions\/282525"}],"wp:featuredmedia":[{"embeddable":true,"href":"https:\/\/www.prwrestling.com\/nw\/wp-json\/wp\/v2\/media\/282524"}],"wp:attachment":[{"href":"https:\/\/www.prwrestling.com\/nw\/wp-json\/wp\/v2\/media?parent=282523"}],"wp:term":[{"taxonomy":"category","embeddable":true,"href":"https:\/\/www.prwrestling.com\/nw\/wp-json\/wp\/v2\/categories?post=282523"},{"taxonomy":"post_tag","embeddable":true,"href":"https:\/\/www.prwrestling.com\/nw\/wp-json\/wp\/v2\/tags?post=282523"}],"curies":[{"name":"wp","href":"https:\/\/api.w.org\/{rel}","templated":true}]}}