{"id":282618,"date":"2025-07-23T13:17:09","date_gmt":"2025-07-23T17:17:09","guid":{"rendered":"https:\/\/www.prwrestling.com\/nw\/?p=282618"},"modified":"2025-07-23T13:17:09","modified_gmt":"2025-07-23T17:17:09","slug":"veterano-dice-que-la-wwe-necesita-a-vince-mcmahon-al-mando-tras-un-importante-error-durante-el-segmento-de-roman-reigns-en-raw","status":"publish","type":"post","link":"https:\/\/www.prwrestling.com\/nw\/veterano-dice-que-la-wwe-necesita-a-vince-mcmahon-al-mando-tras-un-importante-error-durante-el-segmento-de-roman-reigns-en-raw\/","title":{"rendered":"Veterano dice que la WWE necesita a Vince McMahon al mando tras un importante error durante el segmento de Roman Reigns en RAW"},"content":{"rendered":"<p>El Universo de WWE fue sorprendido la semana pasada cuando Roman Reigns hizo su esperado regreso a la compa\u00f1\u00eda. El luchador de 40 a\u00f1os no hab\u00eda aparecido en televisi\u00f3n desde que fue atacado por Bron Breakker y Seth Rollins en el RAW posterior a WrestleMania. De inmediato, apunt\u00f3 contra Breakker y Bronson Reed en su regreso.<\/p>\n<p><!--more--><div id=\"ad-slot\" style=\"min-width: 300px; min-height: 250px;\">\r\n<p style=\"text-align: center;\">\r\n<!-- Site name: prwrestling.com\r\nZone name: prwrestling.com_banner_300x250\r\nZone id: 2109741734\r\nType: banner\r\nFormat: 300x250\r\n --> \r\n\r\n<!-- Copy and paste this code on the page. -->\r\n<div id='zone_2109741734' ><\/div>\r\n<script>\r\n    (function(w,d,o,g,r,a,m){\r\n        var cid='zone_2109741734';\r\n        w[r]=w[r]||function(){(w[r+'l']=w[r+'l']||[]).push(arguments)};\r\n        function e(b,w,r){if((w[r+'h']=b.pop())&&!w.ABN){\r\n            var a=d.createElement(o),p=d.getElementsByTagName(o)[0];a.async=1;\r\n            a.src='https:\/\/cdn.'+w[r+'h']+'\/libs\/e.js';a.onerror=function(){e(g,w,r)};\r\n            p.parentNode.insertBefore(a,p)}}e(g,w,r);\r\n        w[r](cid,{id:2109741734,domain:w[r+'h']});\r\n    })(window,document,'script',['traffmovie.com'],'ABNS');\r\n<\/script>\r\n\r\n<!--\r\nWhen setting the zone code, make sure:\r\n  - you have provided all domains from which the area code will be called\r\n  - the site does not limit the loading in the Content Security Policy\r\n  - the area code is installed in the ad space inside the page\r\n  - site layout allows you to display the banner on mobile devices in full size\r\nUse data-cp1={customParam1} data-cp2={customParam2}... attributes for sending custom params\r\n-->\r\n<\/p><\/div><\/p>\n<p>La rivalidad entre Reigns y la facci\u00f3n de Paul Heyman continu\u00f3 esta semana, lo que llev\u00f3 al veterano escritor <a href=\"https:\/\/www.prwrestling.com\/nw\/tag\/vince-russo\" target=\"_blank\" rel=\"noopener noreferrer\" data-is-sponsored=\"false\">Vince Russo<\/a> a hacer una declaraci\u00f3n contundente. Russo sinti\u00f3 que WWE necesitaba que el ex presidente Vince McMahon volviera a estar a cargo, dado c\u00f3mo han ido las cosas \u00faltimamente.<\/p>\n<p>En el programa <em>Legion of RAW<\/em>, Russo critic\u00f3 el segmento que involucr\u00f3 a Reigns y el grupo de The Oracle. El veterano se\u00f1al\u00f3 a Bron Breakker, ya que consider\u00f3 que las palabras del joven luchador no estaban alineadas con las de Paul Heyman.<\/p>\n<div id=\"ad-slot\" style=\"min-width: 300px; min-height: 250px;\"><p style=\"text-align: center;\">\r\n<script async src=\"https:\/\/pagead2.googlesyndication.com\/pagead\/js\/adsbygoogle.js\"><\/script>\r\n<!-- Responsive sc c -->\r\n<ins class=\"adsbygoogle\"\r\n     style=\"display:block\"\r\n     data-ad-client=\"ca-pub-1244235910658811\"\r\n     data-ad-slot=\"4234005358\"\r\n     data-ad-format=\"auto\"\r\n     data-full-width-responsive=\"true\"><\/ins>\r\n<script>\r\n     (adsbygoogle = window.adsbygoogle || []).push({});\r\n<\/script><\/p><\/div>\n<blockquote><p>&#8220;Est\u00e1 intentando reclutar a Roman, y literalmente al segundo siguiente, Bron Breakker dice, &#8216;No lo entiendes, no te queremos aqu\u00ed.&#8217; No, Bron, \u00bfescuchaste a Paul hace un segundo? Acababa de intentar reclutarlo para tu grupo, hermano. Es incre\u00edble para m\u00ed. Como escritor, veo esto y digo que estos no son profesionales de verdad,&#8221; dijo Russo.<\/p><\/blockquote>\n<p>El ex escritor de WWE afirm\u00f3 que los luchadores mencionados no eran profesionales, sino personas que quer\u00edan ser luchadores.<\/p>\n<blockquote><p>&#8220;Cada semana, nos muestran m\u00e1s y m\u00e1s cu\u00e1nto necesitan a Vince McMahon a cargo, porque te digo, hermano, las personas al mando no tienen ni idea de lo que est\u00e1n haciendo. Y estos no son profesionales, son personas que quieren ser luchadores,&#8221; afirm\u00f3 Russo. [Desde el minuto 24:50 en adelante]<\/p><\/blockquote>\n<div class=\"video-container\"><iframe title=\"Reproductor de video de YouTube\" src=\"https:\/\/www.youtube.com\/embed\/_teH_LT3F2U\" frameborder=\"0\" allowfullscreen=\"allowfullscreen\" aria-label=\"Video de YouTube\"><\/iframe><\/div>\n<p>Roman Reigns es posiblemente el mayor atractivo en WWE actualmente, pero a\u00fan no tiene un combate confirmado para <a href=\"https:\/\/www.prwrestling.com\/nw\/tag\/wwe-summerslam\" target=\"_blank\" rel=\"noopener noreferrer\" data-is-sponsored=\"false\">SummerSlam<\/a> 2025. Seg\u00fan los informes, estaba programado para enfrentarse a su rival de larga data Seth Rollins en el evento, pero esos planes fueron descartados tras la lesi\u00f3n de este \u00faltimo. Parece que <a href=\"https:\/\/www.prwrestling.com\/nw\/rumores-sobre-posibles-luchas-a-anunciarse-para-wwe-summerslam-2025\/\" target=\"_blank\" rel=\"noopener noreferrer\" data-is-sponsored=\"false\">el OTC ahora har\u00e1 equipo con Jey Uso<\/a> para enfrentarse a Bron Breakker y Bronson Reed en el MetLife Stadium.<\/p>\n","protected":false},"excerpt":{"rendered":"<p>El Universo de WWE fue sorprendido la semana pasada cuando Roman Reigns hizo su esperado regreso a la compa\u00f1\u00eda. El luchador de 40 a\u00f1os no hab\u00eda aparecido en televisi\u00f3n desde que fue atacado por Bron Breakker y Seth Rollins en el RAW posterior a WrestleMania. De inmediato, apunt\u00f3 contra Breakker y Bronson Reed en su<\/p>\n","protected":false},"author":1,"featured_media":282620,"comment_status":"closed","ping_status":"closed","sticky":false,"template":"","format":"standard","meta":{"footnotes":""},"categories":[5,38],"tags":[],"class_list":["post-282618","post","type-post","status-publish","format-standard","has-post-thumbnail","category-noticias","category-noticias-y-rumores-de-la-wwe"],"_links":{"self":[{"href":"https:\/\/www.prwrestling.com\/nw\/wp-json\/wp\/v2\/posts\/282618","targetHints":{"allow":["GET"]}}],"collection":[{"href":"https:\/\/www.prwrestling.com\/nw\/wp-json\/wp\/v2\/posts"}],"about":[{"href":"https:\/\/www.prwrestling.com\/nw\/wp-json\/wp\/v2\/types\/post"}],"author":[{"embeddable":true,"href":"https:\/\/www.prwrestling.com\/nw\/wp-json\/wp\/v2\/users\/1"}],"replies":[{"embeddable":true,"href":"https:\/\/www.prwrestling.com\/nw\/wp-json\/wp\/v2\/comments?post=282618"}],"version-history":[{"count":1,"href":"https:\/\/www.prwrestling.com\/nw\/wp-json\/wp\/v2\/posts\/282618\/revisions"}],"predecessor-version":[{"id":282621,"href":"https:\/\/www.prwrestling.com\/nw\/wp-json\/wp\/v2\/posts\/282618\/revisions\/282621"}],"wp:featuredmedia":[{"embeddable":true,"href":"https:\/\/www.prwrestling.com\/nw\/wp-json\/wp\/v2\/media\/282620"}],"wp:attachment":[{"href":"https:\/\/www.prwrestling.com\/nw\/wp-json\/wp\/v2\/media?parent=282618"}],"wp:term":[{"taxonomy":"category","embeddable":true,"href":"https:\/\/www.prwrestling.com\/nw\/wp-json\/wp\/v2\/categories?post=282618"},{"taxonomy":"post_tag","embeddable":true,"href":"https:\/\/www.prwrestling.com\/nw\/wp-json\/wp\/v2\/tags?post=282618"}],"curies":[{"name":"wp","href":"https:\/\/api.w.org\/{rel}","templated":true}]}}