{"id":282744,"date":"2025-07-26T12:23:10","date_gmt":"2025-07-26T16:23:10","guid":{"rendered":"https:\/\/www.prwrestling.com\/nw\/?p=282744"},"modified":"2025-07-26T12:23:10","modified_gmt":"2025-07-26T16:23:10","slug":"the-undertaker-finalmente-dice-que-necesita-un-ultimo-combate-con-shawn-michaels-antes-de-retirarse","status":"publish","type":"post","link":"https:\/\/www.prwrestling.com\/nw\/the-undertaker-finalmente-dice-que-necesita-un-ultimo-combate-con-shawn-michaels-antes-de-retirarse\/","title":{"rendered":"The Undertaker finalmente dice que necesita un \u00faltimo combate con Shawn Michaels antes de retirarse"},"content":{"rendered":"<p>El Undertaker podr\u00eda no volver a luchar nunca m\u00e1s, pero ahora ha hablado finalmente sobre un \u00faltimo combate antes de retirarse definitivamente. Ha dicho que quiere enfrentarse a la estrella con la que ha compartido algunos de sus mejores combates, Shawn Michaels.<\/p>\n<p><!--more--><div id=\"ad-slot\" style=\"min-width: 300px; min-height: 250px;\">\r\n<p style=\"text-align: center;\">\r\n<script async src=\"https:\/\/pagead2.googlesyndication.com\/pagead\/js\/adsbygoogle.js\"><\/script>\r\n<!-- 300x250 sc a -->\r\n<ins class=\"adsbygoogle\"\r\n     style=\"display:inline-block;width:300px;height:250px\"\r\n     data-ad-client=\"ca-pub-1244235910658811\"\r\n     data-ad-slot=\"8592682546\"><\/ins>\r\n<script>\r\n     (adsbygoogle = window.adsbygoogle || []).push({});\r\n<\/script><\/center>\r\n<\/p><\/div><\/p>\n<p>Shawn Michaels fue parte del podcast Six Feet Under junto a Michelle McCool y The Undertaker. La leyenda habl\u00f3 sobre su retiro y c\u00f3mo no planea volver a luchar. Sin embargo, The Phenom ten\u00eda algo m\u00e1s en mente.<\/p>\n<p>El Deadman dijo que el \u00faltimo combate que tuvo con Michaels y Triple H en un combate por equipos contra Kane en Arabia Saudita lo segu\u00eda molestando. Afirm\u00f3 que, antes de retirarse, quer\u00eda redimirse teniendo un \u00faltimo combate.<\/p>\n<div id=\"ad-slot\" style=\"min-width: 300px; min-height: 250px;\"><p style=\"text-align: center;\">\r\n<script async src=\"https:\/\/pagead2.googlesyndication.com\/pagead\/js\/adsbygoogle.js\"><\/script>\r\n<!-- Responsive sc c -->\r\n<ins class=\"adsbygoogle\"\r\n     style=\"display:block\"\r\n     data-ad-client=\"ca-pub-1244235910658811\"\r\n     data-ad-slot=\"4234005358\"\r\n     data-ad-format=\"auto\"\r\n     data-full-width-responsive=\"true\"><\/ins>\r\n<script>\r\n     (adsbygoogle = window.adsbygoogle || []).push({});\r\n<\/script><\/p><\/div>\n<blockquote><p>\u201cEra como, hay algo m\u00e1s que me ha estado molestando, y creo que tenemos que corregirlo. Tenemos que redimirnos, hombre, tenemos que repetir eso en Arabia Saudita\u2026\u201d (57:54 &#8211; 58:11)<\/p><\/blockquote>\n<div class=\"video-container\"><iframe title=\"Reproductor de video de YouTube\" src=\"https:\/\/www.youtube.com\/embed\/atSnEfa37B0\" frameborder=\"0\" allowfullscreen=\"allowfullscreen\" aria-label=\"Video de YouTube\"><span data-mce-type=\"bookmark\" style=\"display: inline-block; width: 0px; overflow: hidden; line-height: 0;\" class=\"mce_SELRES_start\">\ufeff<\/span><span data-mce-type=\"bookmark\" style=\"display: inline-block; width: 0px; overflow: hidden; line-height: 0;\" class=\"mce_SELRES_start\">\ufeff<\/span><\/iframe><\/div>\n<h2>El Undertaker habl\u00f3 sobre c\u00f3mo todo sali\u00f3 mal en ese combate con Shawn Michaels y los dem\u00e1s<\/h2>\n<p>Aunque recientemente se ha acusado a The Phenom de menospreciar a un campe\u00f3n, The Undertaker habl\u00f3 sobre c\u00f3mo todo sali\u00f3 mal en ese combate.<\/p>\n<p>Destac\u00f3 c\u00f3mo Kane perdi\u00f3 su m\u00e1scara, Triple H se desgarr\u00f3 el pectoral, y dijo que fue un completo desastre.<\/p>\n<blockquote><p>\u201cKane perdiendo la m\u00e1scara. Paul se desgarra el pectoral, s\u00ed. Quiero decir, fue simplemente, Dios m\u00edo, hablar de un desastre en cualquier combate que puedas imaginar\u2026 Pero, por supuesto, sabes, me molest\u00f3 esa noche y durante un tiempo, pero ahora es casi como\u2026 \u00bfVerdad? Es gracioso, y es una gran historia para contar, porque nadie creer\u00eda que esos cuatro tipos, sin duda, tendr\u00edan un desastre as\u00ed.\u201d (59:21 &#8211; 1:02:04)<\/p><\/blockquote>\n<p>Es poco probable que alguna vez repitan el combate y tengan otro enfrentamiento.<\/p>\n","protected":false},"excerpt":{"rendered":"<p>El Undertaker podr\u00eda no volver a luchar nunca m\u00e1s, pero ahora ha hablado finalmente sobre un \u00faltimo combate antes de retirarse definitivamente. Ha dicho que quiere enfrentarse a la estrella con la que ha compartido algunos de sus mejores combates, Shawn Michaels.<\/p>\n","protected":false},"author":1,"featured_media":282746,"comment_status":"closed","ping_status":"closed","sticky":false,"template":"","format":"standard","meta":{"footnotes":""},"categories":[5,38],"tags":[1499],"class_list":{"0":"post-282744","1":"post","2":"type-post","3":"status-publish","4":"format-standard","5":"has-post-thumbnail","7":"category-noticias","8":"category-noticias-y-rumores-de-la-wwe","9":"tag-undertaker"},"_links":{"self":[{"href":"https:\/\/www.prwrestling.com\/nw\/wp-json\/wp\/v2\/posts\/282744","targetHints":{"allow":["GET"]}}],"collection":[{"href":"https:\/\/www.prwrestling.com\/nw\/wp-json\/wp\/v2\/posts"}],"about":[{"href":"https:\/\/www.prwrestling.com\/nw\/wp-json\/wp\/v2\/types\/post"}],"author":[{"embeddable":true,"href":"https:\/\/www.prwrestling.com\/nw\/wp-json\/wp\/v2\/users\/1"}],"replies":[{"embeddable":true,"href":"https:\/\/www.prwrestling.com\/nw\/wp-json\/wp\/v2\/comments?post=282744"}],"version-history":[{"count":1,"href":"https:\/\/www.prwrestling.com\/nw\/wp-json\/wp\/v2\/posts\/282744\/revisions"}],"predecessor-version":[{"id":282747,"href":"https:\/\/www.prwrestling.com\/nw\/wp-json\/wp\/v2\/posts\/282744\/revisions\/282747"}],"wp:featuredmedia":[{"embeddable":true,"href":"https:\/\/www.prwrestling.com\/nw\/wp-json\/wp\/v2\/media\/282746"}],"wp:attachment":[{"href":"https:\/\/www.prwrestling.com\/nw\/wp-json\/wp\/v2\/media?parent=282744"}],"wp:term":[{"taxonomy":"category","embeddable":true,"href":"https:\/\/www.prwrestling.com\/nw\/wp-json\/wp\/v2\/categories?post=282744"},{"taxonomy":"post_tag","embeddable":true,"href":"https:\/\/www.prwrestling.com\/nw\/wp-json\/wp\/v2\/tags?post=282744"}],"curies":[{"name":"wp","href":"https:\/\/api.w.org\/{rel}","templated":true}]}}