{"id":28309,"date":"2018-07-07T22:28:14","date_gmt":"2018-07-08T02:28:14","guid":{"rendered":"http:\/\/www.prwrestling.com\/nw\/?p=28309"},"modified":"2020-12-12T23:56:16","modified_gmt":"2020-12-13T04:56:16","slug":"undertaker-pone-los-ojos-en-blanco-para-estrella-de-los-new-york-knicks-video","status":"publish","type":"post","link":"https:\/\/www.prwrestling.com\/nw\/undertaker-pone-los-ojos-en-blanco-para-estrella-de-los-new-york-knicks-video\/","title":{"rendered":"The Undertaker pone los ojos en blanco para estrella de los New York Knicks (Video)"},"content":{"rendered":"<h2>Pone los ojos blancos para estrella de la NBA<\/h2>\n<p>Undertaker luch\u00f3 en el 2018 su primera lucha en el Madison Square Garden desde septiembre de 2010 uniendose a Roman Reigns y Braun Strowman contra Kevin Owens, Baron Corbin, y Elias.<!--more--><\/p>\n<p>Antes del show de esa noche, The Undertaker se encontr\u00f3 backstage con la estrella de los <a href=\"https:\/\/www.nba.com\/knicks\/\" target=\"_blank\" rel=\"noopener\">New York Knicks<\/a>, Enes Kanter.<br \/>\n<div id=\"ad-slot\" style=\"min-width: 300px; min-height: 250px;\">\r\n<p style=\"text-align: center;\">\r\n<script async src=\"https:\/\/pagead2.googlesyndication.com\/pagead\/js\/adsbygoogle.js\"><\/script>\r\n<!-- 300x250 sc a -->\r\n<ins class=\"adsbygoogle\"\r\n     style=\"display:inline-block;width:300px;height:250px\"\r\n     data-ad-client=\"ca-pub-1244235910658811\"\r\n     data-ad-slot=\"8592682546\"><\/ins>\r\n<script>\r\n     (adsbygoogle = window.adsbygoogle || []).push({});\r\n<\/script><\/center>\r\n<\/p><\/div><\/p>\n<blockquote class=\"instagram-media\" style=\"background: #FFF; border: 0; border-radius: 3px; box-shadow: 0 0 1px 0 rgba(0,0,0,0.5),0 1px 10px 0 rgba(0,0,0,0.15); margin: 1px; max-width: 658px; padding: 0; width: calc(100% - 2px);\" data-instgrm-captioned=\"\" data-instgrm-permalink=\"https:\/\/www.instagram.com\/p\/Bk8y8QsHdZH\/\" data-instgrm-version=\"8\">\n<div style=\"padding: 8px;\">\n<div style=\"background: #F8F8F8; line-height: 0; margin-top: 40px; padding: 62.43055555555556% 0; text-align: center; width: 100%;\"><\/div>\n<p style=\"margin: 8px 0 0 0; padding: 0 4px;\"><a style=\"color: #000; font-family: Arial,sans-serif; font-size: 14px; font-style: normal; font-weight: normal; line-height: 17px; text-decoration: none; word-wrap: break-word;\" href=\"https:\/\/www.instagram.com\/p\/Bk8y8QsHdZH\/\" target=\"_blank\" rel=\"noopener\">\u202aMY LIFE IS COMPLETE \u202c \u202a#TheUndertaker &#x26b0;&#xfe0f;&#x26b1;&#xfe0f;\u202c @wwe @undertaker<\/a><\/p>\n<p style=\"color: #c9c8cd; font-family: Arial,sans-serif; font-size: 14px; line-height: 17px; margin-bottom: 0; margin-top: 8px; overflow: hidden; padding: 8px 0 7px; text-align: center; text-overflow: ellipsis; white-space: nowrap;\">A post shared by <a style=\"color: #c9c8cd; font-family: Arial,sans-serif; font-size: 14px; font-style: normal; font-weight: normal; line-height: 17px;\" href=\"https:\/\/www.instagram.com\/eneskanter11\/\" target=\"_blank\" rel=\"noopener\"> Enes Kanter<\/a> (@eneskanter11) on <time style=\"font-family: Arial,sans-serif; font-size: 14px; line-height: 17px;\" datetime=\"2018-07-08T00:06:18+00:00\">Jul 7, 2018 at 5:06pm PDT<\/time><\/p>\n<\/div>\n<\/blockquote>\n<p><script async defer src=\"\/\/www.instagram.com\/embed.js\"><\/script><\/p>\n<p>La cuenta oficial de Instagram de Madison Square Garden tambi\u00e9n public\u00f3 esta foto de The Undertaker y Kanter.<\/p>\n<p>Kanter es un fan\u00e1tico de la lucha desde hace mucho tiempo y dijo que ya en 2020 quiere ser luchador despu\u00e9s de que haya terminado de jugar al baloncesto.<\/p>\n<p>Kanter dijo que The Undertaker es su luchador favorito.<\/p>\n<p>&#8220;Empec\u00e9 a ver como hace cuatro o cinco a\u00f1os, y ahora me siento como [The Undertaker] en la cancha. Su apodo es incre\u00edble, es por eso que me encanta,&#8221; The Deadman, &#8220;me encanta&#8221;.<\/p>\n<p>Incluso tiene un peque\u00f1o juego de palabras con su apellido. &#8220;La gente comenz\u00f3 a llamarme Underkanter. Ahora mi apodo es Underkanter&#8221;.<\/p>\n<p><center><script type=\"text\/javascript\"><!-- google_ad_client = \"ca-pub-1244235910658811\"; \/* 300x250 derecha main page *\/ google_ad_slot = \"1988061967\"; google_ad_width = 300; google_ad_height = 250; \/\/--><\/script><script type=\"text\/javascript\" src=\"http:\/\/pagead2.googlesyndication.com\/pagead\/show_ads.js\">\n<\/script><\/center><\/p>\n<blockquote class=\"twitter-tweet\" data-lang=\"en\">\n<p dir=\"ltr\" lang=\"en\">My next chapter <a href=\"https:\/\/twitter.com\/WWE?ref_src=twsrc%5Etfw\" target=\"_blank\" rel=\"noopener\">@WWE<\/a> <a href=\"https:\/\/t.co\/aXopaVt2kg\">pic.twitter.com\/aXopaVt2kg<\/a><\/p>\n<p>\u2014 Enes Kanter (@Enes_Kanter) <a href=\"https:\/\/twitter.com\/Enes_Kanter\/status\/975123571860234240?ref_src=twsrc%5Etfw\" target=\"_blank\" rel=\"noopener\">March 17, 2018<\/a><\/p><\/blockquote>\n<p><script async src=\"https:\/\/platform.twitter.com\/widgets.js\" charset=\"utf-8\"><\/script><\/p>\n","protected":false},"excerpt":{"rendered":"<p>Pone los ojos blancos para estrella de la NBA Undertaker luch\u00f3 en el 2018 su primera lucha en el Madison Square Garden desde septiembre de 2010 uniendose a Roman Reigns y Braun Strowman contra Kevin Owens, Baron Corbin, y Elias.<\/p>\n","protected":false},"author":3,"featured_media":28310,"comment_status":"closed","ping_status":"closed","sticky":false,"template":"","format":"standard","meta":{"footnotes":""},"categories":[5],"tags":[],"class_list":{"0":"post-28309","1":"post","2":"type-post","3":"status-publish","4":"format-standard","5":"has-post-thumbnail","7":"category-noticias"},"_links":{"self":[{"href":"https:\/\/www.prwrestling.com\/nw\/wp-json\/wp\/v2\/posts\/28309","targetHints":{"allow":["GET"]}}],"collection":[{"href":"https:\/\/www.prwrestling.com\/nw\/wp-json\/wp\/v2\/posts"}],"about":[{"href":"https:\/\/www.prwrestling.com\/nw\/wp-json\/wp\/v2\/types\/post"}],"author":[{"embeddable":true,"href":"https:\/\/www.prwrestling.com\/nw\/wp-json\/wp\/v2\/users\/3"}],"replies":[{"embeddable":true,"href":"https:\/\/www.prwrestling.com\/nw\/wp-json\/wp\/v2\/comments?post=28309"}],"version-history":[{"count":4,"href":"https:\/\/www.prwrestling.com\/nw\/wp-json\/wp\/v2\/posts\/28309\/revisions"}],"predecessor-version":[{"id":128948,"href":"https:\/\/www.prwrestling.com\/nw\/wp-json\/wp\/v2\/posts\/28309\/revisions\/128948"}],"wp:featuredmedia":[{"embeddable":true,"href":"https:\/\/www.prwrestling.com\/nw\/wp-json\/wp\/v2\/media\/28310"}],"wp:attachment":[{"href":"https:\/\/www.prwrestling.com\/nw\/wp-json\/wp\/v2\/media?parent=28309"}],"wp:term":[{"taxonomy":"category","embeddable":true,"href":"https:\/\/www.prwrestling.com\/nw\/wp-json\/wp\/v2\/categories?post=28309"},{"taxonomy":"post_tag","embeddable":true,"href":"https:\/\/www.prwrestling.com\/nw\/wp-json\/wp\/v2\/tags?post=28309"}],"curies":[{"name":"wp","href":"https:\/\/api.w.org\/{rel}","templated":true}]}}