{"id":28336,"date":"2018-07-08T09:15:32","date_gmt":"2018-07-08T13:15:32","guid":{"rendered":"http:\/\/www.prwrestling.com\/nw\/?p=28336"},"modified":"2018-07-08T09:40:13","modified_gmt":"2018-07-08T13:40:13","slug":"brock-lesnar-aparece-en-ufc-226-wwe-reacciona-video","status":"publish","type":"post","link":"https:\/\/www.prwrestling.com\/nw\/brock-lesnar-aparece-en-ufc-226-wwe-reacciona-video\/","title":{"rendered":"Brock Lesnar aparece en UFC 226; WWE reacciona (video)"},"content":{"rendered":"<p><a href=\"http:\/\/www.prwrestling.com\/nw\/wp-content\/uploads\/2018\/07\/924677d56dca07e177b644fc68b20b06.jpeg\"><img data-dominant-color=\"433236\" data-has-transparency=\"false\" style=\"--dominant-color: #433236;\" loading=\"lazy\" decoding=\"async\" class=\"aligncenter  wp-image-28335 not-transparent\" src=\"http:\/\/www.prwrestling.com\/nw\/wp-content\/uploads\/2018\/07\/924677d56dca07e177b644fc68b20b06-1024x576.jpeg\" alt=\"\" width=\"554\" height=\"312\" srcset=\"https:\/\/www.prwrestling.com\/nw\/wp-content\/uploads\/2018\/07\/924677d56dca07e177b644fc68b20b06-1024x576.jpeg 1024w, https:\/\/www.prwrestling.com\/nw\/wp-content\/uploads\/2018\/07\/924677d56dca07e177b644fc68b20b06-150x84.jpeg 150w, https:\/\/www.prwrestling.com\/nw\/wp-content\/uploads\/2018\/07\/924677d56dca07e177b644fc68b20b06-450x253.jpeg 450w, https:\/\/www.prwrestling.com\/nw\/wp-content\/uploads\/2018\/07\/924677d56dca07e177b644fc68b20b06-1200x675.jpeg 1200w, https:\/\/www.prwrestling.com\/nw\/wp-content\/uploads\/2018\/07\/924677d56dca07e177b644fc68b20b06-768x432.jpeg 768w, https:\/\/www.prwrestling.com\/nw\/wp-content\/uploads\/2018\/07\/924677d56dca07e177b644fc68b20b06-300x169.jpeg 300w, https:\/\/www.prwrestling.com\/nw\/wp-content\/uploads\/2018\/07\/924677d56dca07e177b644fc68b20b06.jpeg 1280w\" sizes=\"auto, (max-width: 554px) 100vw, 554px\" \/><\/a><\/p>\n<p>Brock Lesnar asisti\u00f3 al evento UFC 226 y entr\u00f3 al oct\u00e1gono cuando fue llamado por Daniel Cormier.<!--more--> Cormier hab\u00eda derrotado a Stipe Miocic para capturar el Campeonato de peso pesado de UFC.<\/p>\n<p>Se rumora que Lesnar vs. Cormier suceder\u00e1 para noviembre en el Madison Square Garden.<\/p>\n<p>El video de lo sucedido a cotninuaci\u00f3n:<\/p>\n<p><center><script type=\"text\/javascript\"><!-- google_ad_client = \"ca-pub-1244235910658811\"; \/* 300x250 derecha main page *\/ google_ad_slot = \"1988061967\"; google_ad_width = 300; google_ad_height = 250; \/\/--><\/script><script type=\"text\/javascript\" src=\"http:\/\/pagead2.googlesyndication.com\/pagead\/show_ads.js\">\n<\/script><\/center><\/p>\n<blockquote class=\"twitter-tweet\" data-lang=\"en\">\n<p dir=\"ltr\" lang=\"en\">DC calls out Brock Lesnar!<\/p>\n<p>LESNAR IS IN THE CAGE!! <a href=\"https:\/\/twitter.com\/hashtag\/UFC226?src=hash&amp;ref_src=twsrc%5Etfw\" target=\"_blank\" rel=\"noopener\">#UFC226<\/a> <a href=\"https:\/\/t.co\/XTz7q16GJo\">pic.twitter.com\/XTz7q16GJo<\/a><\/p>\n<p>\u2014 UFC (@ufc) <a href=\"https:\/\/twitter.com\/ufc\/status\/1015815981086568449?ref_src=twsrc%5Etfw\" target=\"_blank\" rel=\"noopener\">July 8, 2018<\/a><\/p><\/blockquote>\n<p><script async src=\"https:\/\/platform.twitter.com\/widgets.js\" charset=\"utf-8\"><\/script><\/p>\n<p>WWE emiti\u00f3 luego un comunicado sobre lo sucedido:<\/p>\n<blockquote><p>Las c\u00e1maras captaron a Brock Lesnar enel evento principal de UFC 226 entre el campe\u00f3n de peso pesado Stipe Miocic y el retador Daniel Cormier. La especulaci\u00f3n ha corrido desenfrenada sobre el futuro de Lesnar durante gran parte de este a\u00f1o, comenzando con Lesnar posando para fotos junto al presidente de UFC, Dana White, en la noche de la WWE Elimination Chamber 2018. Lesnar compiti\u00f3 por \u00faltima vez en UFC en julio de 2016.<\/p>\n<p>Semanas atr\u00e1s, el defensor de Lesnar Paul Paul Heyman revel\u00f3 que la pr\u00f3xima defensa de t\u00edtulo universal estaba enfrentando problemas contractuales debido a la falta de confianza en WWE para encontrar un retador adecuado.<\/p><\/blockquote>\n<p><center><script type=\"text\/javascript\"><!-- google_ad_client = \"ca-pub-1244235910658811\"; \/* 300x250 derecha main page *\/ google_ad_slot = \"1988061967\"; google_ad_width = 300; google_ad_height = 250; \/\/--><\/script><script type=\"text\/javascript\" src=\"http:\/\/pagead2.googlesyndication.com\/pagead\/show_ads.js\">\n<\/script><\/center><br \/>\nLesnar apareci\u00f3 por \u00faltima vez en la WWE TV en el Greatest Royal Rumble el 27 de abril, donde retuvo el Campeonato Universal ante Roman Reigns.<\/p>\n","protected":false},"excerpt":{"rendered":"<p>Brock Lesnar asisti\u00f3 al evento UFC 226 y entr\u00f3 al oct\u00e1gono cuando fue llamado por Daniel Cormier.<\/p>\n","protected":false},"author":3,"featured_media":28333,"comment_status":"closed","ping_status":"closed","sticky":false,"template":"","format":"standard","meta":{"footnotes":""},"categories":[5],"tags":[],"class_list":{"0":"post-28336","1":"post","2":"type-post","3":"status-publish","4":"format-standard","5":"has-post-thumbnail","7":"category-noticias"},"_links":{"self":[{"href":"https:\/\/www.prwrestling.com\/nw\/wp-json\/wp\/v2\/posts\/28336","targetHints":{"allow":["GET"]}}],"collection":[{"href":"https:\/\/www.prwrestling.com\/nw\/wp-json\/wp\/v2\/posts"}],"about":[{"href":"https:\/\/www.prwrestling.com\/nw\/wp-json\/wp\/v2\/types\/post"}],"author":[{"embeddable":true,"href":"https:\/\/www.prwrestling.com\/nw\/wp-json\/wp\/v2\/users\/3"}],"replies":[{"embeddable":true,"href":"https:\/\/www.prwrestling.com\/nw\/wp-json\/wp\/v2\/comments?post=28336"}],"version-history":[{"count":2,"href":"https:\/\/www.prwrestling.com\/nw\/wp-json\/wp\/v2\/posts\/28336\/revisions"}],"predecessor-version":[{"id":28358,"href":"https:\/\/www.prwrestling.com\/nw\/wp-json\/wp\/v2\/posts\/28336\/revisions\/28358"}],"wp:featuredmedia":[{"embeddable":true,"href":"https:\/\/www.prwrestling.com\/nw\/wp-json\/wp\/v2\/media\/28333"}],"wp:attachment":[{"href":"https:\/\/www.prwrestling.com\/nw\/wp-json\/wp\/v2\/media?parent=28336"}],"wp:term":[{"taxonomy":"category","embeddable":true,"href":"https:\/\/www.prwrestling.com\/nw\/wp-json\/wp\/v2\/categories?post=28336"},{"taxonomy":"post_tag","embeddable":true,"href":"https:\/\/www.prwrestling.com\/nw\/wp-json\/wp\/v2\/tags?post=28336"}],"curies":[{"name":"wp","href":"https:\/\/api.w.org\/{rel}","templated":true}]}}