{"id":283755,"date":"2025-08-21T19:50:19","date_gmt":"2025-08-21T23:50:19","guid":{"rendered":"https:\/\/www.prwrestling.com\/nw\/?p=283755"},"modified":"2025-08-21T19:50:19","modified_gmt":"2025-08-21T23:50:19","slug":"finalmente-se-revela-el-futuro-de-pat-mcafee-en-la-wwe","status":"publish","type":"post","link":"https:\/\/www.prwrestling.com\/nw\/finalmente-se-revela-el-futuro-de-pat-mcafee-en-la-wwe\/","title":{"rendered":"Finalmente se revela el futuro de Pat McAfee en la WWE"},"content":{"rendered":"<p>Pat McAfee ha estado ausente de la televisi\u00f3n de WWE durante los \u00faltimos meses. Durante su ausencia, Corey Graves ha ocupado su lugar como compa\u00f1ero de Michael Cole en la cabina de comentarios de Monday Night RAW.<\/p>\n<p><!--more--><div id=\"ad-slot\" style=\"min-width: 300px; min-height: 250px;\">\r\n<p style=\"text-align: center;\">\r\n<script async src=\"https:\/\/pagead2.googlesyndication.com\/pagead\/js\/adsbygoogle.js\"><\/script>\r\n<!-- 300x250 sc a -->\r\n<ins class=\"adsbygoogle\"\r\n     style=\"display:inline-block;width:300px;height:250px\"\r\n     data-ad-client=\"ca-pub-1244235910658811\"\r\n     data-ad-slot=\"8592682546\"><\/ins>\r\n<script>\r\n     (adsbygoogle = window.adsbygoogle || []).push({});\r\n<\/script><\/center>\r\n<\/p><\/div><\/p>\n<p>McAfee hab\u00eda estado ausente desde el evento Premium en vivo Money in the Bank. El exjugador de la NFL revel\u00f3 que decidi\u00f3 tomar un descanso de los comentarios debido a su apretada agenda. El hombre de 38 a\u00f1os dijo que se sent\u00eda &#8220;bastante agotado&#8221;, lo que lo oblig\u00f3 a tomarse un tiempo libre.<\/p>\n<p>Hablando en <em><a href=\"https:\/\/youtu.be\/fWJ6KlxmTxc\" target=\"_blank\" rel=\"nofollow noopener noreferrer\" data-is-sponsored=\"false\">ESPN<\/a><\/em>, Triple H proporcion\u00f3 una actualizaci\u00f3n sobre el futuro de McAfee con la compa\u00f1\u00eda, confirmando oficialmente su regreso. Estar\u00e1 de vuelta para los comentarios el 20 de septiembre en Wrestlepalooza, y The Game espera que el comentarista encienda el lugar.<\/p>\n<div id=\"ad-slot\" style=\"min-width: 300px; min-height: 250px;\"><p style=\"text-align: center;\">\r\n<script async src=\"https:\/\/pagead2.googlesyndication.com\/pagead\/js\/adsbygoogle.js\"><\/script>\r\n<!-- Responsive sc c -->\r\n<ins class=\"adsbygoogle\"\r\n     style=\"display:block\"\r\n     data-ad-client=\"ca-pub-1244235910658811\"\r\n     data-ad-slot=\"4234005358\"\r\n     data-ad-format=\"auto\"\r\n     data-full-width-responsive=\"true\"><\/ins>\r\n<script>\r\n     (adsbygoogle = window.adsbygoogle || []).push({});\r\n<\/script><\/p><\/div>\n<blockquote><p>\u201cA partir del 20 de septiembre, Wrestlepalooza en la casa del \u00fanico e inigualable Pat McAfee, quien es como de la familia para nosotros. Sabes, Pat estar\u00e1 all\u00ed. Va a encender el lugar. Ser\u00e1 emocionante. Indian\u00e1polis,\u201d dijo Triple H.<\/p><\/blockquote>\n<div class=\"video-container\"><iframe title=\"Reproductor de video de YouTube\" src=\"https:\/\/www.youtube.com\/embed\/fWJ6KlxmTxc\" frameborder=\"0\" allowfullscreen=\"allowfullscreen\" aria-label=\"Video de YouTube\"><\/iframe><\/div>\n<h2>\u00bfQu\u00e9 dijo Pat McAfee cuando tom\u00f3 un descanso de WWE?<\/h2>\n<p><a href=\"https:\/\/www.prwrestling.com\/nw\/tag\/pat-mcafee\" target=\"_blank\" rel=\"noopener noreferrer\" data-is-sponsored=\"false\">Pat McAfee<\/a> afirm\u00f3 que no estar\u00eda comentando, al menos por un tiempo, cuando tom\u00f3 un descanso de WWE.<\/p>\n<p>Hablando en <em>The Pat McAfee Show<\/em>, expres\u00f3 su gratitud hacia todos en la compa\u00f1\u00eda. \u00c9l dijo:<\/p>\n<blockquote><p>&#8220;No estar\u00e9 comentando. Continuando con tratar de ponerme al d\u00eda con la vida en general. Sabes, despu\u00e9s de Money in the Bank, antes de Night of Champions. Parece un buen momento. Estaba bastante agotado. As\u00ed que, un agradecimiento a todos en WWE por cuidarme tambi\u00e9n. Muy, muy agradecido.&#8221;<\/p><\/blockquote>\n<p>McAfee tambi\u00e9n ha hecho mucho m\u00e1s en <a href=\"https:\/\/www.prwrestling.com\/nw\/category\/noticias-y-rumores-de-la-wwe\/\" target=\"_blank\" rel=\"noopener noreferrer\" data-is-sponsored=\"false\">WWE<\/a> que solo comentar. De hecho, ha subido al ring. A principios de este a\u00f1o, en el evento Premium en vivo Backlash, comparti\u00f3 el ring con Gunther. Perdi\u00f3 contra el ex Campe\u00f3n Mundial Peso Pesado de WWE a pesar de un esfuerzo valiente.<\/p>\n","protected":false},"excerpt":{"rendered":"<p>Pat McAfee ha estado ausente de la televisi\u00f3n de WWE durante los \u00faltimos meses. Durante su ausencia, Corey Graves ha ocupado su lugar como compa\u00f1ero de Michael Cole en la cabina de comentarios de Monday Night RAW.<\/p>\n","protected":false},"author":1,"featured_media":283756,"comment_status":"closed","ping_status":"closed","sticky":false,"template":"","format":"standard","meta":{"footnotes":""},"categories":[5,38],"tags":[7534],"class_list":{"0":"post-283755","1":"post","2":"type-post","3":"status-publish","4":"format-standard","5":"has-post-thumbnail","7":"category-noticias","8":"category-noticias-y-rumores-de-la-wwe","9":"tag-pat-mcafee"},"_links":{"self":[{"href":"https:\/\/www.prwrestling.com\/nw\/wp-json\/wp\/v2\/posts\/283755","targetHints":{"allow":["GET"]}}],"collection":[{"href":"https:\/\/www.prwrestling.com\/nw\/wp-json\/wp\/v2\/posts"}],"about":[{"href":"https:\/\/www.prwrestling.com\/nw\/wp-json\/wp\/v2\/types\/post"}],"author":[{"embeddable":true,"href":"https:\/\/www.prwrestling.com\/nw\/wp-json\/wp\/v2\/users\/1"}],"replies":[{"embeddable":true,"href":"https:\/\/www.prwrestling.com\/nw\/wp-json\/wp\/v2\/comments?post=283755"}],"version-history":[{"count":1,"href":"https:\/\/www.prwrestling.com\/nw\/wp-json\/wp\/v2\/posts\/283755\/revisions"}],"predecessor-version":[{"id":283757,"href":"https:\/\/www.prwrestling.com\/nw\/wp-json\/wp\/v2\/posts\/283755\/revisions\/283757"}],"wp:featuredmedia":[{"embeddable":true,"href":"https:\/\/www.prwrestling.com\/nw\/wp-json\/wp\/v2\/media\/283756"}],"wp:attachment":[{"href":"https:\/\/www.prwrestling.com\/nw\/wp-json\/wp\/v2\/media?parent=283755"}],"wp:term":[{"taxonomy":"category","embeddable":true,"href":"https:\/\/www.prwrestling.com\/nw\/wp-json\/wp\/v2\/categories?post=283755"},{"taxonomy":"post_tag","embeddable":true,"href":"https:\/\/www.prwrestling.com\/nw\/wp-json\/wp\/v2\/tags?post=283755"}],"curies":[{"name":"wp","href":"https:\/\/api.w.org\/{rel}","templated":true}]}}