{"id":284,"date":"2014-04-10T04:52:12","date_gmt":"2014-04-10T04:52:12","guid":{"rendered":"http:\/\/prwrestling.com\/nw\/?p=284"},"modified":"2014-04-10T04:56:35","modified_gmt":"2014-04-10T04:56:35","slug":"nueva-edicion-de-desde-la-3ra-cuerda-3","status":"publish","type":"post","link":"https:\/\/www.prwrestling.com\/nw\/nueva-edicion-de-desde-la-3ra-cuerda-3\/","title":{"rendered":"NUEVA EDICION DE DESDE LA 3RA CUERDA!"},"content":{"rendered":"<p><img loading=\"lazy\" decoding=\"async\" class=\"attachment-post-thumbnail alignleft\" alt=\"warrior ut\" src=\"http:\/\/prwrestling.com\/nw\/wp-content\/uploads\/2014\/04\/warrior-ut-150x150.jpg\" width=\"150\" height=\"150\" \/>Estos han sido d\u00edas de momentos hist\u00f3ricos, desde el lamentable fallecimiento de Ultimate Warrior, el final de la racha de Undertaker, hasta la exaltaci\u00f3n de Carlos Colon al Salon de la Fama. De todos estos comentamos en detalle en esta nueva edici\u00f3n.<!--more--><\/p>\n<p><a href=\"http:\/\/bit.ly\/1huBjXp\" target=\"_blank\" rel=\"noopener\">Descarga el programa aqu\u00ed<\/a><\/p>\n","protected":false},"excerpt":{"rendered":"<p>Estos han sido d\u00edas de momentos hist\u00f3ricos, desde el lamentable fallecimiento de Ultimate Warrior, el final de la racha de Undertaker, hasta la exaltaci\u00f3n de Carlos Colon al Salon de la Fama. De todos estos comentamos en detalle en esta nueva edici\u00f3n.<\/p>\n","protected":false},"author":1,"featured_media":285,"comment_status":"closed","ping_status":"open","sticky":false,"template":"","format":"standard","meta":{"footnotes":""},"categories":[5],"tags":[],"class_list":{"0":"post-284","1":"post","2":"type-post","3":"status-publish","4":"format-standard","5":"has-post-thumbnail","7":"category-noticias"},"_links":{"self":[{"href":"https:\/\/www.prwrestling.com\/nw\/wp-json\/wp\/v2\/posts\/284","targetHints":{"allow":["GET"]}}],"collection":[{"href":"https:\/\/www.prwrestling.com\/nw\/wp-json\/wp\/v2\/posts"}],"about":[{"href":"https:\/\/www.prwrestling.com\/nw\/wp-json\/wp\/v2\/types\/post"}],"author":[{"embeddable":true,"href":"https:\/\/www.prwrestling.com\/nw\/wp-json\/wp\/v2\/users\/1"}],"replies":[{"embeddable":true,"href":"https:\/\/www.prwrestling.com\/nw\/wp-json\/wp\/v2\/comments?post=284"}],"version-history":[{"count":2,"href":"https:\/\/www.prwrestling.com\/nw\/wp-json\/wp\/v2\/posts\/284\/revisions"}],"predecessor-version":[{"id":287,"href":"https:\/\/www.prwrestling.com\/nw\/wp-json\/wp\/v2\/posts\/284\/revisions\/287"}],"wp:featuredmedia":[{"embeddable":true,"href":"https:\/\/www.prwrestling.com\/nw\/wp-json\/wp\/v2\/media\/285"}],"wp:attachment":[{"href":"https:\/\/www.prwrestling.com\/nw\/wp-json\/wp\/v2\/media?parent=284"}],"wp:term":[{"taxonomy":"category","embeddable":true,"href":"https:\/\/www.prwrestling.com\/nw\/wp-json\/wp\/v2\/categories?post=284"},{"taxonomy":"post_tag","embeddable":true,"href":"https:\/\/www.prwrestling.com\/nw\/wp-json\/wp\/v2\/tags?post=284"}],"curies":[{"name":"wp","href":"https:\/\/api.w.org\/{rel}","templated":true}]}}