{"id":284181,"date":"2025-08-30T12:37:36","date_gmt":"2025-08-30T16:37:36","guid":{"rendered":"https:\/\/www.prwrestling.com\/nw\/?p=284181"},"modified":"2025-08-30T12:37:36","modified_gmt":"2025-08-30T16:37:36","slug":"superestrella-de-wwe-smackdown-se-niega-a-comentar-sobre-su-reciente-reunion-con-vince-mcmahon","status":"publish","type":"post","link":"https:\/\/www.prwrestling.com\/nw\/superestrella-de-wwe-smackdown-se-niega-a-comentar-sobre-su-reciente-reunion-con-vince-mcmahon\/","title":{"rendered":"Superestrella de WWE SmackDown se niega a comentar sobre su reciente reuni\u00f3n con Vince McMahon"},"content":{"rendered":"<p>Una superestrella de WWE SmackDown se ha negado a comentar sobre una reciente reuni\u00f3n con <a href=\"https:\/\/www.prwrestling.com\/nw\/tag\/vince-mcmahon\">Vince McMahon<\/a>. El 23 de agosto, se report\u00f3 que una serie de nombres de WWE, como <a href=\"https:\/\/www.prwrestling.com\/nw\/tag\/john-cena\">John Cena<\/a>, The Undertaker y <a href=\"https:\/\/www.prwrestling.com\/nw\/tag\/jbl\">JBL<\/a>, entre otros, asistieron a la celebraci\u00f3n del 80 cumplea\u00f1os de Vince.<\/p>\n<p><!--more--><div id=\"ad-slot\" style=\"min-width: 300px; min-height: 250px;\">\r\n<p style=\"text-align: center;\">\r\n<!-- Site name: prwrestling.com\r\nZone name: prwrestling.com_banner_300x250\r\nZone id: 2109741734\r\nType: banner\r\nFormat: 300x250\r\n --> \r\n\r\n<!-- Copy and paste this code on the page. -->\r\n<div id='zone_2109741734' ><\/div>\r\n<script>\r\n    (function(w,d,o,g,r,a,m){\r\n        var cid='zone_2109741734';\r\n        w[r]=w[r]||function(){(w[r+'l']=w[r+'l']||[]).push(arguments)};\r\n        function e(b,w,r){if((w[r+'h']=b.pop())&&!w.ABN){\r\n            var a=d.createElement(o),p=d.getElementsByTagName(o)[0];a.async=1;\r\n            a.src='https:\/\/cdn.'+w[r+'h']+'\/libs\/e.js';a.onerror=function(){e(g,w,r)};\r\n            p.parentNode.insertBefore(a,p)}}e(g,w,r);\r\n        w[r](cid,{id:2109741734,domain:w[r+'h']});\r\n    })(window,document,'script',['traffmovie.com'],'ABNS');\r\n<\/script>\r\n\r\n<!--\r\nWhen setting the zone code, make sure:\r\n  - you have provided all domains from which the area code will be called\r\n  - the site does not limit the loading in the Content Security Policy\r\n  - the area code is installed in the ad space inside the page\r\n  - site layout allows you to display the banner on mobile devices in full size\r\nUse data-cp1={customParam1} data-cp2={customParam2}... attributes for sending custom params\r\n-->\r\n<\/p><\/div><\/p>\n<p>M\u00e1s tarde, el miembro del Sal\u00f3n de la Fama de WWE Jerry Lawler public\u00f3 una imagen del evento en Instagram. Lawler fue visto posando junto a <a href=\"https:\/\/www.prwrestling.com\/nw\/tag\/the-miz\">The Miz<\/a>, Maryse, Titus O\u2019Neil, Sheamus y <a href=\"https:\/\/www.prwrestling.com\/nw\/tag\/drew-mcintyre\">Drew McIntyre<\/a>.<\/p>\n<p>Recientemente, mientras hablaba con <em>Adam&#8217;s Apple<\/em>, se le pregunt\u00f3 a McIntyre sobre la fiesta de cumplea\u00f1os de McMahon, pero el Psic\u00f3pata Escoc\u00e9s se neg\u00f3 a dar detalles.<\/p>\n<blockquote><p><em>\u201cNo voy a comentar al respecto en internet, \u00bfverdad?\u201d dijo.<\/em><\/p><\/blockquote>\n<div class=\"video-container\"><iframe title=\"Reproductor de video de YouTube\" src=\"https:\/\/www.youtube.com\/embed\/4ygAgaqQElw\" frameborder=\"0\" allowfullscreen=\"allowfullscreen\" aria-label=\"Video de YouTube\"><\/iframe><\/div>\n<p>Notablemente, McIntyre fue una vez apodado como un \u201cfuturo campe\u00f3n mundial\u201d y el \u201cElegido\u201d por Vince McMahon en un episodio de SmackDown en 2009. Esto tambi\u00e9n fue mencionado por <a href=\"https:\/\/www.prwrestling.com\/nw\/tag\/sami-zayn\">Sami Zayn<\/a> mientras se dirig\u00eda a McIntyre durante una promo en RAW el a\u00f1o pasado.<\/p>\n<p>sc name=&#8221;c&#8221; ][\/sc]<\/p>\n<p>Mientras tanto, la fiesta de cumplea\u00f1os de McMahon parece haber sido un evento lleno de estrellas con los principales nombres de WWE asistiendo. Sin embargo, seg\u00fan los informes, un asistente tambi\u00e9n se\u00f1al\u00f3 que Vince luc\u00eda fr\u00e1gil, caminaba m\u00e1s lento y parec\u00eda acorde a su edad.<\/p>\n<h2>Estado actual de Vince McMahon con el talento de WWE<\/h2>\n<p>Con McMahon envuelto en la demanda de Janel Grant, WWE ha pedido a sus talentos que mantengan distancia del ex presidente. Tambi\u00e9n se les pidi\u00f3 a las personas dentro de la compa\u00f1\u00eda que no mantuvieran contacto con \u00e9l.<\/p>\n<p>Sin embargo, seg\u00fan un informe de <em><a href=\"https:\/\/www.f4wonline.com\/\" target=\"_blank\" rel=\"noopener\">Wrestling Observer Newsletter (WON)<\/a><\/em>, esto podr\u00eda no ser m\u00e1s el caso. Con muchos talentos actuales de WWE asistiendo a la fiesta de cumplea\u00f1os de Vince, esta regla podr\u00eda haberse relajado.<\/p>\n<p>A\u00fan as\u00ed, no hubo involucramiento oficial de WWE en la fiesta, con el Director de Contenido de la compa\u00f1\u00eda, <a href=\"https:\/\/www.prwrestling.com\/nw\/tag\/triple-h\">Triple H<\/a>, y el Presidente <a href=\"https:\/\/www.prwrestling.com\/nw\/tag\/nick-khan\">Nick Khan<\/a>, seg\u00fan se informa, no estuvieron presentes en el evento.<\/p>\n","protected":false},"excerpt":{"rendered":"<p>Una superestrella de WWE SmackDown se ha negado a comentar sobre una reciente reuni\u00f3n con Vince McMahon. El 23 de agosto, se report\u00f3 que una serie de nombres de WWE, como John Cena, The Undertaker y JBL, entre otros, asistieron a la celebraci\u00f3n del 80 cumplea\u00f1os de Vince.<\/p>\n","protected":false},"author":1,"featured_media":284182,"comment_status":"closed","ping_status":"closed","sticky":false,"template":"","format":"standard","meta":{"footnotes":""},"categories":[5,38],"tags":[],"class_list":["post-284181","post","type-post","status-publish","format-standard","has-post-thumbnail","category-noticias","category-noticias-y-rumores-de-la-wwe"],"_links":{"self":[{"href":"https:\/\/www.prwrestling.com\/nw\/wp-json\/wp\/v2\/posts\/284181","targetHints":{"allow":["GET"]}}],"collection":[{"href":"https:\/\/www.prwrestling.com\/nw\/wp-json\/wp\/v2\/posts"}],"about":[{"href":"https:\/\/www.prwrestling.com\/nw\/wp-json\/wp\/v2\/types\/post"}],"author":[{"embeddable":true,"href":"https:\/\/www.prwrestling.com\/nw\/wp-json\/wp\/v2\/users\/1"}],"replies":[{"embeddable":true,"href":"https:\/\/www.prwrestling.com\/nw\/wp-json\/wp\/v2\/comments?post=284181"}],"version-history":[{"count":1,"href":"https:\/\/www.prwrestling.com\/nw\/wp-json\/wp\/v2\/posts\/284181\/revisions"}],"predecessor-version":[{"id":284183,"href":"https:\/\/www.prwrestling.com\/nw\/wp-json\/wp\/v2\/posts\/284181\/revisions\/284183"}],"wp:featuredmedia":[{"embeddable":true,"href":"https:\/\/www.prwrestling.com\/nw\/wp-json\/wp\/v2\/media\/284182"}],"wp:attachment":[{"href":"https:\/\/www.prwrestling.com\/nw\/wp-json\/wp\/v2\/media?parent=284181"}],"wp:term":[{"taxonomy":"category","embeddable":true,"href":"https:\/\/www.prwrestling.com\/nw\/wp-json\/wp\/v2\/categories?post=284181"},{"taxonomy":"post_tag","embeddable":true,"href":"https:\/\/www.prwrestling.com\/nw\/wp-json\/wp\/v2\/tags?post=284181"}],"curies":[{"name":"wp","href":"https:\/\/api.w.org\/{rel}","templated":true}]}}