{"id":286517,"date":"2025-09-21T15:34:24","date_gmt":"2025-09-21T19:34:24","guid":{"rendered":"https:\/\/www.prwrestling.com\/nw\/?p=286517"},"modified":"2025-09-21T15:34:24","modified_gmt":"2025-09-21T19:34:24","slug":"reaccion-tras-bambalinas-al-regreso-de-aj-lee-al-ring-en-wrestlepalooza","status":"publish","type":"post","link":"https:\/\/www.prwrestling.com\/nw\/reaccion-tras-bambalinas-al-regreso-de-aj-lee-al-ring-en-wrestlepalooza\/","title":{"rendered":"Reacci\u00f3n tras bambalinas al regreso de AJ Lee al ring en Wrestlepalooza"},"content":{"rendered":"<p>Un informe reciente ha arrojado luz sobre la reacci\u00f3n detr\u00e1s de escena al regreso de AJ Lee al ring en <a href=\"https:\/\/www.prwrestling.com\/nw\/tag\/wwe-wrestlepalooza\" target=\"_blank\" rel=\"noopener noreferrer\" data-is-sponsored=\"false\">WWE Wrestlepalooza<\/a>. Fue el primer combate de lucha libre de la estrella de 38 a\u00f1os despu\u00e9s de m\u00e1s de una d\u00e9cada.<\/p>\n<p><!--more--><div id=\"ad-slot\" style=\"min-width: 300px; min-height: 250px;\">\r\n<p style=\"text-align: center;\">\r\n<!-- Site name: prwrestling.com\r\nZone name: prwrestling.com_banner_300x250\r\nZone id: 2109741734\r\nType: banner\r\nFormat: 300x250\r\n --> \r\n\r\n<!-- Copy and paste this code on the page. -->\r\n<div id='zone_2109741734' ><\/div>\r\n<script>\r\n    (function(w,d,o,g,r,a,m){\r\n        var cid='zone_2109741734';\r\n        w[r]=w[r]||function(){(w[r+'l']=w[r+'l']||[]).push(arguments)};\r\n        function e(b,w,r){if((w[r+'h']=b.pop())&&!w.ABN){\r\n            var a=d.createElement(o),p=d.getElementsByTagName(o)[0];a.async=1;\r\n            a.src='https:\/\/cdn.'+w[r+'h']+'\/libs\/e.js';a.onerror=function(){e(g,w,r)};\r\n            p.parentNode.insertBefore(a,p)}}e(g,w,r);\r\n        w[r](cid,{id:2109741734,domain:w[r+'h']});\r\n    })(window,document,'script',['traffmovie.com'],'ABNS');\r\n<\/script>\r\n\r\n<!--\r\nWhen setting the zone code, make sure:\r\n  - you have provided all domains from which the area code will be called\r\n  - the site does not limit the loading in the Content Security Policy\r\n  - the area code is installed in the ad space inside the page\r\n  - site layout allows you to display the banner on mobile devices in full size\r\nUse data-cp1={customParam1} data-cp2={customParam2}... attributes for sending custom params\r\n-->\r\n<\/p><\/div><\/p>\n<p>La ex Campeona de Divas de WWE se uni\u00f3 a su esposo, CM Punk, para enfrentarse a Seth Rollins y Becky Lynch en un Combate por Equipos Mixto. Lee asegur\u00f3 la victoria para su equipo con la llave de sumisi\u00f3n Black Widow. Seg\u00fan <em><a href=\"https:\/\/www.fightful.com\/\" target=\"_blank\" rel=\"nofollow noopener noreferrer\" data-is-sponsored=\"false\">Fightful Select<\/a><\/em>, el regreso de AJ al cuadril\u00e1tero recibi\u00f3 una recepci\u00f3n positiva del vestidor.<\/p>\n<blockquote><p><em>&#8220;Hemos escuchado que la recepci\u00f3n detr\u00e1s de escena al primer combate de regreso de AJ Lee fue muy positiva. Los que hablamos en WWE sintieron que lo hizo muy bien,&#8221; dec\u00eda el informe.\u00a0<\/em><\/p><\/blockquote>\n<div id=\"ad-slot\" style=\"min-width: 300px; min-height: 250px;\"><p style=\"text-align: center;\">\r\n<script async src=\"https:\/\/pagead2.googlesyndication.com\/pagead\/js\/adsbygoogle.js\"><\/script>\r\n<!-- Responsive sc c -->\r\n<ins class=\"adsbygoogle\"\r\n     style=\"display:block\"\r\n     data-ad-client=\"ca-pub-1244235910658811\"\r\n     data-ad-slot=\"4234005358\"\r\n     data-ad-format=\"auto\"\r\n     data-full-width-responsive=\"true\"><\/ins>\r\n<script>\r\n     (adsbygoogle = window.adsbygoogle || []).push({});\r\n<\/script><\/p><\/div>\n<p>AJ Lee anunci\u00f3 previamente su retiro de la competencia en el ring en abril de 2015, supuestamente debido a un da\u00f1o permanente en su columna cervical y al cumplimiento de sus metas en la lucha libre profesional.<\/p>\n<p>Ella regres\u00f3 a World Wrestling Entertainment en la edici\u00f3n del 5 de septiembre de Friday Night SmackDown para confrontar a Becky Lynch despu\u00e9s de que esta \u00faltima abofeteara repetidamente a CM Punk en la cara.<\/p>\n<h2>Un veterano de la lucha libre comparti\u00f3 su reacci\u00f3n al regreso de AJ Lee a WWE<\/h2>\n<p>Mientras hablaba en <em><a href=\"https:\/\/youtu.be\/q2hS5S_oySQ\" target=\"_blank\" rel=\"nofollow noopener noreferrer\" data-is-sponsored=\"false\">The Wrestling Time Machine<\/a><\/em>, el miembro del Sal\u00f3n de la Fama de WWE, Teddy Long, comparti\u00f3 su reacci\u00f3n al regreso de AJ Lee a la promoci\u00f3n con sede en Stamford.<\/p>\n<p>El ex Gerente General de SmackDown felicit\u00f3 a Lee por su regreso. Teddy Long se\u00f1al\u00f3 que trabaj\u00f3 con la ex Campeona de Divas de WWE durante sus primeros d\u00edas. El veterano de la lucha libre a\u00f1adi\u00f3 que estaba contento de que Lee estuviera de vuelta y se viera en buena forma.<\/p>\n<blockquote><p><em>&#8220;Es muy entretenido, puedo decirlo ahora mismo. Y d\u00e9jame decir felicitaciones a AJ Lee. Trabaj\u00e9 con ella cuando reci\u00e9n ingres\u00f3 al negocio, cuando lleg\u00f3 por primera vez. As\u00ed que tuve la oportunidad de trabajar un poco con ella all\u00ed. As\u00ed que bien por ella. Me alegra verla de vuelta, se ve muy bien, sabes que est\u00e1 en buena forma y todo, as\u00ed que creo que esto va a ser realmente bueno. Tendr\u00e9 que verlo por m\u00ed mismo,&#8221; dijo Teddy Long.<\/em><\/p><\/blockquote>\n<p><iframe title=\"Reproductor de video de YouTube\" src=\"https:\/\/www.youtube.com\/embed\/q2hS5S_oySQ\" frameborder=\"0\" allowfullscreen=\"allowfullscreen\" aria-label=\"Video de YouTube\"><\/iframe><\/p>\n<p>Ser\u00e1 interesante ver qu\u00e9 sigue para AJ despu\u00e9s de la impresionante victoria en Wrestlepalooza. Queda por verse si desaf\u00eda a Becky Lynch por el Campeonato Intercontinental Femenino despu\u00e9s de hacerla rendirse en el evento premium en vivo.<\/p>\n","protected":false},"excerpt":{"rendered":"<p>Un informe reciente ha arrojado luz sobre la reacci\u00f3n detr\u00e1s de escena al regreso de AJ Lee al ring en WWE Wrestlepalooza. Fue el primer combate de lucha libre de la estrella de 38 a\u00f1os despu\u00e9s de m\u00e1s de una d\u00e9cada.<\/p>\n","protected":false},"author":1,"featured_media":286520,"comment_status":"closed","ping_status":"closed","sticky":false,"template":"","format":"standard","meta":{"footnotes":""},"categories":[5,38],"tags":[],"class_list":["post-286517","post","type-post","status-publish","format-standard","has-post-thumbnail","category-noticias","category-noticias-y-rumores-de-la-wwe"],"_links":{"self":[{"href":"https:\/\/www.prwrestling.com\/nw\/wp-json\/wp\/v2\/posts\/286517","targetHints":{"allow":["GET"]}}],"collection":[{"href":"https:\/\/www.prwrestling.com\/nw\/wp-json\/wp\/v2\/posts"}],"about":[{"href":"https:\/\/www.prwrestling.com\/nw\/wp-json\/wp\/v2\/types\/post"}],"author":[{"embeddable":true,"href":"https:\/\/www.prwrestling.com\/nw\/wp-json\/wp\/v2\/users\/1"}],"replies":[{"embeddable":true,"href":"https:\/\/www.prwrestling.com\/nw\/wp-json\/wp\/v2\/comments?post=286517"}],"version-history":[{"count":1,"href":"https:\/\/www.prwrestling.com\/nw\/wp-json\/wp\/v2\/posts\/286517\/revisions"}],"predecessor-version":[{"id":286521,"href":"https:\/\/www.prwrestling.com\/nw\/wp-json\/wp\/v2\/posts\/286517\/revisions\/286521"}],"wp:featuredmedia":[{"embeddable":true,"href":"https:\/\/www.prwrestling.com\/nw\/wp-json\/wp\/v2\/media\/286520"}],"wp:attachment":[{"href":"https:\/\/www.prwrestling.com\/nw\/wp-json\/wp\/v2\/media?parent=286517"}],"wp:term":[{"taxonomy":"category","embeddable":true,"href":"https:\/\/www.prwrestling.com\/nw\/wp-json\/wp\/v2\/categories?post=286517"},{"taxonomy":"post_tag","embeddable":true,"href":"https:\/\/www.prwrestling.com\/nw\/wp-json\/wp\/v2\/tags?post=286517"}],"curies":[{"name":"wp","href":"https:\/\/api.w.org\/{rel}","templated":true}]}}