{"id":286879,"date":"2025-10-16T17:50:24","date_gmt":"2025-10-16T21:50:24","guid":{"rendered":"https:\/\/www.prwrestling.com\/nw\/?p=286879"},"modified":"2025-10-16T17:50:24","modified_gmt":"2025-10-16T21:50:24","slug":"tony-khan-comenta-sobre-el-misterioso-estatus-de-andrade-en-aew","status":"publish","type":"post","link":"https:\/\/www.prwrestling.com\/nw\/tony-khan-comenta-sobre-el-misterioso-estatus-de-andrade-en-aew\/","title":{"rendered":"Tony Khan comenta sobre el misterioso estatus de Andrade en AEW"},"content":{"rendered":"<p>La situaci\u00f3n con la carrera de <a href=\"https:\/\/www.prwrestling.com\/nw\/tag\/andrade\">Andrade El \u00cddolo<\/a> en AEW se complica cada semana, y ahora Tony Khan finalmente ha hablado sobre lo que realmente est\u00e1 sucediendo. Si bien los fans est\u00e1n ansiosos por ver a Andrade de vuelta, los tr\u00e1mites legales relacionados con la WWE podr\u00edan mantenerlo fuera de acci\u00f3n m\u00e1s tiempo del esperado.<!--more--><\/p>\n<div id=\"ad-slot\" style=\"min-width: 300px; min-height: 250px;\">\r\n<p style=\"text-align: center;\">\r\n<script async src=\"https:\/\/pagead2.googlesyndication.com\/pagead\/js\/adsbygoogle.js\"><\/script>\r\n<!-- 300x250 sc a -->\r\n<ins class=\"adsbygoogle\"\r\n     style=\"display:inline-block;width:300px;height:250px\"\r\n     data-ad-client=\"ca-pub-1244235910658811\"\r\n     data-ad-slot=\"8592682546\"><\/ins>\r\n<script>\r\n     (adsbygoogle = window.adsbygoogle || []).push({});\r\n<\/script><\/center>\r\n<\/p><\/div>\n<p>Durante la conferencia de prensa de AEW WrestleDream, Jon Alba le pregunt\u00f3 directamente a Khan sobre la situaci\u00f3n de Andrade en la empresa. Khan elogi\u00f3 su trabajo en AEW durante 2023, pero no especific\u00f3 si Andrade ten\u00eda contrato o estaba restringido por una cl\u00e1usula de no competencia de la WWE.<\/p>\n<blockquote><p>Le pregunt\u00e9 a Tony Khan sobre la situaci\u00f3n actual de Andrade en AEW. Dice que lo elogi\u00f3 mucho cuando dej\u00f3 AEW en 2023. Le pregunt\u00e9 directamente si ten\u00eda contrato o si sab\u00edan de la cl\u00e1usula de no competencia de la WWE. Dijo que eso era todo lo que pod\u00eda decir por el momento.<\/p><\/blockquote>\n<p>La falta de detalles no ha frenado la especulaci\u00f3n. Los informes indican que Andrade podr\u00eda estar sujeto a una cl\u00e1usula de no competencia de un a\u00f1o derivada de su salida de la WWE, presuntamente provocada por un supuesto incumplimiento de contrato. Esta restricci\u00f3n lo mantendr\u00eda fuera de combate a menos que se anule con \u00e9xito en los tribunales.<\/p>\n<h2>Contratos de WWE ahora tienen m\u00e1s restricciones<\/h2>\n<p>Bryan Alvarez revel\u00f3 que los contratos de la WWE bajo TKO Group Holdings ahora incluyen t\u00e9rminos mucho m\u00e1s estrictos que antes. En lugar de la tradicional cl\u00e1usula de no competencia de 90 d\u00edas, los nuevos acuerdos encierran a los luchadores durante un a\u00f1o completo si son despedidos por infringir las normas de la compa\u00f1\u00eda.<\/p>\n<p>Los nuevos contratos de TKO incluyen una cl\u00e1usula que, en caso de despido, implica una cl\u00e1usula de no competencia de un a\u00f1o. Los contratos anteriores la inclu\u00edan, pero ahora es est\u00e1ndar. Este es el problema con Andrade. Dudan mucho que esto se sostenga en una batalla legal, pero est\u00e1 en los contratos.<\/p>\n<p>La situaci\u00f3n de Andrade se perfila como un caso de prueba para esta nueva cl\u00e1usula de la era del nocaut t\u00e9cnico. La WWE tiene un historial de impugnaciones de cl\u00e1usulas de no competencia; incluso Brock Lesnar pele\u00f3 una en 2004. Queda por ver si Andrade decide emprender acciones legales o simplemente esperar.<\/p>\n<p>Por ahora, Tony Khan y <a href=\"https:\/\/www.prwrestling.com\/nw\/category\/all-elite-wrestling\/\">AEW<\/a> se mantienen en silencio, pero los fan\u00e1ticos se preguntan cu\u00e1nto tiempo Andrade permanecer\u00e1 fuera de juego y qu\u00e9 podr\u00eda significar esto para los futuros lanzamientos de talentos de la WWE bajo el nuevo sistema de contrato.<\/p>\n","protected":false},"excerpt":{"rendered":"<p>La situaci\u00f3n con la carrera de Andrade El \u00cddolo en AEW se complica cada semana, y ahora Tony Khan finalmente ha hablado sobre lo que realmente est\u00e1 sucediendo. Si bien los fans est\u00e1n ansiosos por ver a Andrade de vuelta, los tr\u00e1mites legales relacionados con la WWE podr\u00edan mantenerlo fuera de acci\u00f3n m\u00e1s tiempo del<\/p>\n","protected":false},"author":1,"featured_media":286880,"comment_status":"closed","ping_status":"closed","sticky":false,"template":"","format":"standard","meta":{"footnotes":""},"categories":[5,1],"tags":[],"class_list":{"0":"post-286879","1":"post","2":"type-post","3":"status-publish","4":"format-standard","5":"has-post-thumbnail","7":"category-noticias","8":"category-all-elite-wrestling"},"_links":{"self":[{"href":"https:\/\/www.prwrestling.com\/nw\/wp-json\/wp\/v2\/posts\/286879","targetHints":{"allow":["GET"]}}],"collection":[{"href":"https:\/\/www.prwrestling.com\/nw\/wp-json\/wp\/v2\/posts"}],"about":[{"href":"https:\/\/www.prwrestling.com\/nw\/wp-json\/wp\/v2\/types\/post"}],"author":[{"embeddable":true,"href":"https:\/\/www.prwrestling.com\/nw\/wp-json\/wp\/v2\/users\/1"}],"replies":[{"embeddable":true,"href":"https:\/\/www.prwrestling.com\/nw\/wp-json\/wp\/v2\/comments?post=286879"}],"version-history":[{"count":1,"href":"https:\/\/www.prwrestling.com\/nw\/wp-json\/wp\/v2\/posts\/286879\/revisions"}],"predecessor-version":[{"id":286881,"href":"https:\/\/www.prwrestling.com\/nw\/wp-json\/wp\/v2\/posts\/286879\/revisions\/286881"}],"wp:featuredmedia":[{"embeddable":true,"href":"https:\/\/www.prwrestling.com\/nw\/wp-json\/wp\/v2\/media\/286880"}],"wp:attachment":[{"href":"https:\/\/www.prwrestling.com\/nw\/wp-json\/wp\/v2\/media?parent=286879"}],"wp:term":[{"taxonomy":"category","embeddable":true,"href":"https:\/\/www.prwrestling.com\/nw\/wp-json\/wp\/v2\/categories?post=286879"},{"taxonomy":"post_tag","embeddable":true,"href":"https:\/\/www.prwrestling.com\/nw\/wp-json\/wp\/v2\/tags?post=286879"}],"curies":[{"name":"wp","href":"https:\/\/api.w.org\/{rel}","templated":true}]}}