{"id":286884,"date":"2025-10-17T18:02:25","date_gmt":"2025-10-17T22:02:25","guid":{"rendered":"https:\/\/www.prwrestling.com\/nw\/?p=286884"},"modified":"2025-10-17T18:02:25","modified_gmt":"2025-10-17T22:02:25","slug":"chris-jericho-en-wwe-gira-de-retiro-e-induccion-al-salon-de-la-fama-en-discusiones","status":"publish","type":"post","link":"https:\/\/www.prwrestling.com\/nw\/chris-jericho-en-wwe-gira-de-retiro-e-induccion-al-salon-de-la-fama-en-discusiones\/","title":{"rendered":"Chris Jericho en WWE: Gira de retiro e inducci\u00f3n al Sal\u00f3n de la Fama en discusiones"},"content":{"rendered":"<p>Los rumores sobre el regreso de Jericho a la WWE llevan meses circulando. El propio Jericho no ha dado respuestas definitivas , lo que deja abierta la posibilidad de quedarse en AEW o regresar a la WWE cuando su contrato con AEW expire a finales de 2025.<br \/>\n<!--more--><div id=\"ad-slot\" style=\"min-width: 300px; min-height: 250px;\">\r\n<p style=\"text-align: center;\">\r\n<script async src=\"https:\/\/pagead2.googlesyndication.com\/pagead\/js\/adsbygoogle.js\"><\/script>\r\n<!-- 300x250 sc a -->\r\n<ins class=\"adsbygoogle\"\r\n     style=\"display:inline-block;width:300px;height:250px\"\r\n     data-ad-client=\"ca-pub-1244235910658811\"\r\n     data-ad-slot=\"8592682546\"><\/ins>\r\n<script>\r\n     (adsbygoogle = window.adsbygoogle || []).push({});\r\n<\/script><\/center>\r\n<\/p><\/div><\/p>\n<p>Dave Meltzer dijo que, si Jericho termina regresando a la WWE, la idea de la promoci\u00f3n es que haga una gira de retiro y sea incluido en el Sal\u00f3n de la Fama.<\/p>\n<blockquote><p>\u201cO se va a la WWE o quiere que la gente piense que se va a la WWE para subir su precio en ambos lados\u201d, escribi\u00f3 Meltzer. \u201cLa idea es que Jericho venga para una gira de retiro y su ingreso al Sal\u00f3n de la Fama. Cabe destacar que el crucero tampoco tiene a nadie de la WWE, pero no s\u00e9 si la WWE permitir\u00eda que su talento se fuera incluso si \u00e9l estuviera en la empresa\u201d.<\/p><\/blockquote>\n<p><strong>Leer m\u00e1s:<\/strong> <a href=\"https:\/\/www.prwrestling.com\/nw\/otra-aparente-senal-de-que-chris-jericho-no-regresara-a-aew\/\">Otra aparente se\u00f1al de que Chris Jericho no regresar\u00e1 a AEW<\/a><\/p>\n","protected":false},"excerpt":{"rendered":"<p>Los rumores sobre el regreso de Jericho a la WWE llevan meses circulando. El propio Jericho no ha dado respuestas definitivas , lo que deja abierta la posibilidad de quedarse en AEW o regresar a la WWE cuando su contrato con AEW expire a finales de 2025.<\/p>\n","protected":false},"author":1,"featured_media":266133,"comment_status":"closed","ping_status":"closed","sticky":false,"template":"","format":"standard","meta":{"footnotes":""},"categories":[5,1],"tags":[1383],"class_list":{"0":"post-286884","1":"post","2":"type-post","3":"status-publish","4":"format-standard","5":"has-post-thumbnail","7":"category-noticias","8":"category-all-elite-wrestling","9":"tag-chris-jericho"},"_links":{"self":[{"href":"https:\/\/www.prwrestling.com\/nw\/wp-json\/wp\/v2\/posts\/286884","targetHints":{"allow":["GET"]}}],"collection":[{"href":"https:\/\/www.prwrestling.com\/nw\/wp-json\/wp\/v2\/posts"}],"about":[{"href":"https:\/\/www.prwrestling.com\/nw\/wp-json\/wp\/v2\/types\/post"}],"author":[{"embeddable":true,"href":"https:\/\/www.prwrestling.com\/nw\/wp-json\/wp\/v2\/users\/1"}],"replies":[{"embeddable":true,"href":"https:\/\/www.prwrestling.com\/nw\/wp-json\/wp\/v2\/comments?post=286884"}],"version-history":[{"count":1,"href":"https:\/\/www.prwrestling.com\/nw\/wp-json\/wp\/v2\/posts\/286884\/revisions"}],"predecessor-version":[{"id":286885,"href":"https:\/\/www.prwrestling.com\/nw\/wp-json\/wp\/v2\/posts\/286884\/revisions\/286885"}],"wp:featuredmedia":[{"embeddable":true,"href":"https:\/\/www.prwrestling.com\/nw\/wp-json\/wp\/v2\/media\/266133"}],"wp:attachment":[{"href":"https:\/\/www.prwrestling.com\/nw\/wp-json\/wp\/v2\/media?parent=286884"}],"wp:term":[{"taxonomy":"category","embeddable":true,"href":"https:\/\/www.prwrestling.com\/nw\/wp-json\/wp\/v2\/categories?post=286884"},{"taxonomy":"post_tag","embeddable":true,"href":"https:\/\/www.prwrestling.com\/nw\/wp-json\/wp\/v2\/tags?post=286884"}],"curies":[{"name":"wp","href":"https:\/\/api.w.org\/{rel}","templated":true}]}}