{"id":286929,"date":"2025-10-18T21:46:24","date_gmt":"2025-10-19T01:46:24","guid":{"rendered":"https:\/\/www.prwrestling.com\/nw\/?p=286929"},"modified":"2025-10-18T22:13:09","modified_gmt":"2025-10-19T02:13:09","slug":"andrade-aparece-pero-no-lucha-en-evento-de-wwc-en-puerto-rico","status":"publish","type":"post","link":"https:\/\/www.prwrestling.com\/nw\/andrade-aparece-pero-no-lucha-en-evento-de-wwc-en-puerto-rico\/","title":{"rendered":"Andrade aparece, pero NO lucha en evento de WWC en Puerto Rico"},"content":{"rendered":"<p>Tras d\u00edas de especulaciones, Andrade lleg\u00f3 al evento Halloween Wrestling Xtravaganza de WWC&#8230; para informar que no pod\u00eda luchar.<!--more--><\/p>\n<div id=\"ad-slot\" style=\"min-width: 300px; min-height: 250px;\">\r\n<p style=\"text-align: center;\">\r\n<script async src=\"https:\/\/pagead2.googlesyndication.com\/pagead\/js\/adsbygoogle.js\"><\/script>\r\n<!-- 300x250 sc a -->\r\n<ins class=\"adsbygoogle\"\r\n     style=\"display:inline-block;width:300px;height:250px\"\r\n     data-ad-client=\"ca-pub-1244235910658811\"\r\n     data-ad-slot=\"8592682546\"><\/ins>\r\n<script>\r\n     (adsbygoogle = window.adsbygoogle || []).push({});\r\n<\/script><\/center>\r\n<\/p><\/div>\n<p>El show, celebrado en el Coliseo Jos\u00e9 &#8220;Pep\u00edn&#8221; Cestero en Bayam\u00f3n, Puerto Rico, comenz\u00f3 en la noche del s\u00e1bado con el Director de Operaciones, Eddie Col\u00f3n, en el ring.<\/p>\n<p>\u00c9l abri\u00f3 el show, dando la bienvenida a los fan\u00e1ticos al espect\u00e1culo anual de la World Wrestling Council (WWC). Sin embargo, Victor Jovica, presidente de WWC, entr\u00f3 al ring y confront\u00f3 a Eddie Col\u00f3n. Lo llam\u00f3 inepto por contratar a un luchador que ya ten\u00eda contrato con otra federaci\u00f3n.<\/p>\n<div id=\"ad-slot\" style=\"min-width: 300px; min-height: 250px;\"><p style=\"text-align: center;\">\r\n<script async src=\"https:\/\/pagead2.googlesyndication.com\/pagead\/js\/adsbygoogle.js\"><\/script>\r\n<!-- Responsive sc c -->\r\n<ins class=\"adsbygoogle\"\r\n     style=\"display:block\"\r\n     data-ad-client=\"ca-pub-1244235910658811\"\r\n     data-ad-slot=\"4234005358\"\r\n     data-ad-format=\"auto\"\r\n     data-full-width-responsive=\"true\"><\/ins>\r\n<script>\r\n     (adsbygoogle = window.adsbygoogle || []).push({});\r\n<\/script><\/p><\/div>\n<p>Luego, &#8220;El \u00cddolo&#8221; Andrade apareci\u00f3 en el ring. El luchador mexicano, conocido por su paso en CMLL y WWE, se disculp\u00f3 con los fan\u00e1ticos por la confusi\u00f3n contractual. Prometi\u00f3 regresar a Puerto Rico y ganar el Campeonato Universal, lo que provoc\u00f3 aplausos del p\u00fablico.<\/p>\n<p>Dirigi\u00e9ndose a Eddie Col\u00f3n, Jovica anunci\u00f3 que, por ser responsable de la contrataci\u00f3n, tendr\u00eda que enfrentarse esa misma noche a Xavant. De esta manera Eddie sale de su &#8220;retiro&#8221; &#8211; al menos por una noche &#8211; tras haber perdido ante Ray Gonzalez en Aniversario.<\/p>\n","protected":false},"excerpt":{"rendered":"<p>Tras d\u00edas de especulaciones, Andrade lleg\u00f3 al evento Halloween Wrestling Xtravaganza de WWC&#8230; para informar que no pod\u00eda luchar.<\/p>\n","protected":false},"author":1,"featured_media":286930,"comment_status":"closed","ping_status":"closed","sticky":false,"template":"","format":"standard","meta":{"footnotes":""},"categories":[7409,5],"tags":[],"class_list":{"0":"post-286929","1":"post","2":"type-post","3":"status-publish","4":"format-standard","5":"has-post-thumbnail","7":"category-lucha-libre-de-puerto-rico","8":"category-noticias"},"_links":{"self":[{"href":"https:\/\/www.prwrestling.com\/nw\/wp-json\/wp\/v2\/posts\/286929","targetHints":{"allow":["GET"]}}],"collection":[{"href":"https:\/\/www.prwrestling.com\/nw\/wp-json\/wp\/v2\/posts"}],"about":[{"href":"https:\/\/www.prwrestling.com\/nw\/wp-json\/wp\/v2\/types\/post"}],"author":[{"embeddable":true,"href":"https:\/\/www.prwrestling.com\/nw\/wp-json\/wp\/v2\/users\/1"}],"replies":[{"embeddable":true,"href":"https:\/\/www.prwrestling.com\/nw\/wp-json\/wp\/v2\/comments?post=286929"}],"version-history":[{"count":4,"href":"https:\/\/www.prwrestling.com\/nw\/wp-json\/wp\/v2\/posts\/286929\/revisions"}],"predecessor-version":[{"id":286935,"href":"https:\/\/www.prwrestling.com\/nw\/wp-json\/wp\/v2\/posts\/286929\/revisions\/286935"}],"wp:featuredmedia":[{"embeddable":true,"href":"https:\/\/www.prwrestling.com\/nw\/wp-json\/wp\/v2\/media\/286930"}],"wp:attachment":[{"href":"https:\/\/www.prwrestling.com\/nw\/wp-json\/wp\/v2\/media?parent=286929"}],"wp:term":[{"taxonomy":"category","embeddable":true,"href":"https:\/\/www.prwrestling.com\/nw\/wp-json\/wp\/v2\/categories?post=286929"},{"taxonomy":"post_tag","embeddable":true,"href":"https:\/\/www.prwrestling.com\/nw\/wp-json\/wp\/v2\/tags?post=286929"}],"curies":[{"name":"wp","href":"https:\/\/api.w.org\/{rel}","templated":true}]}}