{"id":287010,"date":"2025-10-23T16:44:22","date_gmt":"2025-10-23T20:44:22","guid":{"rendered":"https:\/\/www.prwrestling.com\/nw\/?p=287010"},"modified":"2025-10-23T16:44:22","modified_gmt":"2025-10-23T20:44:22","slug":"la-wwe-podria-estar-intentando-usar-la-clausula-de-no-competencia-de-andrade-para-traerlo-de-vuelta","status":"publish","type":"post","link":"https:\/\/www.prwrestling.com\/nw\/la-wwe-podria-estar-intentando-usar-la-clausula-de-no-competencia-de-andrade-para-traerlo-de-vuelta\/","title":{"rendered":"La WWE podr\u00eda estar intentando usar la cl\u00e1usula de no competencia de Andrade para traerlo de vuelta"},"content":{"rendered":"<h2>Actualizaci\u00f3n sobre la Situaci\u00f3n Legal de Andrade El \u00cddolo<\/h2>\n<p>La situaci\u00f3n legal de Andrade El \u00cddolo ha tomado otro giro inesperado, y esta vez no se trata solo de mantenerlo alejado de la lucha libre, sino de un posible regreso a WWE.<br \/>\n<!--more--><div id=\"ad-slot\" style=\"min-width: 300px; min-height: 250px;\">\r\n<p style=\"text-align: center;\">\r\n<script async src=\"https:\/\/pagead2.googlesyndication.com\/pagead\/js\/adsbygoogle.js\"><\/script>\r\n<!-- 300x250 sc a -->\r\n<ins class=\"adsbygoogle\"\r\n     style=\"display:inline-block;width:300px;height:250px\"\r\n     data-ad-client=\"ca-pub-1244235910658811\"\r\n     data-ad-slot=\"8592682546\"><\/ins>\r\n<script>\r\n     (adsbygoogle = window.adsbygoogle || []).push({});\r\n<\/script><\/center>\r\n<\/p><\/div><br \/>\nSeg\u00fan reportes de PWInsider, varios c\u00edrculos cercanos en la escena de lucha libre en M\u00e9xico creen que WWE est\u00e1 utilizando activamente la supuesta <a href=\"https:\/\/www.prwrestling.com\/nw\/tony-khan-comenta-sobre-el-misterioso-estatus-de-andrade-en-aew\/\">cl\u00e1usula de no competencia de un a\u00f1o<\/a> de Andrade como palanca para renegociar su firma. Aunque nada ha sido confirmado por funcionarios de WWE, el rumor ha ganado fuerza, especialmente despu\u00e9s de informes previos que indicaban que Andrade podr\u00eda estar inactivo hasta por un a\u00f1o debido a una violaci\u00f3n de su contrato con WWE.<\/p>\n<p>Inicialmente, la historia era que Andrade estaba bloqueado de luchar por complicaciones legales relacionadas con su salida de WWE. La cl\u00e1usula de no competencia, combinada con una restricci\u00f3n de 90 d\u00edas, cre\u00f3 problemas mayores para AEW, que tuvo que ajustar sus planes creativos involucr\u00e1ndolo. Sin embargo, ahora parece que WWE podr\u00eda estar usando esa cl\u00e1usula no solo para congelarlo, sino para negociar un posible regreso.<\/p>\n<div id=\"ad-slot\" style=\"min-width: 300px; min-height: 250px;\"><p style=\"text-align: center;\">\r\n<script async src=\"https:\/\/pagead2.googlesyndication.com\/pagead\/js\/adsbygoogle.js\"><\/script>\r\n<!-- Responsive sc c -->\r\n<ins class=\"adsbygoogle\"\r\n     style=\"display:block\"\r\n     data-ad-client=\"ca-pub-1244235910658811\"\r\n     data-ad-slot=\"4234005358\"\r\n     data-ad-format=\"auto\"\r\n     data-full-width-responsive=\"true\"><\/ins>\r\n<script>\r\n     (adsbygoogle = window.adsbygoogle || []).push({});\r\n<\/script><\/p><\/div>\n<h3>Detalles de la Cl\u00e1usula de No Competencia<\/h3>\n<p>La pol\u00edtica actualizada de contratos de WWE y TKO para 2025 permite a la compa\u00f1\u00eda imponer una restricci\u00f3n de un a\u00f1o si un luchador es despedido por violar reglas o su contrato. Esto ha generado controversia, ya que expertos legales, como Michael Morales en una entrevista con Lucha Libre Online, argumentan que tales cl\u00e1usulas podr\u00edan ser ilegales bajo la ley de EE.UU. si no incluyen compensaci\u00f3n durante el per\u00edodo de restricci\u00f3n, ya que equivaldr\u00eda a &#8220;esclavitud t\u00e9cnica&#8221;. WWE podr\u00eda extenderlo a un a\u00f1o si pagan durante el tiempo, convirti\u00e9ndolo en un &#8220;hold contractual&#8221; pagado.<\/p>\n<p>Andrade fue despedido de WWE en septiembre de 2025, aparentemente por m\u00faltiples violaciones de la pol\u00edtica de bienestar, lo que activar\u00eda la cl\u00e1usula &#8220;por causa&#8221;. Inicialmente se pens\u00f3 que no ten\u00eda restricci\u00f3n, pero WWE envi\u00f3 una orden de cese y desista a AEW, bloqueando su aparici\u00f3n en TV. AEW no estaba al tanto y ha ajustado planes, mientras Andrade tampoco luch\u00f3 en Puerto Rico (<a href=\"https:\/\/www.prwrestling.com\/nw\/andrade-aparece-pero-no-lucha-en-evento-de-wwc-en-puerto-rico\/\">WWC este fin de semana<\/a>).<\/p>\n<h3>Posible Retorno a WWE<\/h3>\n<p>Fuentes cercanas indican que WWE ve esto como una oportunidad para repatriar a Andrade, usando la cl\u00e1usula como leverage. Incluso insiders en WWE cre\u00edan inicialmente que no ten\u00eda no-compete, lo que hace la situaci\u00f3n &#8220;muy extra\u00f1a&#8221;. Andrade tiene representaci\u00f3n legal lista si decide desafiar en corte, lo que podr\u00eda cambiar c\u00f3mo se manejan estas cl\u00e1usulas en la industria.<\/p>\n<p>Ambas compa\u00f1\u00edas parecen posicionarse para control, dejando a Andrade en limbo. Su regreso a AEW fue el 1 de octubre atacando a Kenny Omega, pero ha estado ausente desde entonces.<\/p>\n<h3>Opini\u00f3n y Pregunta<\/h3>\n<p>Esto resalta tensiones crecientes entre WWE y AEW por talento. Desafiar en corte podr\u00eda liberar a Andrade r\u00e1pido, pero un regreso a WWE podr\u00eda revitalizar su carrera. \u00bfCrees que Andrade deber\u00eda pelear la cl\u00e1usula en corte o considerar volver a WWE? Comparte tus pensamientos en los comentarios a continuaci\u00f3n.<\/p>\n","protected":false},"excerpt":{"rendered":"<p>Actualizaci\u00f3n sobre la Situaci\u00f3n Legal de Andrade El \u00cddolo La situaci\u00f3n legal de Andrade El \u00cddolo ha tomado otro giro inesperado, y esta vez no se trata solo de mantenerlo alejado de la lucha libre, sino de un posible regreso a WWE.<\/p>\n","protected":false},"author":1,"featured_media":287011,"comment_status":"closed","ping_status":"closed","sticky":false,"template":"","format":"standard","meta":{"footnotes":""},"categories":[5,38],"tags":[1965],"class_list":{"0":"post-287010","1":"post","2":"type-post","3":"status-publish","4":"format-standard","5":"has-post-thumbnail","7":"category-noticias","8":"category-noticias-y-rumores-de-la-wwe","9":"tag-andrade"},"_links":{"self":[{"href":"https:\/\/www.prwrestling.com\/nw\/wp-json\/wp\/v2\/posts\/287010","targetHints":{"allow":["GET"]}}],"collection":[{"href":"https:\/\/www.prwrestling.com\/nw\/wp-json\/wp\/v2\/posts"}],"about":[{"href":"https:\/\/www.prwrestling.com\/nw\/wp-json\/wp\/v2\/types\/post"}],"author":[{"embeddable":true,"href":"https:\/\/www.prwrestling.com\/nw\/wp-json\/wp\/v2\/users\/1"}],"replies":[{"embeddable":true,"href":"https:\/\/www.prwrestling.com\/nw\/wp-json\/wp\/v2\/comments?post=287010"}],"version-history":[{"count":1,"href":"https:\/\/www.prwrestling.com\/nw\/wp-json\/wp\/v2\/posts\/287010\/revisions"}],"predecessor-version":[{"id":287012,"href":"https:\/\/www.prwrestling.com\/nw\/wp-json\/wp\/v2\/posts\/287010\/revisions\/287012"}],"wp:featuredmedia":[{"embeddable":true,"href":"https:\/\/www.prwrestling.com\/nw\/wp-json\/wp\/v2\/media\/287011"}],"wp:attachment":[{"href":"https:\/\/www.prwrestling.com\/nw\/wp-json\/wp\/v2\/media?parent=287010"}],"wp:term":[{"taxonomy":"category","embeddable":true,"href":"https:\/\/www.prwrestling.com\/nw\/wp-json\/wp\/v2\/categories?post=287010"},{"taxonomy":"post_tag","embeddable":true,"href":"https:\/\/www.prwrestling.com\/nw\/wp-json\/wp\/v2\/tags?post=287010"}],"curies":[{"name":"wp","href":"https:\/\/api.w.org\/{rel}","templated":true}]}}