{"id":287917,"date":"2025-12-04T08:27:59","date_gmt":"2025-12-04T13:27:59","guid":{"rendered":"https:\/\/www.prwrestling.com\/nw\/?p=287917"},"modified":"2025-12-04T08:27:59","modified_gmt":"2025-12-04T13:27:59","slug":"bryan-danielson-cerca-del-retiro-oficial-tras-confrontar-nuevos-problemas-fisicos","status":"publish","type":"post","link":"https:\/\/www.prwrestling.com\/nw\/bryan-danielson-cerca-del-retiro-oficial-tras-confrontar-nuevos-problemas-fisicos\/","title":{"rendered":"Bryan Danielson cerca del retiro oficial tras confrontar nuevos problemas f\u00edsicos"},"content":{"rendered":"<p>Bryan Danielson acaba de dar a los fans la actualizaci\u00f3n m\u00e1s clara hasta ahora sobre su salud\u2026 y no son las noticias de regreso que muchos esperaban.<\/p>\n<p><!--more--><div id=\"ad-slot\" style=\"min-width: 300px; min-height: 250px;\">\r\n<p style=\"text-align: center;\">\r\n<script async src=\"https:\/\/pagead2.googlesyndication.com\/pagead\/js\/adsbygoogle.js\"><\/script>\r\n<!-- 300x250 sc a -->\r\n<ins class=\"adsbygoogle\"\r\n     style=\"display:inline-block;width:300px;height:250px\"\r\n     data-ad-client=\"ca-pub-1244235910658811\"\r\n     data-ad-slot=\"8592682546\"><\/ins>\r\n<script>\r\n     (adsbygoogle = window.adsbygoogle || []).push({});\r\n<\/script><\/center>\r\n<\/p><\/div><\/p>\n<p>Tras estar fuera del roster activo por m\u00e1s de un a\u00f1o, The American Dragon revel\u00f3 en una nueva <a href=\"https:\/\/podcasts.apple.com\/us\/podcast\/bryan-danielson-iconic-matches-yes-movement-retirement\/id1468939064?i=1000739644969\" target=\"_blank\" rel=\"noopener\">entrevista con Chris Van Vliet<\/a> que los problemas en su cuello han llegado a un punto cr\u00edtico y que cualquier esperanza de volver al ring se ve muy complicada. Danielson confirm\u00f3 que est\u00e1 a punto de necesitar cirug\u00eda de cuello y que el aumento de viajes por su trabajo como comentarista en AEW Dynamite ha empeorado las cosas en lugar de mejorarlas.<\/p>\n<blockquote><p><em>\u201cTengo degeneraci\u00f3n en todo el cuello desde C1 hasta T2. Estoy al borde de necesitar cirug\u00eda. Me gustar\u00eda evitarla todo lo posible. Ojal\u00e1 nunca tenga que operarme el cuello. En realidad estaba bastante bien hasta que empec\u00e9 a viajar m\u00e1s por los comentarios, y ahora ha ido realmente cuesta abajo\u201d.<\/em><\/p><\/blockquote>\n<div id=\"ad-slot\" style=\"min-width: 300px; min-height: 250px;\"><p style=\"text-align: center;\">\r\n<script async src=\"https:\/\/pagead2.googlesyndication.com\/pagead\/js\/adsbygoogle.js\"><\/script>\r\n<!-- Responsive sc c -->\r\n<ins class=\"adsbygoogle\"\r\n     style=\"display:block\"\r\n     data-ad-client=\"ca-pub-1244235910658811\"\r\n     data-ad-slot=\"4234005358\"\r\n     data-ad-format=\"auto\"\r\n     data-full-width-responsive=\"true\"><\/ins>\r\n<script>\r\n     (adsbygoogle = window.adsbygoogle || []).push({});\r\n<\/script><\/p><\/div>\n<p>Danielson admiti\u00f3 que hab\u00eda estado aferr\u00e1ndose a la esperanza \u2014incluso enga\u00f1\u00e1ndose a s\u00ed mismo\u2014 de que un regreso limitado podr\u00eda ser posible. Pero la realidad le ha golpeado fuerte.<\/p>\n<blockquote><p><em>\u201cTen\u00eda esas ilusiones de \u2018Bueno, tal vez pueda volver y luchar un poquito\u2019. Ahora veo que realmente eran ilusiones, porque estos viajes son como\u2026 esto no es buena idea\u201d.<\/em><\/p><\/blockquote>\n<p>Cuando le preguntaron si se considera completamente retirado, Danielson no dio vueltas al tema, pero dej\u00f3 claro que todav\u00eda no est\u00e1 listo para usar la palabra con R.<\/p>\n<blockquote><p><em>\u201cOdio la palabra con R porque me obligaron a retirarme antes. Nunca me considero totalmente retirado. Creo que\u2026 as\u00ed piensan muchos luchadores: \u2018Bueno, creo que podr\u00eda hacer esto en tal situaci\u00f3n si me necesitan o me llaman\u2019\u201d.<\/em><\/p><\/blockquote>\n<blockquote><p><em>\u201cPero s\u00ed, efectivamente, el Bryan Danielson que sol\u00eda ser ya no existe\u201d.<\/em><\/p><\/blockquote>\n<p>Aunque ya no se pone las botas todas las semanas, Danielson no ha desaparecido de AEW. Sigue siendo habitual en los comentarios de Dynamite e incluso se puso <a href=\"https:\/\/www.prwrestling.com\/nw\/resultados-aew-all-in-2025-adam-page-se-corona-nuevo-campeon-mundial\/\">f\u00edsico en AEW All In: Texas<\/a>, interviniendo durante una pelea con los Death Riders. Pero para quienes segu\u00edan esperando que The American Dragon rugiera de nuevo, esta actualizaci\u00f3n suena como el cierre de un cap\u00edtulo.<\/p>\n<p>La sinceridad de Danielson deja claro que el costo f\u00edsico de su legendaria carrera lo est\u00e1 alcanzando, y el sue\u00f1o de una \u00faltima lucha quiz\u00e1 no valga la pena.<\/p>\n","protected":false},"excerpt":{"rendered":"<p>Bryan Danielson acaba de dar a los fans la actualizaci\u00f3n m\u00e1s clara hasta ahora sobre su salud\u2026 y no son las noticias de regreso que muchos esperaban.<\/p>\n","protected":false},"author":1,"featured_media":287918,"comment_status":"closed","ping_status":"closed","sticky":false,"template":"","format":"standard","meta":{"footnotes":""},"categories":[1],"tags":[7294],"class_list":{"0":"post-287917","1":"post","2":"type-post","3":"status-publish","4":"format-standard","5":"has-post-thumbnail","7":"category-all-elite-wrestling","8":"tag-bryan-danielson"},"_links":{"self":[{"href":"https:\/\/www.prwrestling.com\/nw\/wp-json\/wp\/v2\/posts\/287917","targetHints":{"allow":["GET"]}}],"collection":[{"href":"https:\/\/www.prwrestling.com\/nw\/wp-json\/wp\/v2\/posts"}],"about":[{"href":"https:\/\/www.prwrestling.com\/nw\/wp-json\/wp\/v2\/types\/post"}],"author":[{"embeddable":true,"href":"https:\/\/www.prwrestling.com\/nw\/wp-json\/wp\/v2\/users\/1"}],"replies":[{"embeddable":true,"href":"https:\/\/www.prwrestling.com\/nw\/wp-json\/wp\/v2\/comments?post=287917"}],"version-history":[{"count":1,"href":"https:\/\/www.prwrestling.com\/nw\/wp-json\/wp\/v2\/posts\/287917\/revisions"}],"predecessor-version":[{"id":287919,"href":"https:\/\/www.prwrestling.com\/nw\/wp-json\/wp\/v2\/posts\/287917\/revisions\/287919"}],"wp:featuredmedia":[{"embeddable":true,"href":"https:\/\/www.prwrestling.com\/nw\/wp-json\/wp\/v2\/media\/287918"}],"wp:attachment":[{"href":"https:\/\/www.prwrestling.com\/nw\/wp-json\/wp\/v2\/media?parent=287917"}],"wp:term":[{"taxonomy":"category","embeddable":true,"href":"https:\/\/www.prwrestling.com\/nw\/wp-json\/wp\/v2\/categories?post=287917"},{"taxonomy":"post_tag","embeddable":true,"href":"https:\/\/www.prwrestling.com\/nw\/wp-json\/wp\/v2\/tags?post=287917"}],"curies":[{"name":"wp","href":"https:\/\/api.w.org\/{rel}","templated":true}]}}