{"id":288157,"date":"2025-12-14T17:58:32","date_gmt":"2025-12-14T22:58:32","guid":{"rendered":"https:\/\/www.prwrestling.com\/nw\/?p=288157"},"modified":"2025-12-14T17:58:32","modified_gmt":"2025-12-14T22:58:32","slug":"gran-aparicion-y-nueva-lucha-titular-en-un-episodio-cargado-de-wwe-raw-el-15-de-diciembre","status":"publish","type":"post","link":"https:\/\/www.prwrestling.com\/nw\/gran-aparicion-y-nueva-lucha-titular-en-un-episodio-cargado-de-wwe-raw-el-15-de-diciembre\/","title":{"rendered":"Gran aparici\u00f3n y nueva lucha titular en un episodio cargado de WWE Raw el 15 de diciembre"},"content":{"rendered":"<p>WWE Raw sigue tomando forma tras el importante evento del s\u00e1bado por la noche, con varias adiciones notables ya confirmadas para el show del lunes.<\/p>\n<p><!--more--><div id=\"ad-slot\" style=\"min-width: 300px; min-height: 250px;\">\r\n<p style=\"text-align: center;\">\r\n<!-- Site name: prwrestling.com\r\nZone name: prwrestling.com_banner_300x250\r\nZone id: 2109741734\r\nType: banner\r\nFormat: 300x250\r\n --> \r\n\r\n<!-- Copy and paste this code on the page. -->\r\n<div id='zone_2109741734' ><\/div>\r\n<script>\r\n    (function(w,d,o,g,r,a,m){\r\n        var cid='zone_2109741734';\r\n        w[r]=w[r]||function(){(w[r+'l']=w[r+'l']||[]).push(arguments)};\r\n        function e(b,w,r){if((w[r+'h']=b.pop())&&!w.ABN){\r\n            var a=d.createElement(o),p=d.getElementsByTagName(o)[0];a.async=1;\r\n            a.src='https:\/\/cdn.'+w[r+'h']+'\/libs\/e.js';a.onerror=function(){e(g,w,r)};\r\n            p.parentNode.insertBefore(a,p)}}e(g,w,r);\r\n        w[r](cid,{id:2109741734,domain:w[r+'h']});\r\n    })(window,document,'script',['traffmovie.com'],'ABNS');\r\n<\/script>\r\n\r\n<!--\r\nWhen setting the zone code, make sure:\r\n  - you have provided all domains from which the area code will be called\r\n  - the site does not limit the loading in the Content Security Policy\r\n  - the area code is installed in the ad space inside the page\r\n  - site layout allows you to display the banner on mobile devices in full size\r\nUse data-cp1={customParam1} data-cp2={customParam2}... attributes for sending custom params\r\n-->\r\n<\/p><\/div><\/p>\n<p>Fresco de su controvertida e hist\u00f3rica victoria sobre John Cena en <a href=\"https:\/\/www.prwrestling.com\/nw\/resultados-wwe-saturday-nights-main-event-12-13-john-cena-se-retira-con-derrota-ante-gunther\/\">WWE Saturday Night\u2019s Main Event<\/a>, Gunther aparecer\u00e1 en vivo en Raw. El gerente general de WWE Raw, Adam Pearce, confirm\u00f3 la noticia durante su resumen semanal de la cartelera de la marca roja.<\/p>\n<blockquote><p><em>\u201cEl hombre que para siempre ser\u00e1 conocido como el que hizo rendir a John Cena, The Ring General Gunther, estar\u00e1 en vivo en el flagship\u201d,<\/em> declar\u00f3 Pearce.<\/p><\/blockquote>\n<p>Esa aparici\u00f3n llegar\u00e1 solo d\u00edas despu\u00e9s de que Gunther obligara a Cena a rendirse en lo que marc\u00f3 el \u00faltimo combate en el ring de la carrera de Cena.<\/p>\n<p>Tambi\u00e9n reci\u00e9n anunciado para Raw, Stephanie Vaquer pondr\u00e1 el Campeonato Mundial Femenino en juego cuando defienda el t\u00edtulo contra Raquel Rodriguez. Este combate a\u00f1ade otro titular de alto riesgo a una cartelera ya cargada.<\/p>\n<div id=\"ad-slot\" style=\"min-width: 300px; min-height: 250px;\"><p style=\"text-align: center;\">\r\n<script async src=\"https:\/\/pagead2.googlesyndication.com\/pagead\/js\/adsbygoogle.js\"><\/script>\r\n<!-- Responsive sc c -->\r\n<ins class=\"adsbygoogle\"\r\n     style=\"display:block\"\r\n     data-ad-client=\"ca-pub-1244235910658811\"\r\n     data-ad-slot=\"4234005358\"\r\n     data-ad-format=\"auto\"\r\n     data-full-width-responsive=\"true\"><\/ins>\r\n<script>\r\n     (adsbygoogle = window.adsbygoogle || []).push({});\r\n<\/script><\/p><\/div>\n<h2>Anunciado para el lunes en WWE Raw 12\/15\/2025:<\/h2>\n<p>Con lo ahora conocido, esta es la cartelera actualizada anunciada para el episodio del 15 de diciembre de WWE Raw desde el GIANT Center en Hershey, Pensilvania:<\/p>\n<ul>\n<li>Regreso del Campe\u00f3n Mundial Peso Pesado CM Punk<\/li>\n<li><\/li>\n<li>The New Day (Kofi Kingston &amp; Xavier Woods) vs. The Usos (Jey Uso &amp; Jimmy Uso)<\/li>\n<li><\/li>\n<li>Rey Mysterio vs. Logan Paul<\/li>\n<li><\/li>\n<li>La campeona Intercontinental Femenina Maxxine Dupri defiende contra Ivy Nile<\/li>\n<li><\/li>\n<li>La campeona Mundial Femenina Stephanie Vaquer defiende contra Raquel Rodriguez<\/li>\n<li><\/li>\n<li>Aparici\u00f3n de Gunther<\/li>\n<\/ul>\n","protected":false},"excerpt":{"rendered":"<p>WWE Raw sigue tomando forma tras el importante evento del s\u00e1bado por la noche, con varias adiciones notables ya confirmadas para el show del lunes.<\/p>\n","protected":false},"author":1,"featured_media":288158,"comment_status":"closed","ping_status":"closed","sticky":false,"template":"","format":"standard","meta":{"footnotes":""},"categories":[38],"tags":[],"class_list":["post-288157","post","type-post","status-publish","format-standard","has-post-thumbnail","category-noticias-y-rumores-de-la-wwe"],"_links":{"self":[{"href":"https:\/\/www.prwrestling.com\/nw\/wp-json\/wp\/v2\/posts\/288157","targetHints":{"allow":["GET"]}}],"collection":[{"href":"https:\/\/www.prwrestling.com\/nw\/wp-json\/wp\/v2\/posts"}],"about":[{"href":"https:\/\/www.prwrestling.com\/nw\/wp-json\/wp\/v2\/types\/post"}],"author":[{"embeddable":true,"href":"https:\/\/www.prwrestling.com\/nw\/wp-json\/wp\/v2\/users\/1"}],"replies":[{"embeddable":true,"href":"https:\/\/www.prwrestling.com\/nw\/wp-json\/wp\/v2\/comments?post=288157"}],"version-history":[{"count":1,"href":"https:\/\/www.prwrestling.com\/nw\/wp-json\/wp\/v2\/posts\/288157\/revisions"}],"predecessor-version":[{"id":288159,"href":"https:\/\/www.prwrestling.com\/nw\/wp-json\/wp\/v2\/posts\/288157\/revisions\/288159"}],"wp:featuredmedia":[{"embeddable":true,"href":"https:\/\/www.prwrestling.com\/nw\/wp-json\/wp\/v2\/media\/288158"}],"wp:attachment":[{"href":"https:\/\/www.prwrestling.com\/nw\/wp-json\/wp\/v2\/media?parent=288157"}],"wp:term":[{"taxonomy":"category","embeddable":true,"href":"https:\/\/www.prwrestling.com\/nw\/wp-json\/wp\/v2\/categories?post=288157"},{"taxonomy":"post_tag","embeddable":true,"href":"https:\/\/www.prwrestling.com\/nw\/wp-json\/wp\/v2\/tags?post=288157"}],"curies":[{"name":"wp","href":"https:\/\/api.w.org\/{rel}","templated":true}]}}