{"id":289414,"date":"2026-03-04T20:54:49","date_gmt":"2026-03-05T01:54:49","guid":{"rendered":"https:\/\/www.prwrestling.com\/nw\/?p=289414"},"modified":"2026-03-04T20:54:49","modified_gmt":"2026-03-05T01:54:49","slug":"david-finlay-debuta-en-aew-dynamite-y-presenta-su-nueva-faccion","status":"publish","type":"post","link":"https:\/\/www.prwrestling.com\/nw\/david-finlay-debuta-en-aew-dynamite-y-presenta-su-nueva-faccion\/","title":{"rendered":"David Finlay debuta en AEW Dynamite y presenta su nueva facci\u00f3n"},"content":{"rendered":"<p>David Finlay ha llegado oficialmente a AEW, y no vino solo.<\/p>\n<p><!--more--><br \/>\n<div id=\"ad-slot\" style=\"min-width: 300px; min-height: 250px;\">\r\n<p style=\"text-align: center;\">\r\n<script async src=\"https:\/\/pagead2.googlesyndication.com\/pagead\/js\/adsbygoogle.js\"><\/script>\r\n<!-- 300x250 sc a -->\r\n<ins class=\"adsbygoogle\"\r\n     style=\"display:inline-block;width:300px;height:250px\"\r\n     data-ad-client=\"ca-pub-1244235910658811\"\r\n     data-ad-slot=\"8592682546\"><\/ins>\r\n<script>\r\n     (adsbygoogle = window.adsbygoogle || []).push({});\r\n<\/script><\/center>\r\n<\/p><\/div><\/p>\n<p>Durante el episodio del 3 de marzo de 2026 de <a href=\"https:\/\/www.prwrestling.com\/nw\/tag\/aew-dynamite\">AEW Dynamite<\/a>, Finlay hizo una aparici\u00f3n sorpresa despu\u00e9s de un combate de equipos que enfrent\u00f3 a Darby Allin y Orange Cassidy contra Gabe Kidd y Clark Connors.<\/p>\n<p>Allin y Cassidy lograron la victoria sobre Kidd y Connors, pareciendo que el combate hab\u00eda terminado. Sin embargo, la celebraci\u00f3n no dur\u00f3 mucho. Momentos despu\u00e9s de que finalizara el combate, Finlay irrumpi\u00f3 en el ring y lanz\u00f3 un ataque repentino contra ambos, Allin y Cassidy, tom\u00e1ndolos completamente por sorpresa.<\/p>\n<div id=\"ad-slot\" style=\"min-width: 300px; min-height: 250px;\"><p style=\"text-align: center;\">\r\n<script async src=\"https:\/\/pagead2.googlesyndication.com\/pagead\/js\/adsbygoogle.js\"><\/script>\r\n<!-- Responsive sc c -->\r\n<ins class=\"adsbygoogle\"\r\n     style=\"display:block\"\r\n     data-ad-client=\"ca-pub-1244235910658811\"\r\n     data-ad-slot=\"4234005358\"\r\n     data-ad-format=\"auto\"\r\n     data-full-width-responsive=\"true\"><\/ins>\r\n<script>\r\n     (adsbygoogle = window.adsbygoogle || []).push({});\r\n<\/script><\/p><\/div>\n<p>La emboscada cambi\u00f3 inmediatamente el ambiente en la arena, ya que Finlay se uni\u00f3 a Kidd y Connors en el ring, convirtiendo lo que parec\u00eda un momento post-combate en el nacimiento de una nueva alianza. Tras el ataque, los tres hombres se mantuvieron firmes juntos dentro del ring, dejando claro que Finlay se hab\u00eda alineado con Kidd y Connors de ahora en adelante.<\/p>\n<blockquote class=\"twitter-tweet\">\n<p dir=\"ltr\" lang=\"en\">The Dogs have become even more dangerous with the arrival of <a href=\"https:\/\/twitter.com\/THEdavidfinlay?ref_src=twsrc%5Etfw\" target=\"_blank\" rel=\"noopener\">@THEDavidFinlay<\/a>!<\/p>\n<p>Watch <a href=\"https:\/\/twitter.com\/hashtag\/AEWDynamite?src=hash&amp;ref_src=twsrc%5Etfw\" target=\"_blank\" rel=\"noopener\">#AEWDynamite<\/a> LIVE on TBS &amp; HBO Max <a href=\"https:\/\/t.co\/XHrciP2vCJ\">pic.twitter.com\/XHrciP2vCJ<\/a><\/p>\n<p>\u2014 All Elite Wrestling (@AEW) <a href=\"https:\/\/twitter.com\/AEW\/status\/2029371829215740119?ref_src=twsrc%5Etfw\" target=\"_blank\" rel=\"noopener\">March 5, 2026<\/a><\/p><\/blockquote>\n<p><script async src=\"https:\/\/platform.twitter.com\/widgets.js\" charset=\"utf-8\"><\/script><br \/>\nLa aparici\u00f3n llega justo despu\u00e9s de que salieran reportes sobre la agencia libre de Finlay tras la expiraci\u00f3n de su contrato con New Japan Pro-Wrestling. Aunque la especulaci\u00f3n lo hab\u00eda conectado con WWE y AEW, su sorpresiva aparici\u00f3n en Dynamite sugiere que AEW podr\u00eda ser ahora el lugar donde comience su pr\u00f3ximo cap\u00edtulo. Antes de su debut en Dynamite, se hab\u00eda reportado que WWE y Finlay hab\u00edan tenido contacto previo, pero \u00e9l no formaba parte de los planes creativos actuales de la compa\u00f1\u00eda.<\/p>\n<blockquote><p>\u201cFuentes en WWE han dicho que, aunque ha habido contacto entre David Finlay y WWE, \u00e9l no est\u00e1 considerado en los planes creativos en este momento.\u201d<\/p><\/blockquote>\n<p>Esa situaci\u00f3n ahora parece mucho menos relevante tras el inesperado debut de Finlay en AEW y su aparente alianza con Kidd y Connors. Con Finlay ahora al lado de los dos miembros de The Dogs, AEW podr\u00eda haber ganado una nueva facci\u00f3n que podr\u00eda impactar r\u00e1pidamente en el roster.<\/p>\n","protected":false},"excerpt":{"rendered":"<p>David Finlay ha llegado oficialmente a AEW, y no vino solo.<\/p>\n","protected":false},"author":3,"featured_media":289415,"comment_status":"closed","ping_status":"closed","sticky":false,"template":"","format":"standard","meta":{"footnotes":""},"categories":[1],"tags":[],"class_list":{"0":"post-289414","1":"post","2":"type-post","3":"status-publish","4":"format-standard","5":"has-post-thumbnail","7":"category-all-elite-wrestling"},"_links":{"self":[{"href":"https:\/\/www.prwrestling.com\/nw\/wp-json\/wp\/v2\/posts\/289414","targetHints":{"allow":["GET"]}}],"collection":[{"href":"https:\/\/www.prwrestling.com\/nw\/wp-json\/wp\/v2\/posts"}],"about":[{"href":"https:\/\/www.prwrestling.com\/nw\/wp-json\/wp\/v2\/types\/post"}],"author":[{"embeddable":true,"href":"https:\/\/www.prwrestling.com\/nw\/wp-json\/wp\/v2\/users\/3"}],"replies":[{"embeddable":true,"href":"https:\/\/www.prwrestling.com\/nw\/wp-json\/wp\/v2\/comments?post=289414"}],"version-history":[{"count":2,"href":"https:\/\/www.prwrestling.com\/nw\/wp-json\/wp\/v2\/posts\/289414\/revisions"}],"predecessor-version":[{"id":289417,"href":"https:\/\/www.prwrestling.com\/nw\/wp-json\/wp\/v2\/posts\/289414\/revisions\/289417"}],"wp:featuredmedia":[{"embeddable":true,"href":"https:\/\/www.prwrestling.com\/nw\/wp-json\/wp\/v2\/media\/289415"}],"wp:attachment":[{"href":"https:\/\/www.prwrestling.com\/nw\/wp-json\/wp\/v2\/media?parent=289414"}],"wp:term":[{"taxonomy":"category","embeddable":true,"href":"https:\/\/www.prwrestling.com\/nw\/wp-json\/wp\/v2\/categories?post=289414"},{"taxonomy":"post_tag","embeddable":true,"href":"https:\/\/www.prwrestling.com\/nw\/wp-json\/wp\/v2\/tags?post=289414"}],"curies":[{"name":"wp","href":"https:\/\/api.w.org\/{rel}","templated":true}]}}