{"id":289422,"date":"2026-03-05T13:14:28","date_gmt":"2026-03-05T18:14:28","guid":{"rendered":"https:\/\/www.prwrestling.com\/nw\/?p=289422"},"modified":"2026-03-05T13:14:28","modified_gmt":"2026-03-05T18:14:28","slug":"tension-en-wwe-logan-paul-explota-contra-la-empresa-y-cuestiona-el-estatus-de-una-figura-importante","status":"publish","type":"post","link":"https:\/\/www.prwrestling.com\/nw\/tension-en-wwe-logan-paul-explota-contra-la-empresa-y-cuestiona-el-estatus-de-una-figura-importante\/","title":{"rendered":"\u00a1Tensi\u00f3n en WWE! Logan Paul explota contra la empresa y cuestiona el estatus de una figura importante"},"content":{"rendered":"<p>Logan Paul, de The Vision, no tuvo \u00e9xito en WWE Elimination Chamber en Chicago, pero The Maverick a\u00fan puede esperar con ansias WrestleMania de este a\u00f1o. Mientras tanto, el ex Campe\u00f3n de Estados Unidos expres\u00f3 su descontento y cuestion\u00f3 la posici\u00f3n de una estrella.<\/p>\n<p><!--more--><br \/>\n<div id=\"ad-slot\" style=\"min-width: 300px; min-height: 250px;\">\r\n<p style=\"text-align: center;\">\r\n<script async src=\"https:\/\/pagead2.googlesyndication.com\/pagead\/js\/adsbygoogle.js\"><\/script>\r\n<!-- 300x250 sc a -->\r\n<ins class=\"adsbygoogle\"\r\n     style=\"display:inline-block;width:300px;height:250px\"\r\n     data-ad-client=\"ca-pub-1244235910658811\"\r\n     data-ad-slot=\"8592682546\"><\/ins>\r\n<script>\r\n     (adsbygoogle = window.adsbygoogle || []).push({});\r\n<\/script><\/center>\r\n<\/p><\/div><\/p>\n<p>El mes pasado, WWE revel\u00f3 toda la alineaci\u00f3n para su pr\u00f3ximo juego, junto con las calificaciones de cada superestrella. Logan Paul dio sus reacciones cuando le dieron 90, y Jey Uso obtuvo 91. Tras una discusi\u00f3n con Kevin Owens, Paul abandon\u00f3 la entrevista.<\/p>\n<p>Recientemente, subi\u00f3 su vlog semanal en <em><a href=\"https:\/\/www.youtube.com\/watch?v=tEb290EfRbU\" target=\"_blank\" rel=\"nofollow noopener noreferrer\">YouTube<\/a><\/em> y mostr\u00f3 las consecuencias de su conversaci\u00f3n con The Prizefighter. The Maverick no estaba contento con que <em>WWE 2K26<\/em> lo calificara por debajo de Jey Uso. Adem\u00e1s, cuestion\u00f3 por qu\u00e9 Main Event Jey ten\u00eda una calificaci\u00f3n m\u00e1s alta que \u00e9l, ya que Paul siente que superar\u00eda a Uso en las calificaciones si no fuera por su entrada.<\/p>\n<div id=\"ad-slot\" style=\"min-width: 300px; min-height: 250px;\"><p style=\"text-align: center;\">\r\n<script async src=\"https:\/\/pagead2.googlesyndication.com\/pagead\/js\/adsbygoogle.js\"><\/script>\r\n<!-- Responsive sc c -->\r\n<ins class=\"adsbygoogle\"\r\n     style=\"display:block\"\r\n     data-ad-client=\"ca-pub-1244235910658811\"\r\n     data-ad-slot=\"4234005358\"\r\n     data-ad-format=\"auto\"\r\n     data-full-width-responsive=\"true\"><\/ins>\r\n<script>\r\n     (adsbygoogle = window.adsbygoogle || []).push({});\r\n<\/script><\/p><\/div>\n<blockquote><p>\u201c\u00bfJey Uso obtuvo un 91? [Creo que la gente recibe calificaciones extra por sus entradas.] Eso es todo lo que tiene. Su entrada es un 91, pero en cuanto a la lucha, hermano. \u00bfDe qu\u00e9 estamos hablando? \u00bfUn 91 para Jey y para m\u00ed un 90? Me hablan como si estuviera en el top 5, y eso es algo bueno, hermano. \u00bfTop 5? \u00bfY Kevin Owens me est\u00e1 hablando mal? Eso es una locura, hermano. Voy a tomar esto como motivaci\u00f3n. Voy a trabajar m\u00e1s duro\u201d, dijo Paul.<\/p><\/blockquote>\n<h2><iframe title=\"Reproductor de video de YouTube\" src=\"https:\/\/www.youtube.com\/embed\/tEb290EfRbU\" frameborder=\"0\" allowfullscreen=\"allowfullscreen\" aria-label=\"Video de YouTube\"><\/iframe><\/h2>\n<h2>Logan Paul podr\u00eda enfrentar a una gran estrella de WWE en WrestleMania 42<\/h2>\n<p>El a\u00f1o pasado, <a href=\"https:\/\/www.prwrestling.com\/nw\/tag\/logan-paul\" target=\"_blank\" rel=\"noopener noreferrer\">Logan Paul<\/a> se aline\u00f3 con The Vision cuando atac\u00f3 a CM Punk. The Maverick fue la primera superestrella en unirse a la facci\u00f3n heel tras la lesi\u00f3n de Seth Rollins en WWE Crown Jewel. M\u00e1s tarde, se convirti\u00f3 en miembro oficial del grupo y particip\u00f3 en el combate de WarGames.<\/p>\n<p>En los pr\u00f3ximos meses, el ex Campe\u00f3n de Estados Unidos se convirti\u00f3 en un habitual en la marca roja al firmar un contrato para ser un performer de tiempo completo en la promoci\u00f3n con sede en Stamford. Aunque es un miembro clave del grupo, Bron Breakker y Bronson Reed se lesionaron en el camino a WrestleMania 42.<\/p>\n<p>Hace unos d\u00edas, Paul compiti\u00f3 en WWE Elimination Chamber en Chicago y perdi\u00f3 cuando <a href=\"https:\/\/www.prwrestling.com\/nw\/tag\/seth-rollins\" target=\"_blank\" rel=\"noopener noreferrer\">Seth Rollins<\/a> lo atac\u00f3. Si Breakker no se recupera a tiempo, hay una alta probabilidad de que Logan Paul enfrente a Seth Rollins uno contra uno en The Showcase of the Immortals en Nevada.<\/p>\n","protected":false},"excerpt":{"rendered":"<p>Logan Paul, de The Vision, no tuvo \u00e9xito en WWE Elimination Chamber en Chicago, pero The Maverick a\u00fan puede esperar con ansias WrestleMania de este a\u00f1o. Mientras tanto, el ex Campe\u00f3n de Estados Unidos expres\u00f3 su descontento y cuestion\u00f3 la posici\u00f3n de una estrella.<\/p>\n","protected":false},"author":3,"featured_media":289423,"comment_status":"closed","ping_status":"closed","sticky":false,"template":"","format":"standard","meta":{"footnotes":""},"categories":[38],"tags":[7363],"class_list":{"0":"post-289422","1":"post","2":"type-post","3":"status-publish","4":"format-standard","5":"has-post-thumbnail","7":"category-noticias-y-rumores-de-la-wwe","8":"tag-logan-paul"},"_links":{"self":[{"href":"https:\/\/www.prwrestling.com\/nw\/wp-json\/wp\/v2\/posts\/289422","targetHints":{"allow":["GET"]}}],"collection":[{"href":"https:\/\/www.prwrestling.com\/nw\/wp-json\/wp\/v2\/posts"}],"about":[{"href":"https:\/\/www.prwrestling.com\/nw\/wp-json\/wp\/v2\/types\/post"}],"author":[{"embeddable":true,"href":"https:\/\/www.prwrestling.com\/nw\/wp-json\/wp\/v2\/users\/3"}],"replies":[{"embeddable":true,"href":"https:\/\/www.prwrestling.com\/nw\/wp-json\/wp\/v2\/comments?post=289422"}],"version-history":[{"count":2,"href":"https:\/\/www.prwrestling.com\/nw\/wp-json\/wp\/v2\/posts\/289422\/revisions"}],"predecessor-version":[{"id":289425,"href":"https:\/\/www.prwrestling.com\/nw\/wp-json\/wp\/v2\/posts\/289422\/revisions\/289425"}],"wp:featuredmedia":[{"embeddable":true,"href":"https:\/\/www.prwrestling.com\/nw\/wp-json\/wp\/v2\/media\/289423"}],"wp:attachment":[{"href":"https:\/\/www.prwrestling.com\/nw\/wp-json\/wp\/v2\/media?parent=289422"}],"wp:term":[{"taxonomy":"category","embeddable":true,"href":"https:\/\/www.prwrestling.com\/nw\/wp-json\/wp\/v2\/categories?post=289422"},{"taxonomy":"post_tag","embeddable":true,"href":"https:\/\/www.prwrestling.com\/nw\/wp-json\/wp\/v2\/tags?post=289422"}],"curies":[{"name":"wp","href":"https:\/\/api.w.org\/{rel}","templated":true}]}}