{"id":289449,"date":"2026-03-07T13:33:54","date_gmt":"2026-03-07T18:33:54","guid":{"rendered":"https:\/\/www.prwrestling.com\/nw\/?p=289449"},"modified":"2026-03-07T13:34:21","modified_gmt":"2026-03-07T18:34:21","slug":"konnan-hospitalizado-y-con-pierna-amputada-tras-complicaciones-medicas","status":"publish","type":"post","link":"https:\/\/www.prwrestling.com\/nw\/konnan-hospitalizado-y-con-pierna-amputada-tras-complicaciones-medicas\/","title":{"rendered":"Konnan hospitalizado y con pierna amputada tras complicaciones m\u00e9dicas"},"content":{"rendered":"<p>Informes no confirmados sobre la salud de Konnan est\u00e1n circulando actualmente en l\u00ednea.<\/p>\n<p><!--more--><br \/>\n<div id=\"ad-slot\" style=\"min-width: 300px; min-height: 250px;\">\r\n<p style=\"text-align: center;\">\r\n<script async src=\"https:\/\/pagead2.googlesyndication.com\/pagead\/js\/adsbygoogle.js\"><\/script>\r\n<!-- 300x250 sc a -->\r\n<ins class=\"adsbygoogle\"\r\n     style=\"display:inline-block;width:300px;height:250px\"\r\n     data-ad-client=\"ca-pub-1244235910658811\"\r\n     data-ad-slot=\"8592682546\"><\/ins>\r\n<script>\r\n     (adsbygoogle = window.adsbygoogle || []).push({});\r\n<\/script><\/center>\r\n<\/p><\/div><\/p>\n<p>El viernes, el medio deportivo mexicano <a href=\"https:\/\/x.com\/record_mexico\/status\/2030114741088047227\">RECORD report\u00f3<\/a> que Konnan fue hospitalizado en San Diego y que le amputaron una de sus piernas tras complicaciones m\u00e9dicas. RECORD cit\u00f3 a su columnista @elplanchitas para la noticia.<\/p>\n<p>Otros medios han replicado la informaci\u00f3n citando el reporte de RECORD. Sin embargo, la informaci\u00f3n no ha sido confirmada de manera independiente y no se ha emitido ning\u00fan comunicado oficial.<\/p>\n<div id=\"ad-slot\" style=\"min-width: 300px; min-height: 250px;\"><p style=\"text-align: center;\">\r\n<script async src=\"https:\/\/pagead2.googlesyndication.com\/pagead\/js\/adsbygoogle.js\"><\/script>\r\n<!-- Responsive sc c -->\r\n<ins class=\"adsbygoogle\"\r\n     style=\"display:block\"\r\n     data-ad-client=\"ca-pub-1244235910658811\"\r\n     data-ad-slot=\"4234005358\"\r\n     data-ad-format=\"auto\"\r\n     data-full-width-responsive=\"true\"><\/ins>\r\n<script>\r\n     (adsbygoogle = window.adsbygoogle || []).push({});\r\n<\/script><\/p><\/div>\n<p>RECORD M\u00e9xico escribi\u00f3:<\/p>\n<blockquote><p>\u201cCon base en informaci\u00f3n de @elplanchitas, R\u00c9CORD puede confirmar que el luchador cubano, Carlos Santiago Espada, mejor conocido como \u2018Konnan\u2019, acaba de someterse a la amputaci\u00f3n de su pierna. Carlos se encuentra en delicado estado de salud en Estados Unidos. \u00a1Mucha fuerza, Konnan!\u201d<\/p><\/blockquote>\n<p>@elplanchitas escribi\u00f3:<\/p>\n<blockquote><p>\u201cPuedo confirmar que Carlos Santiago Espada (62 a\u00f1os) tuvo amputada una pierna. Desde hace alg\u00fan tiempo, la estrella de Triple A ha estado lidiando con problemas de salud que lo han dejado en un estado delicado en San Diego, Estados Unidos.\u201d<\/p><\/blockquote>\n<p>Konnan ha enfrentado varios problemas de salud en los \u00faltimos a\u00f1os. Ha lidiado con problemas renales desde mediados de los 2000 y se someti\u00f3 a un trasplante de ri\u00f1\u00f3n en 2007. A finales de 2022, se revel\u00f3 que Konnan estaba en di\u00e1lisis debido a complicaciones renales y hab\u00eda estado lidiando con problemas de salud desde un grave caso de COVID-19 en febrero de 2021. Tambi\u00e9n se someti\u00f3 a cirug\u00eda card\u00edaca en enero de 2022. Konnan se\u00f1al\u00f3 en diciembre de 2022 que hab\u00eda encontrado un donante para otra cirug\u00eda de trasplante de ri\u00f1\u00f3n. Sin embargo, no est\u00e1 claro si esa cirug\u00eda lleg\u00f3 a realizarse.<\/p>\n","protected":false},"excerpt":{"rendered":"<p>Informes no confirmados sobre la salud de Konnan est\u00e1n circulando actualmente en l\u00ednea.<\/p>\n","protected":false},"author":3,"featured_media":250099,"comment_status":"closed","ping_status":"closed","sticky":false,"template":"","format":"standard","meta":{"footnotes":""},"categories":[5],"tags":[1406],"class_list":{"0":"post-289449","1":"post","2":"type-post","3":"status-publish","4":"format-standard","5":"has-post-thumbnail","7":"category-noticias","8":"tag-konnan"},"_links":{"self":[{"href":"https:\/\/www.prwrestling.com\/nw\/wp-json\/wp\/v2\/posts\/289449","targetHints":{"allow":["GET"]}}],"collection":[{"href":"https:\/\/www.prwrestling.com\/nw\/wp-json\/wp\/v2\/posts"}],"about":[{"href":"https:\/\/www.prwrestling.com\/nw\/wp-json\/wp\/v2\/types\/post"}],"author":[{"embeddable":true,"href":"https:\/\/www.prwrestling.com\/nw\/wp-json\/wp\/v2\/users\/3"}],"replies":[{"embeddable":true,"href":"https:\/\/www.prwrestling.com\/nw\/wp-json\/wp\/v2\/comments?post=289449"}],"version-history":[{"count":2,"href":"https:\/\/www.prwrestling.com\/nw\/wp-json\/wp\/v2\/posts\/289449\/revisions"}],"predecessor-version":[{"id":289451,"href":"https:\/\/www.prwrestling.com\/nw\/wp-json\/wp\/v2\/posts\/289449\/revisions\/289451"}],"wp:featuredmedia":[{"embeddable":true,"href":"https:\/\/www.prwrestling.com\/nw\/wp-json\/wp\/v2\/media\/250099"}],"wp:attachment":[{"href":"https:\/\/www.prwrestling.com\/nw\/wp-json\/wp\/v2\/media?parent=289449"}],"wp:term":[{"taxonomy":"category","embeddable":true,"href":"https:\/\/www.prwrestling.com\/nw\/wp-json\/wp\/v2\/categories?post=289449"},{"taxonomy":"post_tag","embeddable":true,"href":"https:\/\/www.prwrestling.com\/nw\/wp-json\/wp\/v2\/tags?post=289449"}],"curies":[{"name":"wp","href":"https:\/\/api.w.org\/{rel}","templated":true}]}}