{"id":289476,"date":"2026-03-10T15:13:19","date_gmt":"2026-03-10T19:13:19","guid":{"rendered":"https:\/\/www.prwrestling.com\/nw\/?p=289476"},"modified":"2026-03-10T15:13:19","modified_gmt":"2026-03-10T19:13:19","slug":"sin-codigos-the-judgment-day-se-burla-de-edge-tras-el-brutal-ataque-a-finn-balor-en-wwe-raw","status":"publish","type":"post","link":"https:\/\/www.prwrestling.com\/nw\/sin-codigos-the-judgment-day-se-burla-de-edge-tras-el-brutal-ataque-a-finn-balor-en-wwe-raw\/","title":{"rendered":"\u00a1Sin c\u00f3digos! The Judgment Day se burla de Edge tras el brutal ataque a Finn B\u00e1lor en WWE Raw"},"content":{"rendered":"<p>The Judgment Day le sube la temperatura a sus ex compa\u00f1eros del grupo.<\/p>\n<p><!--more--><br \/>\n<div id=\"ad-slot\" style=\"min-width: 300px; min-height: 250px;\">\r\n<p style=\"text-align: center;\">\r\n<script async src=\"https:\/\/pagead2.googlesyndication.com\/pagead\/js\/adsbygoogle.js\"><\/script>\r\n<!-- 300x250 sc a -->\r\n<ins class=\"adsbygoogle\"\r\n     style=\"display:inline-block;width:300px;height:250px\"\r\n     data-ad-client=\"ca-pub-1244235910658811\"\r\n     data-ad-slot=\"8592682546\"><\/ins>\r\n<script>\r\n     (adsbygoogle = window.adsbygoogle || []).push({});\r\n<\/script><\/center>\r\n<\/p><\/div><\/p>\n<p>El tiempo de Finn Balor en The Judgment Day lleg\u00f3 a su fin esta semana despu\u00e9s de que sus compa\u00f1eros\u00a0 lo atacaran sin piedad en WWE Raw. Naturalmente, esto llev\u00f3 a Damian Priest a tuitear \u201cSucks doesn\u2019t it?\u201d, refiri\u00e9ndose a su propia expulsi\u00f3n del grupo en 2024.<\/p>\n<p>Al ver el comentario de Priest, los miembros restantes de The Judgment Day no perdieron tiempo en responderle, mientras tambi\u00e9n lanzaban indirectas al l\u00edder original del stable, Adam \u201cEdge\u201d Copeland.<\/p>\n<div id=\"ad-slot\" style=\"min-width: 300px; min-height: 250px;\"><p style=\"text-align: center;\">\r\n<script async src=\"https:\/\/pagead2.googlesyndication.com\/pagead\/js\/adsbygoogle.js\"><\/script>\r\n<!-- Responsive sc c -->\r\n<ins class=\"adsbygoogle\"\r\n     style=\"display:block\"\r\n     data-ad-client=\"ca-pub-1244235910658811\"\r\n     data-ad-slot=\"4234005358\"\r\n     data-ad-format=\"auto\"\r\n     data-full-width-responsive=\"true\"><\/ins>\r\n<script>\r\n     (adsbygoogle = window.adsbygoogle || []).push({});\r\n<\/script><\/p><\/div>\n<blockquote><p>\u201cT\u00fa sabr\u00edas\u201d, escribi\u00f3 <a href=\"https:\/\/www.prwrestling.com\/nw\/tag\/liv-morgan\" target=\"_blank\" rel=\"noopener noreferrer\">Liv Morgan<\/a> junto a un emoji gui\u00f1ando el ojo.<\/p><\/blockquote>\n<p>JD McDonagh luego intervino con \u201cPreg\u00fantale a Edge\u201d, haciendo referencia a que \u201cThe Rated R Superstar\u201d <a href=\"https:\/\/www.prwrestling.com\/nw\/damian-priest-temio-por-el-futuro-de-judgment-day-luego-de-la-salida-de-edge\/\">fue expulsado de The Judgment Day<\/a> en 2022 por Priest, Balor y Rhea Ripley. Dominik Mysterio r\u00e1pidamente corrigi\u00f3 a McDonagh se\u00f1alando que Edge, quien se uni\u00f3 a AEW en 2023, ahora compite bajo su nombre real de Adam Copeland. Adjunto a la respuesta de Dominik ven\u00eda un gif de Ryan Gosling ri\u00e9ndose.<\/p>\n<blockquote class=\"twitter-tweet\">\n<p dir=\"ltr\" lang=\"in\">*AdamCopeland <a href=\"https:\/\/t.co\/SpfQh1wp1W\">https:\/\/t.co\/SpfQh1wp1W<\/a> <a href=\"https:\/\/t.co\/HTqBGjiLAT\">pic.twitter.com\/HTqBGjiLAT<\/a><\/p>\n<p>\u2014 Dominik (@DomMysterio35) <a href=\"https:\/\/twitter.com\/DomMysterio35\/status\/2031220669728624736?ref_src=twsrc%5Etfw\" target=\"_blank\" rel=\"noopener\">March 10, 2026<\/a><\/p><\/blockquote>\n<p><script async src=\"https:\/\/platform.twitter.com\/widgets.js\" charset=\"utf-8\"><\/script><br \/>\nLa conversaci\u00f3n no termin\u00f3 ah\u00ed, ya que Swerve Strickland, compa\u00f1ero de Copeland en AEW, afirm\u00f3 que Copeland \u201cdijo que apesta\u201d, aludiendo al patr\u00f3n de traiciones de The Judgment Day.<\/p>\n<p>Seg\u00fan McDonagh, la salida de Balor de The Judgment Day era algo que se ve\u00eda venir desde hace tiempo porque \u201cnos minti\u00f3 a todos durante meses\u201d mientras desarrollaba un ego.<\/p>\n<blockquote><p>\u201cQuer\u00edas ser el l\u00edder. Jugaste juegos\u201d, agreg\u00f3 McDonagh. \u201cEso nunca ha sido de lo que se trata The Judgment Day. Antes lo sab\u00edas. The Judgment Day es mi familia y si alguien se atreve a pisotear a cualquiera de ellos, te van a aplastar.\u201d<\/p><\/blockquote>\n<p>Hasta el momento de esta publicaci\u00f3n, los pr\u00f3ximos movimientos de Balor tras su salida de The Judgment Day no est\u00e1n claros, aunque basado en lo ocurrido despu\u00e9s de Raw, no se descarta un programa con sus ahora ex compa\u00f1eros de stable.<\/p>\n","protected":false},"excerpt":{"rendered":"<p>The Judgment Day le sube la temperatura a sus ex compa\u00f1eros del grupo.<\/p>\n","protected":false},"author":3,"featured_media":289477,"comment_status":"closed","ping_status":"closed","sticky":false,"template":"","format":"standard","meta":{"footnotes":""},"categories":[38],"tags":[7538],"class_list":{"0":"post-289476","1":"post","2":"type-post","3":"status-publish","4":"format-standard","5":"has-post-thumbnail","7":"category-noticias-y-rumores-de-la-wwe","8":"tag-judgment-day"},"_links":{"self":[{"href":"https:\/\/www.prwrestling.com\/nw\/wp-json\/wp\/v2\/posts\/289476","targetHints":{"allow":["GET"]}}],"collection":[{"href":"https:\/\/www.prwrestling.com\/nw\/wp-json\/wp\/v2\/posts"}],"about":[{"href":"https:\/\/www.prwrestling.com\/nw\/wp-json\/wp\/v2\/types\/post"}],"author":[{"embeddable":true,"href":"https:\/\/www.prwrestling.com\/nw\/wp-json\/wp\/v2\/users\/3"}],"replies":[{"embeddable":true,"href":"https:\/\/www.prwrestling.com\/nw\/wp-json\/wp\/v2\/comments?post=289476"}],"version-history":[{"count":2,"href":"https:\/\/www.prwrestling.com\/nw\/wp-json\/wp\/v2\/posts\/289476\/revisions"}],"predecessor-version":[{"id":289479,"href":"https:\/\/www.prwrestling.com\/nw\/wp-json\/wp\/v2\/posts\/289476\/revisions\/289479"}],"wp:featuredmedia":[{"embeddable":true,"href":"https:\/\/www.prwrestling.com\/nw\/wp-json\/wp\/v2\/media\/289477"}],"wp:attachment":[{"href":"https:\/\/www.prwrestling.com\/nw\/wp-json\/wp\/v2\/media?parent=289476"}],"wp:term":[{"taxonomy":"category","embeddable":true,"href":"https:\/\/www.prwrestling.com\/nw\/wp-json\/wp\/v2\/categories?post=289476"},{"taxonomy":"post_tag","embeddable":true,"href":"https:\/\/www.prwrestling.com\/nw\/wp-json\/wp\/v2\/tags?post=289476"}],"curies":[{"name":"wp","href":"https:\/\/api.w.org\/{rel}","templated":true}]}}