{"id":289484,"date":"2026-03-12T13:04:30","date_gmt":"2026-03-12T17:04:30","guid":{"rendered":"https:\/\/www.prwrestling.com\/nw\/?p=289484"},"modified":"2026-03-12T13:08:49","modified_gmt":"2026-03-12T17:08:49","slug":"wwc-despoja-a-andrade-del-campeonato-universal","status":"publish","type":"post","link":"https:\/\/www.prwrestling.com\/nw\/wwc-despoja-a-andrade-del-campeonato-universal\/","title":{"rendered":"WWC despoja a Andrade del campeonato Universal"},"content":{"rendered":"<p>La empresa puertorrique\u00f1a World Wrestling Council (WWC) sorprendi\u00f3 a sus fan\u00e1ticos con un anuncio de \u00faltima hora relacionado con uno de sus campeonatos m\u00e1s importantes. Seg\u00fan se inform\u00f3 a trav\u00e9s de la p\u00e1gina oficial de la empresa, su presidente, V\u00edctor Jovica, comunic\u00f3 que el actual campe\u00f3n universal, <a href=\"https:\/\/www.prwrestling.com\/nw\/tag\/andrade\">Andrade El Idolo,<\/a> no estar\u00e1 disponible para defender el t\u00edtulo este fin de semana en el evento Camino a la Gloria. <!--more--><\/p>\n<div id=\"ad-slot\" style=\"min-width: 300px; min-height: 250px;\">\r\n<p style=\"text-align: center;\">\r\n<script async src=\"https:\/\/pagead2.googlesyndication.com\/pagead\/js\/adsbygoogle.js\"><\/script>\r\n<!-- 300x250 sc a -->\r\n<ins class=\"adsbygoogle\"\r\n     style=\"display:inline-block;width:300px;height:250px\"\r\n     data-ad-client=\"ca-pub-1244235910658811\"\r\n     data-ad-slot=\"8592682546\"><\/ins>\r\n<script>\r\n     (adsbygoogle = window.adsbygoogle || []).push({});\r\n<\/script><\/center>\r\n<\/p><\/div>\n<p>Ante la imposibilidad del campe\u00f3n de presentarse, la gerencia tom\u00f3 una decisi\u00f3n dr\u00e1stica: declarar vacante el Campeonato Universal. Jovica explic\u00f3 que, debido a que Andrade no podr\u00e1 defender el t\u00edtulo en la fecha pautada, la empresa opt\u00f3 por retirarle la correa y organizar una lucha especial para coronar a un nuevo campe\u00f3n. Este combate se celebrar\u00e1 durante el evento Camino a la Gloria, que tendr\u00e1 lugar este s\u00e1bado en la Cancha Jos\u00e9 Pep\u00edn Cestero de Bayam\u00f3n.<\/p>\n<p>La lucha por el campeonato contar\u00e1 con los dos protagonistas del feudo m\u00e1s intenso de la empresa en la actualidad: Zion y Intelecto 5 Estrellas. Ambos luchadores han mantenido una rivalidad que ha captado gran atenci\u00f3n del p\u00fablico.<\/p>\n<p>De acuerdo con informaci\u00f3n que ha circulado en las \u00faltimas horas, Andrade no estar\u00e1 presente debido a un compromiso previo durante ese mismo fin de semana en el estado de California. En sus declaraciones, Jovica culp\u00f3 a Eddie Col\u00f3n por anunciarlo sabiendo que no pod\u00eda venir.<\/p>\n<p>Esta situaci\u00f3n llev\u00f3 a WWC a tomar la determinaci\u00f3n de reorganizar la lucha titular y estelar del evento, lo que aumenta la expectativa entre los seguidores de la lucha libre en Puerto Rico ya que esa noche habr\u00e1 un nuevo campe\u00f3n.<br \/>\n<iframe loading=\"lazy\" style=\"border: none; overflow: hidden;\" src=\"https:\/\/www.facebook.com\/plugins\/video.php?height=314&amp;href=https%3A%2F%2Fwww.facebook.com%2Freel%2F929442769942609%2F&amp;show_text=false&amp;width=560&amp;t=0\" width=\"560\" height=\"314\" frameborder=\"0\" scrolling=\"no\" allowfullscreen=\"allowfullscreen\"><\/iframe><\/p>\n","protected":false},"excerpt":{"rendered":"<p>La empresa puertorrique\u00f1a World Wrestling Council (WWC) sorprendi\u00f3 a sus fan\u00e1ticos con un anuncio de \u00faltima hora relacionado con uno de sus campeonatos m\u00e1s importantes. Seg\u00fan se inform\u00f3 a trav\u00e9s de la p\u00e1gina oficial de la empresa, su presidente, V\u00edctor Jovica, comunic\u00f3 que el actual campe\u00f3n universal, Andrade El Idolo, no estar\u00e1 disponible para defender<\/p>\n","protected":false},"author":3,"featured_media":289485,"comment_status":"closed","ping_status":"closed","sticky":false,"template":"","format":"standard","meta":{"footnotes":""},"categories":[7409],"tags":[34],"class_list":{"0":"post-289484","1":"post","2":"type-post","3":"status-publish","4":"format-standard","5":"has-post-thumbnail","7":"category-lucha-libre-de-puerto-rico","8":"tag-wwc"},"_links":{"self":[{"href":"https:\/\/www.prwrestling.com\/nw\/wp-json\/wp\/v2\/posts\/289484","targetHints":{"allow":["GET"]}}],"collection":[{"href":"https:\/\/www.prwrestling.com\/nw\/wp-json\/wp\/v2\/posts"}],"about":[{"href":"https:\/\/www.prwrestling.com\/nw\/wp-json\/wp\/v2\/types\/post"}],"author":[{"embeddable":true,"href":"https:\/\/www.prwrestling.com\/nw\/wp-json\/wp\/v2\/users\/3"}],"replies":[{"embeddable":true,"href":"https:\/\/www.prwrestling.com\/nw\/wp-json\/wp\/v2\/comments?post=289484"}],"version-history":[{"count":4,"href":"https:\/\/www.prwrestling.com\/nw\/wp-json\/wp\/v2\/posts\/289484\/revisions"}],"predecessor-version":[{"id":289489,"href":"https:\/\/www.prwrestling.com\/nw\/wp-json\/wp\/v2\/posts\/289484\/revisions\/289489"}],"wp:featuredmedia":[{"embeddable":true,"href":"https:\/\/www.prwrestling.com\/nw\/wp-json\/wp\/v2\/media\/289485"}],"wp:attachment":[{"href":"https:\/\/www.prwrestling.com\/nw\/wp-json\/wp\/v2\/media?parent=289484"}],"wp:term":[{"taxonomy":"category","embeddable":true,"href":"https:\/\/www.prwrestling.com\/nw\/wp-json\/wp\/v2\/categories?post=289484"},{"taxonomy":"post_tag","embeddable":true,"href":"https:\/\/www.prwrestling.com\/nw\/wp-json\/wp\/v2\/tags?post=289484"}],"curies":[{"name":"wp","href":"https:\/\/api.w.org\/{rel}","templated":true}]}}