{"id":289508,"date":"2026-03-13T08:21:30","date_gmt":"2026-03-13T12:21:30","guid":{"rendered":"https:\/\/www.prwrestling.com\/nw\/?p=289508"},"modified":"2026-03-12T21:25:06","modified_gmt":"2026-03-13T01:25:06","slug":"penta-confiesa-que-quiere-unirse-a-rey-fenix-en-wwe-para-enfrentar-a-esta-historica-pareja","status":"publish","type":"post","link":"https:\/\/www.prwrestling.com\/nw\/penta-confiesa-que-quiere-unirse-a-rey-fenix-en-wwe-para-enfrentar-a-esta-historica-pareja\/","title":{"rendered":"Penta confiesa que quiere unirse a Rey F\u00e9nix en WWE para enfrentar a esta hist\u00f3rica pareja"},"content":{"rendered":"<p>Penta admiti\u00f3 en una entrevista que quer\u00eda reunirse con su hermano, Rey Fenix, en WWE, y enfrentar a un d\u00fao legendario en lo que ser\u00eda nada menos que un dream match.<\/p>\n<p><!--more--><br \/>\n<div id=\"ad-slot\" style=\"min-width: 300px; min-height: 250px;\">\r\n<p style=\"text-align: center;\">\r\n<script async src=\"https:\/\/pagead2.googlesyndication.com\/pagead\/js\/adsbygoogle.js\"><\/script>\r\n<!-- 300x250 sc a -->\r\n<ins class=\"adsbygoogle\"\r\n     style=\"display:inline-block;width:300px;height:250px\"\r\n     data-ad-client=\"ca-pub-1244235910658811\"\r\n     data-ad-slot=\"8592682546\"><\/ins>\r\n<script>\r\n     (adsbygoogle = window.adsbygoogle || []).push({});\r\n<\/script><\/center>\r\n<\/p><\/div><\/p>\n<p>Muchos fans se han preguntado durante m\u00e1s de un a\u00f1o por qu\u00e9 Penta y Rey Fenix fueron mantenidos en marcas separadas. Tal vez fue para capitalizar su marketability como estrellas individuales, con el primero alcanzando finalmente el siguiente nivel tras ganar el Campeonato Intercontinental.<\/p>\n<p>Hablando en <em>The Rich Eisen Show<\/em>, Penta explic\u00f3 que quer\u00eda hacer equipo con <a href=\"https:\/\/www.prwrestling.com\/nw\/tag\/rey-fenix\">Rey Fenix<\/a> y reunirse como The Lucha Bros para enfrentar a The Usos:<\/p>\n<div id=\"ad-slot\" style=\"min-width: 300px; min-height: 250px;\"><p style=\"text-align: center;\">\r\n<script async src=\"https:\/\/pagead2.googlesyndication.com\/pagead\/js\/adsbygoogle.js\"><\/script>\r\n<!-- Responsive sc c -->\r\n<ins class=\"adsbygoogle\"\r\n     style=\"display:block\"\r\n     data-ad-client=\"ca-pub-1244235910658811\"\r\n     data-ad-slot=\"4234005358\"\r\n     data-ad-format=\"auto\"\r\n     data-full-width-responsive=\"true\"><\/ins>\r\n<script>\r\n     (adsbygoogle = window.adsbygoogle || []).push({});\r\n<\/script><\/p><\/div>\n<blockquote><p>\u201cUno de mis dream matches en WWE es como The Usos contra Lucha Bros\u2026 la semana pasada vi a mi hermano en Chicago para Elimination Chamber, y estuvimos hablando de esto, como, \u2018Oye, hermano, \u00bfqu\u00e9 piensas, hermano? \u00bfCu\u00e1l es el mejor trato para nosotros?\u2019 Y estamos de acuerdo. Hag\u00e1moslo. Pero no s\u00e9. No s\u00e9 cu\u00e1ndo, no s\u00e9 cu\u00e1nto tiempo. Pero estoy seguro de que va a pasar.\u201d<\/p><\/blockquote>\n<h2><iframe title=\"Reproductor de video de YouTube\" src=\"https:\/\/www.youtube.com\/embed\/OOU3xWUEfZ4\" frameborder=\"0\" allowfullscreen=\"allowfullscreen\" aria-label=\"Video de YouTube\"><\/iframe><\/h2>\n<h2>Danhausen ayud\u00f3 a la gran victoria titular de Penta en RAW<\/h2>\n<p>Danhausen ya ha empezado a hacer impacto en WWE, y lo hizo en cuesti\u00f3n de d\u00edas tras su debut en Elimination Chamber 2026. Todo el ruido sobre su debut siendo un \u201cflop\u201d (incluso entre los que est\u00e1n backstage en WWE) se silenci\u00f3 r\u00e1pidamente despu\u00e9s de que se cruzara con The Judgment Day. Mientras Finn Balor parec\u00eda ser amable con \u00e9l, Dominik Mysterio y JD McDonagh fueron todo <em>menos<\/em> eso.<\/p>\n<p>Como resultado, Danhausen dijo que estaban malditos, lo que result\u00f3 ser m\u00e1s que un avance\u00a0\u2014 fue una predicci\u00f3n directa de lo que vendr\u00eda. As\u00ed que de esa manera, la maldici\u00f3n pareci\u00f3 tener un impacto directo en Dominik Mysterio, quien casi inmediatamente perdi\u00f3 su t\u00edtulo ante Penta, terminando su casi a\u00f1o de dominio en el Campeonato Intercontinental.<\/p>\n<p>Solo d\u00edas despu\u00e9s en SmackDown, Danhausen propuso la idea de aliarse con The Miz, quien se neg\u00f3 a tener algo que ver con \u00e9l. Como resultado, \u00e9l tambi\u00e9n fue colocado bajo una maldici\u00f3n, y ahora esperaremos a ver c\u00f3mo enfrenta una espiral descendente.<\/p>\n","protected":false},"excerpt":{"rendered":"<p>Penta admiti\u00f3 en una entrevista que quer\u00eda reunirse con su hermano, Rey Fenix, en WWE, y enfrentar a un d\u00fao legendario en lo que ser\u00eda nada menos que un dream match.<\/p>\n","protected":false},"author":3,"featured_media":289509,"comment_status":"closed","ping_status":"closed","sticky":false,"template":"","format":"standard","meta":{"footnotes":""},"categories":[38],"tags":[6169],"class_list":{"0":"post-289508","1":"post","2":"type-post","3":"status-publish","4":"format-standard","5":"has-post-thumbnail","7":"category-noticias-y-rumores-de-la-wwe","8":"tag-penta-0-miedo"},"_links":{"self":[{"href":"https:\/\/www.prwrestling.com\/nw\/wp-json\/wp\/v2\/posts\/289508","targetHints":{"allow":["GET"]}}],"collection":[{"href":"https:\/\/www.prwrestling.com\/nw\/wp-json\/wp\/v2\/posts"}],"about":[{"href":"https:\/\/www.prwrestling.com\/nw\/wp-json\/wp\/v2\/types\/post"}],"author":[{"embeddable":true,"href":"https:\/\/www.prwrestling.com\/nw\/wp-json\/wp\/v2\/users\/3"}],"replies":[{"embeddable":true,"href":"https:\/\/www.prwrestling.com\/nw\/wp-json\/wp\/v2\/comments?post=289508"}],"version-history":[{"count":2,"href":"https:\/\/www.prwrestling.com\/nw\/wp-json\/wp\/v2\/posts\/289508\/revisions"}],"predecessor-version":[{"id":289511,"href":"https:\/\/www.prwrestling.com\/nw\/wp-json\/wp\/v2\/posts\/289508\/revisions\/289511"}],"wp:featuredmedia":[{"embeddable":true,"href":"https:\/\/www.prwrestling.com\/nw\/wp-json\/wp\/v2\/media\/289509"}],"wp:attachment":[{"href":"https:\/\/www.prwrestling.com\/nw\/wp-json\/wp\/v2\/media?parent=289508"}],"wp:term":[{"taxonomy":"category","embeddable":true,"href":"https:\/\/www.prwrestling.com\/nw\/wp-json\/wp\/v2\/categories?post=289508"},{"taxonomy":"post_tag","embeddable":true,"href":"https:\/\/www.prwrestling.com\/nw\/wp-json\/wp\/v2\/tags?post=289508"}],"curies":[{"name":"wp","href":"https:\/\/api.w.org\/{rel}","templated":true}]}}