{"id":289512,"date":"2026-03-13T21:06:08","date_gmt":"2026-03-14T01:06:08","guid":{"rendered":"https:\/\/www.prwrestling.com\/nw\/?p=289512"},"modified":"2026-03-13T21:06:08","modified_gmt":"2026-03-14T01:06:08","slug":"andrade-reacciona-tras-ser-despojado-del-campeonato-universal-de-wwc","status":"publish","type":"post","link":"https:\/\/www.prwrestling.com\/nw\/andrade-reacciona-tras-ser-despojado-del-campeonato-universal-de-wwc\/","title":{"rendered":"Andrade reacciona tras ser despojado del campeonato Universal de WWC"},"content":{"rendered":"<p>La controversia en la empresa World Wrestling Council contin\u00faa generando reacciones tras la sorpresiva decisi\u00f3n de <a href=\"https:\/\/www.prwrestling.com\/nw\/wwc-despoja-a-andrade-del-campeonato-universal\/\">despojar al luchador mexicano Andrade<\/a> El \u00cddolo del Campeonato Universal. <!--more--><\/p>\n<div id=\"ad-slot\" style=\"min-width: 300px; min-height: 250px;\">\r\n<p style=\"text-align: center;\">\r\n<script async src=\"https:\/\/pagead2.googlesyndication.com\/pagead\/js\/adsbygoogle.js\"><\/script>\r\n<!-- 300x250 sc a -->\r\n<ins class=\"adsbygoogle\"\r\n     style=\"display:inline-block;width:300px;height:250px\"\r\n     data-ad-client=\"ca-pub-1244235910658811\"\r\n     data-ad-slot=\"8592682546\"><\/ins>\r\n<script>\r\n     (adsbygoogle = window.adsbygoogle || []).push({});\r\n<\/script><\/center>\r\n<\/p><\/div>\n<p>Seg\u00fan se inform\u00f3 originalmente, la gerencia tom\u00f3 la determinaci\u00f3n luego de que el campe\u00f3n no pudiera presentarse a defender el t\u00edtulo en la fecha pautada para el evento Camino a la Gloria, lo que llev\u00f3 a declarar el campeonato vacante y reorganizar la lucha estelar de la cartelera.<\/p>\n<p>El anuncio, realizado por el presidente de la empresa, V\u00edctor Jovica, respondi\u00f3 a compromisos previos del luchador fuera de Puerto Rico, situaci\u00f3n que oblig\u00f3 a la empresa a modificar sus planes de \u00faltimo momento y aumentar la expectativa del p\u00fablico ante la lucha programada para coronar a un nuevo campe\u00f3n.<\/p>\n<p>Sin embargo, el propio Andrade reaccion\u00f3 con evidente molestia ante lo ocurrido. El luchador mexicano dej\u00f3 claro que no reconoce la determinaci\u00f3n de la gerencia y considera que el campeonato le fue retirado de manera injusta. En declaraciones recientes, asegur\u00f3 que su condici\u00f3n de campe\u00f3n no depende de un anuncio administrativo, sino de lo que ocurra dentro del cuadril\u00e1tero.<\/p>\n<div id=\"ad-slot\" style=\"min-width: 300px; min-height: 250px;\"><p style=\"text-align: center;\">\r\n<script async src=\"https:\/\/pagead2.googlesyndication.com\/pagead\/js\/adsbygoogle.js\"><\/script>\r\n<!-- Responsive sc c -->\r\n<ins class=\"adsbygoogle\"\r\n     style=\"display:block\"\r\n     data-ad-client=\"ca-pub-1244235910658811\"\r\n     data-ad-slot=\"4234005358\"\r\n     data-ad-format=\"auto\"\r\n     data-full-width-responsive=\"true\"><\/ins>\r\n<script>\r\n     (adsbygoogle = window.adsbygoogle || []).push({});\r\n<\/script><\/p><\/div>\n<p>Como parte de su respuesta, Andrade lanz\u00f3 un reto directo tanto a la gerencia como a cualquier luchador que aspire a ocupar el trono vacante. El excampe\u00f3n manifest\u00f3 que est\u00e1 dispuesto a demostrar su legitimidad en el ring, advirtiendo que quien desee proclamarse Campe\u00f3n Universal deber\u00e1 enfrentarlo primero. De manera contundente, expres\u00f3 que \u201csi quieren un campe\u00f3n Universal, tendr\u00e1n que vencer a Andrade en el ring en Aniversario 53\u201d, dejando abierta la posibilidad de un enfrentamiento de alto perfil en uno de los eventos m\u00e1s importantes del calendario luch\u00edstico.<br \/>\n<iframe loading=\"lazy\" style=\"border: none; overflow: hidden;\" src=\"https:\/\/www.facebook.com\/plugins\/video.php?height=314&amp;href=https%3A%2F%2Fwww.facebook.com%2Freel%2F1255936013305265%2F&amp;show_text=false&amp;width=560&amp;t=0\" width=\"560\" height=\"314\" frameborder=\"0\" scrolling=\"no\" allowfullscreen=\"allowfullscreen\"><\/iframe><br \/>\nLa situaci\u00f3n trae un nuevo giro, ya que se espera que alguien entre Intelecto 5 Estrellas o Zcion RT1 sea el nuevo campe\u00f3n Univresal este s\u00e1bado. Mientras la empresa avanza con sus planes para coronar un nuevo monarca, la dseclaraci\u00f3n del luchador mexicano podr\u00eda traducirse en una rivalidad intensa que marque el rumbo del Campeonato Universal en los pr\u00f3ximos meses.<\/p>\n","protected":false},"excerpt":{"rendered":"<p>La controversia en la empresa World Wrestling Council contin\u00faa generando reacciones tras la sorpresiva decisi\u00f3n de despojar al luchador mexicano Andrade El \u00cddolo del Campeonato Universal.<\/p>\n","protected":false},"author":3,"featured_media":289513,"comment_status":"closed","ping_status":"closed","sticky":false,"template":"","format":"standard","meta":{"footnotes":""},"categories":[7409],"tags":[34],"class_list":{"0":"post-289512","1":"post","2":"type-post","3":"status-publish","4":"format-standard","5":"has-post-thumbnail","7":"category-lucha-libre-de-puerto-rico","8":"tag-wwc"},"_links":{"self":[{"href":"https:\/\/www.prwrestling.com\/nw\/wp-json\/wp\/v2\/posts\/289512","targetHints":{"allow":["GET"]}}],"collection":[{"href":"https:\/\/www.prwrestling.com\/nw\/wp-json\/wp\/v2\/posts"}],"about":[{"href":"https:\/\/www.prwrestling.com\/nw\/wp-json\/wp\/v2\/types\/post"}],"author":[{"embeddable":true,"href":"https:\/\/www.prwrestling.com\/nw\/wp-json\/wp\/v2\/users\/3"}],"replies":[{"embeddable":true,"href":"https:\/\/www.prwrestling.com\/nw\/wp-json\/wp\/v2\/comments?post=289512"}],"version-history":[{"count":2,"href":"https:\/\/www.prwrestling.com\/nw\/wp-json\/wp\/v2\/posts\/289512\/revisions"}],"predecessor-version":[{"id":289515,"href":"https:\/\/www.prwrestling.com\/nw\/wp-json\/wp\/v2\/posts\/289512\/revisions\/289515"}],"wp:featuredmedia":[{"embeddable":true,"href":"https:\/\/www.prwrestling.com\/nw\/wp-json\/wp\/v2\/media\/289513"}],"wp:attachment":[{"href":"https:\/\/www.prwrestling.com\/nw\/wp-json\/wp\/v2\/media?parent=289512"}],"wp:term":[{"taxonomy":"category","embeddable":true,"href":"https:\/\/www.prwrestling.com\/nw\/wp-json\/wp\/v2\/categories?post=289512"},{"taxonomy":"post_tag","embeddable":true,"href":"https:\/\/www.prwrestling.com\/nw\/wp-json\/wp\/v2\/tags?post=289512"}],"curies":[{"name":"wp","href":"https:\/\/api.w.org\/{rel}","templated":true}]}}