{"id":289532,"date":"2026-03-14T11:37:03","date_gmt":"2026-03-14T15:37:03","guid":{"rendered":"https:\/\/www.prwrestling.com\/nw\/?p=289532"},"modified":"2026-03-14T11:37:56","modified_gmt":"2026-03-14T15:37:56","slug":"nic-nemeth-revela-wwe-le-pago-una-fortuna-para-evitar-que-se-fuera-a-aew","status":"publish","type":"post","link":"https:\/\/www.prwrestling.com\/nw\/nic-nemeth-revela-wwe-le-pago-una-fortuna-para-evitar-que-se-fuera-a-aew\/","title":{"rendered":"Nic Nemeth revela WWE le pag\u00f3 una fortuna para evitar que se fuera a AEW"},"content":{"rendered":"<p>Nic Nemeth dice que el \u00faltimo contrato que firm\u00f3 con WWE no fue solo para quedarse en la compa\u00f1\u00eda \u2014 fue para evitar que saltara a AEW.<\/p>\n<p><!--more--><br \/>\n<div id=\"ad-slot\" style=\"min-width: 300px; min-height: 250px;\">\r\n<p style=\"text-align: center;\">\r\n<script async src=\"https:\/\/pagead2.googlesyndication.com\/pagead\/js\/adsbygoogle.js\"><\/script>\r\n<!-- 300x250 sc a -->\r\n<ins class=\"adsbygoogle\"\r\n     style=\"display:inline-block;width:300px;height:250px\"\r\n     data-ad-client=\"ca-pub-1244235910658811\"\r\n     data-ad-slot=\"8592682546\"><\/ins>\r\n<script>\r\n     (adsbygoogle = window.adsbygoogle || []).push({});\r\n<\/script><\/center>\r\n<\/p><\/div><\/p>\n<p>Durante una aparici\u00f3n el 13 de marzo de 2026 en Off the Ropes, el ex estrella de WWE habl\u00f3 abiertamente sobre el acuerdo que firm\u00f3 en 2019 y explic\u00f3 que el prop\u00f3sito detr\u00e1s era obvio, incluso si nadie en la compa\u00f1\u00eda lo dijo directamente. Nemeth dijo que el mensaje de la direcci\u00f3n de WWE fue claro: quer\u00edan que se quedara y no hiciera el salto a AEW, que justo estaba empezando a ganar impulso.<\/p>\n<blockquote><p>\u201cMi \u00faltimo contrato fue para evitar que me fuera a AEW. Eso fue todo. Me lo gui\u00f1aron y no lo dijeron, pero se entendi\u00f3 completamente.\u201d<\/p><\/blockquote>\n<p>Nemeth explic\u00f3 que cuando comenzaron las negociaciones, en realidad asumi\u00f3 que WWE no aceptar\u00eda los t\u00e9rminos financieros que pidi\u00f3. Su plan era pedir una cantidad que cre\u00eda que la compa\u00f1\u00eda no igualar\u00eda para poder seguir adelante:<\/p>\n<blockquote><p>\u201cEstoy pidiendo esta cantidad elaborada porque s\u00e9 que no me pagar\u00e1n lo que valgo.\u201d Pero la situaci\u00f3n dio un giro sorprendente cuando WWE acept\u00f3 el trato de todos modos: \u201cVoy a hacer un movimiento e irme a otro lado. Ellos dicen, \u2018No, lo haremos.\u2019 Y yo: \u2018\u00bfQu\u00e9? Ok.\u2019\u201d<\/p><\/blockquote>\n<div id=\"ad-slot\" style=\"min-width: 300px; min-height: 250px;\"><p style=\"text-align: center;\">\r\n<script async src=\"https:\/\/pagead2.googlesyndication.com\/pagead\/js\/adsbygoogle.js\"><\/script>\r\n<!-- Responsive sc c -->\r\n<ins class=\"adsbygoogle\"\r\n     style=\"display:block\"\r\n     data-ad-client=\"ca-pub-1244235910658811\"\r\n     data-ad-slot=\"4234005358\"\r\n     data-ad-format=\"auto\"\r\n     data-full-width-responsive=\"true\"><\/ins>\r\n<script>\r\n     (adsbygoogle = window.adsbygoogle || []).push({});\r\n<\/script><\/p><\/div>\n<p>Los comentarios dan m\u00e1s perspectiva sobre los \u00faltimos a\u00f1os de la carrera de Nemeth en WWE. La estrella de larga trayectoria permaneci\u00f3 en la compa\u00f1\u00eda cuatro a\u00f1os m\u00e1s <a href=\"https:\/\/www.prwrestling.com\/nw\/dolph-ziggler-confiesa-estaba-preparado-para-ser-liberado-de-la-wwe-tras-ver-desaparecer-muchas-oportunidades\/\">antes de ser liberado en septiembre de 2023<\/a>. Ese per\u00edodo incluy\u00f3 varios momentos en los que Nemeth se opuso p\u00fablicamente a decisiones creativas, incluyendo su infame combate contra Goldberg en SummerSlam 2019.<\/p>\n<p>Esto llega despu\u00e9s de que Nic Nemeth revelara previamente que el combate estaba planeado originalmente como un squash instant\u00e1neo \u2014 algo a lo que se opuso fuertemente. Tambi\u00e9n planeaba dejar WWE despu\u00e9s de ese programa.<\/p>\n<blockquote><p>\u201cMe propusieron la idea de ir con Goldberg porque iba a dejar la compa\u00f1\u00eda\u2026 Perder\u00eda ah\u00ed contra Mike [The Miz], y luego estar\u00eda fuera de la compa\u00f1\u00eda con un acuerdo de palabra, estaba fuera. Y ese d\u00eda me dijeron que no se me permitir\u00eda salir.\u201d<\/p><\/blockquote>\n<blockquote class=\"instagram-media\" style=\"background: #FFF; border: 0; border-radius: 3px; box-shadow: 0 0 1px 0 rgba(0,0,0,0.5),0 1px 10px 0 rgba(0,0,0,0.15); margin: 1px; max-width: 540px; min-width: 326px; padding: 0; width: calc(100% - 2px);\" data-instgrm-captioned=\"\" data-instgrm-permalink=\"https:\/\/www.instagram.com\/reel\/DV1d-gmERGo\/?utm_source=ig_embed&amp;utm_campaign=loading\" data-instgrm-version=\"14\">\n<div style=\"padding: 16px;\">\n<p>&nbsp;<\/p>\n<div style=\"display: flex; flex-direction: row; align-items: center;\">\n<div style=\"background-color: #f4f4f4; border-radius: 50%; flex-grow: 0; height: 40px; margin-right: 14px; width: 40px;\"><\/div>\n<div style=\"display: flex; flex-direction: column; flex-grow: 1; justify-content: center;\">\n<div style=\"background-color: #f4f4f4; border-radius: 4px; flex-grow: 0; height: 14px; margin-bottom: 6px; width: 100px;\"><\/div>\n<div style=\"background-color: #f4f4f4; border-radius: 4px; flex-grow: 0; height: 14px; width: 60px;\"><\/div>\n<\/div>\n<\/div>\n<div style=\"padding: 19% 0;\"><\/div>\n<div style=\"display: block; height: 50px; margin: 0 auto 12px; width: 50px;\"><\/div>\n<div style=\"padding-top: 8px;\">\n<div style=\"color: #3897f0; font-family: Arial,sans-serif; font-size: 14px; font-style: normal; font-weight: 550; line-height: 18px;\">View this post on Instagram<\/div>\n<\/div>\n<div style=\"padding: 12.5% 0;\"><\/div>\n<div style=\"display: flex; flex-direction: row; margin-bottom: 14px; align-items: center;\">\n<div>\n<div style=\"background-color: #f4f4f4; border-radius: 50%; height: 12.5px; width: 12.5px; transform: translateX(0px) translateY(7px);\"><\/div>\n<div style=\"background-color: #f4f4f4; height: 12.5px; transform: rotate(-45deg) translateX(3px) translateY(1px); width: 12.5px; flex-grow: 0; margin-right: 14px; margin-left: 2px;\"><\/div>\n<div style=\"background-color: #f4f4f4; border-radius: 50%; height: 12.5px; width: 12.5px; transform: translateX(9px) translateY(-18px);\"><\/div>\n<\/div>\n<div style=\"margin-left: 8px;\">\n<div style=\"background-color: #f4f4f4; border-radius: 50%; flex-grow: 0; height: 20px; width: 20px;\"><\/div>\n<div style=\"width: 0; height: 0; border-top: 2px solid transparent; border-left: 6px solid #f4f4f4; border-bottom: 2px solid transparent; transform: translateX(16px) translateY(-4px) rotate(30deg);\"><\/div>\n<\/div>\n<div style=\"margin-left: auto;\">\n<div style=\"width: 0px; border-top: 8px solid #F4F4F4; border-right: 8px solid transparent; transform: translateY(16px);\"><\/div>\n<div style=\"background-color: #f4f4f4; flex-grow: 0; height: 12px; width: 16px; transform: translateY(-4px);\"><\/div>\n<div style=\"width: 0; height: 0; border-top: 8px solid #F4F4F4; border-left: 8px solid transparent; transform: translateY(-4px) translateX(8px);\"><\/div>\n<\/div>\n<\/div>\n<div style=\"display: flex; flex-direction: column; flex-grow: 1; justify-content: center; margin-bottom: 24px;\">\n<div style=\"background-color: #f4f4f4; border-radius: 4px; flex-grow: 0; height: 14px; margin-bottom: 6px; width: 224px;\"><\/div>\n<div style=\"background-color: #f4f4f4; border-radius: 4px; flex-grow: 0; height: 14px; width: 144px;\"><\/div>\n<\/div>\n<p>&nbsp;<\/p>\n<p style=\"color: #c9c8cd; font-family: Arial,sans-serif; font-size: 14px; line-height: 17px; margin-bottom: 0; margin-top: 8px; overflow: hidden; padding: 8px 0 7px; text-align: center; text-overflow: ellipsis; white-space: nowrap;\"><a style=\"color: #c9c8cd; font-family: Arial,sans-serif; font-size: 14px; font-style: normal; font-weight: normal; line-height: 17px; text-decoration: none;\" href=\"https:\/\/www.instagram.com\/reel\/DV1d-gmERGo\/?utm_source=ig_embed&amp;utm_campaign=loading\" target=\"_blank\" rel=\"noopener\">A post shared by SiriusXM Sports (@siriusxmsports)<\/a><\/p>\n<\/div>\n<\/blockquote>\n<p><script async src=\"\/\/www.instagram.com\/embed.js\"><\/script><br \/>\nAhora con su cap\u00edtulo en WWE detr\u00e1s, Nemeth habla m\u00e1s abiertamente sobre las decisiones de negocio que moldearon el tramo final de su tiempo en la compa\u00f1\u00eda. Y seg\u00fan \u00e9l, la aparici\u00f3n de AEW en 2019 jug\u00f3 un rol directo en por qu\u00e9 WWE decidi\u00f3 mantenerlo m\u00e1s tiempo del que esperaba.<\/p>\n","protected":false},"excerpt":{"rendered":"<p>Nic Nemeth dice que el \u00faltimo contrato que firm\u00f3 con WWE no fue solo para quedarse en la compa\u00f1\u00eda \u2014 fue para evitar que saltara a AEW.<\/p>\n","protected":false},"author":3,"featured_media":289533,"comment_status":"closed","ping_status":"closed","sticky":false,"template":"","format":"standard","meta":{"footnotes":""},"categories":[5],"tags":[7524],"class_list":{"0":"post-289532","1":"post","2":"type-post","3":"status-publish","4":"format-standard","5":"has-post-thumbnail","7":"category-noticias","8":"tag-nic-nemeth"},"_links":{"self":[{"href":"https:\/\/www.prwrestling.com\/nw\/wp-json\/wp\/v2\/posts\/289532","targetHints":{"allow":["GET"]}}],"collection":[{"href":"https:\/\/www.prwrestling.com\/nw\/wp-json\/wp\/v2\/posts"}],"about":[{"href":"https:\/\/www.prwrestling.com\/nw\/wp-json\/wp\/v2\/types\/post"}],"author":[{"embeddable":true,"href":"https:\/\/www.prwrestling.com\/nw\/wp-json\/wp\/v2\/users\/3"}],"replies":[{"embeddable":true,"href":"https:\/\/www.prwrestling.com\/nw\/wp-json\/wp\/v2\/comments?post=289532"}],"version-history":[{"count":3,"href":"https:\/\/www.prwrestling.com\/nw\/wp-json\/wp\/v2\/posts\/289532\/revisions"}],"predecessor-version":[{"id":289536,"href":"https:\/\/www.prwrestling.com\/nw\/wp-json\/wp\/v2\/posts\/289532\/revisions\/289536"}],"wp:featuredmedia":[{"embeddable":true,"href":"https:\/\/www.prwrestling.com\/nw\/wp-json\/wp\/v2\/media\/289533"}],"wp:attachment":[{"href":"https:\/\/www.prwrestling.com\/nw\/wp-json\/wp\/v2\/media?parent=289532"}],"wp:term":[{"taxonomy":"category","embeddable":true,"href":"https:\/\/www.prwrestling.com\/nw\/wp-json\/wp\/v2\/categories?post=289532"},{"taxonomy":"post_tag","embeddable":true,"href":"https:\/\/www.prwrestling.com\/nw\/wp-json\/wp\/v2\/tags?post=289532"}],"curies":[{"name":"wp","href":"https:\/\/api.w.org\/{rel}","templated":true}]}}