{"id":289583,"date":"2026-03-16T17:10:32","date_gmt":"2026-03-16T21:10:32","guid":{"rendered":"https:\/\/www.prwrestling.com\/nw\/?p=289583"},"modified":"2026-03-16T17:10:32","modified_gmt":"2026-03-16T21:10:32","slug":"no-estara-en-raw-stone-cold-rompe-el-silencio-sobre-su-ausencia-en-el-316-day-y-revela-sus-planes-para-wrestlemania-42","status":"publish","type":"post","link":"https:\/\/www.prwrestling.com\/nw\/no-estara-en-raw-stone-cold-rompe-el-silencio-sobre-su-ausencia-en-el-316-day-y-revela-sus-planes-para-wrestlemania-42\/","title":{"rendered":"\u00a1No estar\u00e1 en RAW! Stone Cold rompe el silencio sobre su ausencia en el 3:16 Day y revela sus planes para WrestleMania 42"},"content":{"rendered":"<p>Stone Cold Steve Austin est\u00e1 acabando con los rumores sobre un posible regreso a WWE en una de las fechas m\u00e1s adecuadas imaginables.<\/p>\n<p><!--more--><div id=\"ad-slot\" style=\"min-width: 300px; min-height: 250px;\">\r\n<p style=\"text-align: center;\">\r\n<script async src=\"https:\/\/pagead2.googlesyndication.com\/pagead\/js\/adsbygoogle.js\"><\/script>\r\n<!-- 300x250 sc a -->\r\n<ins class=\"adsbygoogle\"\r\n     style=\"display:inline-block;width:300px;height:250px\"\r\n     data-ad-client=\"ca-pub-1244235910658811\"\r\n     data-ad-slot=\"8592682546\"><\/ins>\r\n<script>\r\n     (adsbygoogle = window.adsbygoogle || []).push({});\r\n<\/script><\/center>\r\n<\/p><\/div><\/p>\n<p>Con Monday Night RAW llev\u00e1ndose a cabo en San Antonio, Texas el 16 de marzo \u2014tambi\u00e9n conocido como 3:16 Day\u2014, circulaban especulaciones de que el Texas Rattlesnake podr\u00eda aparecer para la ocasi\u00f3n especial. Sin embargo, Austin ahora ha dejado claro que no ocurrir\u00e1.<\/p>\n<p>Durante una entrevista con <a href=\"https:\/\/www.youtube.com\/watch?v=TrnCGzYZ6a4\" target=\"_blank\" rel=\"noopener\">TakeDown on SI el 16 de marzo de 2026<\/a>, le preguntaron directamente si los fans deb\u00edan esperar verlo en RAW en su estado natal. El miembro del Sal\u00f3n de la Fama de WWE anim\u00f3 a los espectadores a ver el show, pero confirm\u00f3 que no estar\u00e1 all\u00ed porque est\u00e1 enfocado en su carrera de carreras.<\/p>\n<div id=\"ad-slot\" style=\"min-width: 300px; min-height: 250px;\"><p style=\"text-align: center;\">\r\n<script async src=\"https:\/\/pagead2.googlesyndication.com\/pagead\/js\/adsbygoogle.js\"><\/script>\r\n<!-- Responsive sc c -->\r\n<ins class=\"adsbygoogle\"\r\n     style=\"display:block\"\r\n     data-ad-client=\"ca-pub-1244235910658811\"\r\n     data-ad-slot=\"4234005358\"\r\n     data-ad-format=\"auto\"\r\n     data-full-width-responsive=\"true\"><\/ins>\r\n<script>\r\n     (adsbygoogle = window.adsbygoogle || []).push({});\r\n<\/script><\/p><\/div>\n<blockquote><p><em>\u201cHombre, deber\u00edan sintonizar porque aman WWE. Pero yo estoy fuera. Estar\u00e9 a unos d\u00edas de esa carrera \u2014la que estoy hablando con mi carrera de carreras\u2014 y estamos tratando de preparar ese auto. Estamos trabajando como locos.\u201d<\/em><\/p><\/blockquote>\n<p>El Texas Rattlesnake luego explic\u00f3 que pasar\u00e1 el tiempo preparando su veh\u00edculo de carreras off-road en lugar de ir al arena. Por ahora, estar\u00e1 en Nevada, as\u00ed que no hay posibilidad de que aparezca en Raw esta noche.<\/p>\n<blockquote><p><em>\u201cS\u00ed, estar\u00e9 metido en un garaje aqu\u00ed en el medio de la nada en Nevada, tratando de preparar este buggy \u2014un veh\u00edculo utilitario side-by-side\u2014 para correr esa carrera agotadora de 250 millas con todos los que corro. Quiero salir y montar mi propio show en el desierto.\u201d<\/em><\/p><\/blockquote>\n<p>Esto cierra definitivamente la idea de que Austin pudiera aparecer en el episodio del 16 de marzo de RAW, que hab\u00eda ganado fuerza tras especulaciones de que WWE podr\u00eda traerlo para la fecha simb\u00f3lica en su estado natal. Reportes anteriores suger\u00edan que gente dentro de WWE ten\u00eda esperanzas de que el Hall of Famer apareciera en el show de San Antonio, notando que habr\u00eda sido su primera aparici\u00f3n en Monday Night RAW en a\u00f1os.<\/p>\n<div class=\"video-container\"><iframe title=\"Reproductor de video de YouTube\" src=\"https:\/\/www.youtube.com\/embed\/TrnCGzYZ6a4\" frameborder=\"0\" allowfullscreen=\"allowfullscreen\" aria-label=\"Video de YouTube\"><\/iframe><\/div>\n<p>Austin ha sido muy selectivo con sus apariciones en WWE en los \u00faltimos a\u00f1os. Su \u00faltimo regreso importante en el ring fue en WrestleMania 38 en 2022 cuando derrot\u00f3 a Kevin Owens, y desde entonces solo ha hecho apariciones ocasionales. Aunque el timing de RAW en Texas en 3:16 Day parec\u00eda el momento perfecto, los comentarios de Austin dejan claro que estar\u00e1 enfocado en las carreras en lugar de volver a un arena de WWE.<\/p>\n","protected":false},"excerpt":{"rendered":"<p>Stone Cold Steve Austin est\u00e1 acabando con los rumores sobre un posible regreso a WWE en una de las fechas m\u00e1s adecuadas imaginables.<\/p>\n","protected":false},"author":3,"featured_media":289584,"comment_status":"closed","ping_status":"closed","sticky":false,"template":"","format":"standard","meta":{"footnotes":""},"categories":[38],"tags":[1426],"class_list":{"0":"post-289583","1":"post","2":"type-post","3":"status-publish","4":"format-standard","5":"has-post-thumbnail","7":"category-noticias-y-rumores-de-la-wwe","8":"tag-steve-austin"},"_links":{"self":[{"href":"https:\/\/www.prwrestling.com\/nw\/wp-json\/wp\/v2\/posts\/289583","targetHints":{"allow":["GET"]}}],"collection":[{"href":"https:\/\/www.prwrestling.com\/nw\/wp-json\/wp\/v2\/posts"}],"about":[{"href":"https:\/\/www.prwrestling.com\/nw\/wp-json\/wp\/v2\/types\/post"}],"author":[{"embeddable":true,"href":"https:\/\/www.prwrestling.com\/nw\/wp-json\/wp\/v2\/users\/3"}],"replies":[{"embeddable":true,"href":"https:\/\/www.prwrestling.com\/nw\/wp-json\/wp\/v2\/comments?post=289583"}],"version-history":[{"count":2,"href":"https:\/\/www.prwrestling.com\/nw\/wp-json\/wp\/v2\/posts\/289583\/revisions"}],"predecessor-version":[{"id":289586,"href":"https:\/\/www.prwrestling.com\/nw\/wp-json\/wp\/v2\/posts\/289583\/revisions\/289586"}],"wp:featuredmedia":[{"embeddable":true,"href":"https:\/\/www.prwrestling.com\/nw\/wp-json\/wp\/v2\/media\/289584"}],"wp:attachment":[{"href":"https:\/\/www.prwrestling.com\/nw\/wp-json\/wp\/v2\/media?parent=289583"}],"wp:term":[{"taxonomy":"category","embeddable":true,"href":"https:\/\/www.prwrestling.com\/nw\/wp-json\/wp\/v2\/categories?post=289583"},{"taxonomy":"post_tag","embeddable":true,"href":"https:\/\/www.prwrestling.com\/nw\/wp-json\/wp\/v2\/tags?post=289583"}],"curies":[{"name":"wp","href":"https:\/\/api.w.org\/{rel}","templated":true}]}}