{"id":289587,"date":"2026-03-16T17:18:28","date_gmt":"2026-03-16T21:18:28","guid":{"rendered":"https:\/\/www.prwrestling.com\/nw\/?p=289587"},"modified":"2026-03-16T17:18:28","modified_gmt":"2026-03-16T21:18:28","slug":"se-gesto-hace-20-anos-la-asombrosa-historia-detras-del-choque-entre-andrade-y-bandido-que-sacudio-aew-revolution","status":"publish","type":"post","link":"https:\/\/www.prwrestling.com\/nw\/se-gesto-hace-20-anos-la-asombrosa-historia-detras-del-choque-entre-andrade-y-bandido-que-sacudio-aew-revolution\/","title":{"rendered":"\u00a1Se gest\u00f3 hace 20 a\u00f1os! La asombrosa historia detr\u00e1s del choque entre Andrade y Bandido que sacudi\u00f3 AEW Revolution"},"content":{"rendered":"<p>Cuando Andrade El Idolo conoci\u00f3 por primera vez a Bandido, eran solo ni\u00f1os viviendo a minutos de distancia en M\u00e9xico. El domingo, compartieron un ring en <a href=\"https:\/\/www.prwrestling.com\/nw\/category\/all-elite-wrestling\/\">AEW<\/a> Revolution: un escenario con entradas agotadas que refleja no solo lo lejos que han llegado, sino el legado perdurable de la lucha libre.<\/p>\n<p><!--more--><div id=\"ad-slot\" style=\"min-width: 300px; min-height: 250px;\">\r\n<p style=\"text-align: center;\">\r\n<script async src=\"https:\/\/pagead2.googlesyndication.com\/pagead\/js\/adsbygoogle.js\"><\/script>\r\n<!-- 300x250 sc a -->\r\n<ins class=\"adsbygoogle\"\r\n     style=\"display:inline-block;width:300px;height:250px\"\r\n     data-ad-client=\"ca-pub-1244235910658811\"\r\n     data-ad-slot=\"8592682546\"><\/ins>\r\n<script>\r\n     (adsbygoogle = window.adsbygoogle || []).push({});\r\n<\/script><\/center>\r\n<\/p><\/div><\/p>\n<p>El momento tiene simetr\u00eda para Andrade, un luchador de tercera generaci\u00f3n que debut\u00f3 a los 13 a\u00f1os. Bandido, ahora el actual Campe\u00f3n Mundial de ROH, apenas ten\u00eda edad para so\u00f1ar con la lucha cuando se cruzaron por primera vez.<\/p>\n<blockquote><p>&#8220;Conoc\u00ed a Bandido cuando ten\u00eda 14 a\u00f1os. \u00c9l ten\u00eda quiz\u00e1s seis o siete&#8221;, le dijo Andrade a <a href=\"https:\/\/www.cbssports.com\/general\/news\/andrade-bandido-aew-revolution-2026\/\" target=\"_blank\" rel=\"noopener\">CBS Sports<\/a>. &#8220;Hace unos a\u00f1os, me dijo: &#8216;Oh, recuerdo verte cuando eras adolescente! Por eso amo la lucha. Por eso amo la lucha&#8217;. Conozco la historia de Bandido subiendo en la Ciudad de M\u00e9xico. Tenemos historias similares. \u00daltimamente, sigo oyendo: &#8216;Bandido tuvo un gran a\u00f1o en la lucha&#8217;. Es uno de los mejores luchadores&#8221;.<\/p><\/blockquote>\n<div id=\"ad-slot\" style=\"min-width: 300px; min-height: 250px;\"><p style=\"text-align: center;\">\r\n<script async src=\"https:\/\/pagead2.googlesyndication.com\/pagead\/js\/adsbygoogle.js\"><\/script>\r\n<!-- Responsive sc c -->\r\n<ins class=\"adsbygoogle\"\r\n     style=\"display:block\"\r\n     data-ad-client=\"ca-pub-1244235910658811\"\r\n     data-ad-slot=\"4234005358\"\r\n     data-ad-format=\"auto\"\r\n     data-full-width-responsive=\"true\"><\/ins>\r\n<script>\r\n     (adsbygoogle = window.adsbygoogle || []).push({});\r\n<\/script><\/p><\/div>\n<p>Su reencuentro lleg\u00f3 en un momento en que la lucha libre est\u00e1 experimentando una renovada ola de impulso.<\/p>\n<p>La hist\u00f3rica promoci\u00f3n mexicana Consejo Mundial de Lucha Libre ha agotado entradas en docenas de shows durante el \u00faltimo a\u00f1o, incluyendo en la ic\u00f3nica Arena M\u00e9xico. Fundada en 1933, CMLL sigue siendo la promoci\u00f3n de lucha profesional activa m\u00e1s antigua, un testimonio de lo profundamente arraigado que est\u00e1 el deporte en la cultura mexicana.<\/p>\n<p>El resurgimiento tambi\u00e9n ha fortalecido los lazos entre M\u00e9xico y la escena internacional de la lucha. La asociaci\u00f3n de CMLL con All Elite Wrestling ha ayudado a destacar a una nueva generaci\u00f3n de estrellas mexicanas a nivel global: talentos como Andrade y Bandido, cuyos caminos tomaron rutas diferentes hacia el mismo momento.<\/p>\n<p>Andrade creci\u00f3 inmerso en la tradici\u00f3n de la lucha, siguiendo generaciones de familiares al ring y form\u00e1ndose en CMLL. Bandido forj\u00f3 su camino como luchador de primera generaci\u00f3n, ascendiendo por el circuito independiente competitivo de la Ciudad de M\u00e9xico antes de convertirse en uno de los high-flyers m\u00e1s aclamados del mundo.<\/p>\n<p>Su combate, en el cual Andrade sali\u00f3 airoso, represent\u00f3 m\u00e1s que un choque de estilos. Es una colisi\u00f3n entre dos historias de vida que han estado entrelazadas silenciosamente por casi dos d\u00e9cadas.<\/p>\n<blockquote><p>&#8220;Recuerdo a este ni\u00f1o pidi\u00e9ndome fotos. Ahora, vamos a pelear&#8221;, dijo Andrade. &#8220;\u00c9l dijo que este era su combate so\u00f1ado. Nunca habiamos luchado uno contra uno. Siento que en este momento, &#8216;The Real Latino Man&#8217; Andrade El Idolo est\u00e1 en lo mejor de su carrera. Bandido fue uno de los mejores luchadores, mexicano o de cualquier otro lugar, del mundo el a\u00f1o pasado.<\/p>\n<p>&#8220;Es hora de mostrar qui\u00e9n es Andrade El Idolo. \u00c9l es mejor que Bandido. Bandido quiere vencer a su \u00eddolo. Yo quiero mostrarle a todos que puedo vencer a este chico, que es un luchador incre\u00edble. Vamos a dar lo mejor de nosotros. S\u00e9 que robaremos el show&#8221;.<\/p><\/blockquote>\n<div class=\"video-container\"><iframe title=\"Reproductor de video de YouTube\" src=\"https:\/\/www.youtube.com\/embed\/EcuD6KYepO0\" frameborder=\"0\" allowfullscreen=\"allowfullscreen\" aria-label=\"Video de YouTube\"><\/iframe><\/div>\n<p>Andrade y Bandido representan la evoluci\u00f3n moderna de esa tradici\u00f3n, dos estrellas mexicanas que crecieron dentro del mismo ecosistema de lucha y ahora act\u00faan en un escenario global.<\/p>\n","protected":false},"excerpt":{"rendered":"<p>Cuando Andrade El Idolo conoci\u00f3 por primera vez a Bandido, eran solo ni\u00f1os viviendo a minutos de distancia en M\u00e9xico. El domingo, compartieron un ring en AEW Revolution: un escenario con entradas agotadas que refleja no solo lo lejos que han llegado, sino el legado perdurable de la lucha libre.<\/p>\n","protected":false},"author":3,"featured_media":289588,"comment_status":"closed","ping_status":"closed","sticky":false,"template":"","format":"standard","meta":{"footnotes":""},"categories":[1],"tags":[1965],"class_list":{"0":"post-289587","1":"post","2":"type-post","3":"status-publish","4":"format-standard","5":"has-post-thumbnail","7":"category-all-elite-wrestling","8":"tag-andrade"},"_links":{"self":[{"href":"https:\/\/www.prwrestling.com\/nw\/wp-json\/wp\/v2\/posts\/289587","targetHints":{"allow":["GET"]}}],"collection":[{"href":"https:\/\/www.prwrestling.com\/nw\/wp-json\/wp\/v2\/posts"}],"about":[{"href":"https:\/\/www.prwrestling.com\/nw\/wp-json\/wp\/v2\/types\/post"}],"author":[{"embeddable":true,"href":"https:\/\/www.prwrestling.com\/nw\/wp-json\/wp\/v2\/users\/3"}],"replies":[{"embeddable":true,"href":"https:\/\/www.prwrestling.com\/nw\/wp-json\/wp\/v2\/comments?post=289587"}],"version-history":[{"count":2,"href":"https:\/\/www.prwrestling.com\/nw\/wp-json\/wp\/v2\/posts\/289587\/revisions"}],"predecessor-version":[{"id":289590,"href":"https:\/\/www.prwrestling.com\/nw\/wp-json\/wp\/v2\/posts\/289587\/revisions\/289590"}],"wp:featuredmedia":[{"embeddable":true,"href":"https:\/\/www.prwrestling.com\/nw\/wp-json\/wp\/v2\/media\/289588"}],"wp:attachment":[{"href":"https:\/\/www.prwrestling.com\/nw\/wp-json\/wp\/v2\/media?parent=289587"}],"wp:term":[{"taxonomy":"category","embeddable":true,"href":"https:\/\/www.prwrestling.com\/nw\/wp-json\/wp\/v2\/categories?post=289587"},{"taxonomy":"post_tag","embeddable":true,"href":"https:\/\/www.prwrestling.com\/nw\/wp-json\/wp\/v2\/tags?post=289587"}],"curies":[{"name":"wp","href":"https:\/\/api.w.org\/{rel}","templated":true}]}}