{"id":289595,"date":"2026-03-17T17:22:08","date_gmt":"2026-03-17T21:22:08","guid":{"rendered":"https:\/\/www.prwrestling.com\/nw\/?p=289595"},"modified":"2026-03-17T17:22:08","modified_gmt":"2026-03-17T21:22:08","slug":"de-la-celda-al-estrellato-jacob-fatu-revela-como-ver-a-the-usos-desde-la-carcel-cambio-su-vida-para-siempre","status":"publish","type":"post","link":"https:\/\/www.prwrestling.com\/nw\/de-la-celda-al-estrellato-jacob-fatu-revela-como-ver-a-the-usos-desde-la-carcel-cambio-su-vida-para-siempre\/","title":{"rendered":"De la celda al estrellato: Jacob Fatu revela c\u00f3mo ver a The Usos desde la c\u00e1rcel cambi\u00f3 su vida para siempre"},"content":{"rendered":"<p>Jacob Fatu no est\u00e1 escondiendo su pasado: lo est\u00e1 usando como combustible, y es una de las principales razones por las que se ha convertido en una de las estrellas de WWE que m\u00e1s r\u00e1pido est\u00e1 ascendiendo.<\/p>\n<p><!--more--><div id=\"ad-slot\" style=\"min-width: 300px; min-height: 250px;\">\r\n<p style=\"text-align: center;\">\r\n<script async src=\"https:\/\/pagead2.googlesyndication.com\/pagead\/js\/adsbygoogle.js\"><\/script>\r\n<!-- 300x250 sc a -->\r\n<ins class=\"adsbygoogle\"\r\n     style=\"display:inline-block;width:300px;height:250px\"\r\n     data-ad-client=\"ca-pub-1244235910658811\"\r\n     data-ad-slot=\"8592682546\"><\/ins>\r\n<script>\r\n     (adsbygoogle = window.adsbygoogle || []).push({});\r\n<\/script><\/center>\r\n<\/p><\/div><\/p>\n<p>Durante una entrevista reciente con <a href=\"https:\/\/www.tvinsider.com\/1251948\/wwe-jacob-fatu-prison-jail-jimmy-jey-uso-the-rock\/\" target=\"_blank\" rel=\"noopener\">TV Insider<\/a>, Fatu abri\u00f3 su coraz\u00f3n sobre el punto de inflexi\u00f3n que lo cambi\u00f3 todo. Antes de convertirse en \u201cThe Samoan Werewolf\u201d en SmackDown, su vida estuvo a punto de tomar un rumbo completamente diferente. A los 18 a\u00f1os, fue arrestado por robo a mano armada y pas\u00f3 tiempo en prisi\u00f3n en California.<\/p>\n<p>Mientras estaba en la c\u00e1rcel, Fatu ve\u00eda a sus primos Jimmy y Jey Uso en la televisi\u00f3n de <a href=\"https:\/\/www.prwrestling.com\/nw\/category\/noticias-y-rumores-de-la-wwe\/\">WWE<\/a>. Ver su \u00e9xito le mostr\u00f3 lo que era posible si cambiaba, y ese momento ayud\u00f3 a transformar su mentalidad. Ahora, a\u00f1os despu\u00e9s, Fatu es parte de las storylines m\u00e1s grandes de WWE, ex Campe\u00f3n Estados Unidos y miembro clave de The Bloodline; reflexion\u00f3 sobre ese viaje y c\u00f3mo sigue impuls\u00e1ndolo hoy.<\/p>\n<div id=\"ad-slot\" style=\"min-width: 300px; min-height: 250px;\"><p style=\"text-align: center;\">\r\n<script async src=\"https:\/\/pagead2.googlesyndication.com\/pagead\/js\/adsbygoogle.js\"><\/script>\r\n<!-- Responsive sc c -->\r\n<ins class=\"adsbygoogle\"\r\n     style=\"display:block\"\r\n     data-ad-client=\"ca-pub-1244235910658811\"\r\n     data-ad-slot=\"4234005358\"\r\n     data-ad-format=\"auto\"\r\n     data-full-width-responsive=\"true\"><\/ins>\r\n<script>\r\n     (adsbygoogle = window.adsbygoogle || []).push({});\r\n<\/script><\/p><\/div>\n<blockquote><p>\u201cEs algo que cambia la vida. Sobre todo, puedes hacer cualquier cosa. S\u00e9 que la gente lo escucha todo el tiempo, pero puedes hacer cualquier cosa que te propongas. Realmente puedes lograrlo\u201d.<\/p><\/blockquote>\n<p>Fatu dej\u00f3 claro que su historia no se trata solo de lucha libre: es sobre demostrar que no importa cu\u00e1n lejos caiga alguien, siempre hay un camino hacia adelante.<\/p>\n<blockquote><p>\u201cHabr\u00e1 d\u00edas en los que quieras rendirte o no quieras lidiar con la vida. Si nadie te lo dice, yo te lo digo: lev\u00e1ntate el trasero y ve por ello\u201d.<\/p><\/blockquote>\n<p>Esa mentalidad lo ha llevado de una celda de prisi\u00f3n al escenario de WrestleMania, algo que admite que alguna vez le pareci\u00f3 imposible.<\/p>\n<blockquote><p>\u201cMira esto. Mira lo que es posible. Mira esto. Nunca pens\u00e9 que estar\u00eda aqu\u00ed alg\u00fan d\u00eda. Tom\u00f3 a mucha gente para llevarme hasta aqu\u00ed, por la gracia de Dios\u201d.<\/p><\/blockquote>\n<p>Fatu tambi\u00e9n explic\u00f3 c\u00f3mo mantenerse con los pies en la tierra y abrazar qui\u00e9n es ha jugado un papel importante en su \u00e9xito.<\/p>\n<blockquote><p>\u201cSi tienes un mal d\u00eda, simplemente aprendo a sonre\u00edr porque hoy despertaste. Con\u00e9ctate contigo mismo y la gente te aceptar\u00e1 por ser t\u00fa mismo\u201d.<\/p><\/blockquote>\n<p>Esa autenticidad se ha convertido en una parte definitoria de su etapa en WWE, con la compa\u00f1\u00eda permiti\u00e9ndole inclinarse hacia su historia real en lugar de cambiar qui\u00e9n es. Es una combinaci\u00f3n que le ha ayudado a conectar con los fans y seguir escalando r\u00e1pidamente. El viaje de Fatu de la encarcelaci\u00f3n al \u00e9xito en WWE es uno raro, pero es exactamente por eso que su mensaje est\u00e1 resonando tanto ahora. No habla desde la teor\u00eda: lo vivi\u00f3, y ahora es la prueba de que una segunda oportunidad puede convertirse en algo mucho m\u00e1s grande de lo que nadie esperaba.<\/p>\n","protected":false},"excerpt":{"rendered":"<p>Jacob Fatu no est\u00e1 escondiendo su pasado: lo est\u00e1 usando como combustible, y es una de las principales razones por las que se ha convertido en una de las estrellas de WWE que m\u00e1s r\u00e1pido est\u00e1 ascendiendo.<\/p>\n","protected":false},"author":3,"featured_media":289596,"comment_status":"closed","ping_status":"closed","sticky":false,"template":"","format":"standard","meta":{"footnotes":""},"categories":[38],"tags":[7596],"class_list":{"0":"post-289595","1":"post","2":"type-post","3":"status-publish","4":"format-standard","5":"has-post-thumbnail","7":"category-noticias-y-rumores-de-la-wwe","8":"tag-jacob-fatu"},"_links":{"self":[{"href":"https:\/\/www.prwrestling.com\/nw\/wp-json\/wp\/v2\/posts\/289595","targetHints":{"allow":["GET"]}}],"collection":[{"href":"https:\/\/www.prwrestling.com\/nw\/wp-json\/wp\/v2\/posts"}],"about":[{"href":"https:\/\/www.prwrestling.com\/nw\/wp-json\/wp\/v2\/types\/post"}],"author":[{"embeddable":true,"href":"https:\/\/www.prwrestling.com\/nw\/wp-json\/wp\/v2\/users\/3"}],"replies":[{"embeddable":true,"href":"https:\/\/www.prwrestling.com\/nw\/wp-json\/wp\/v2\/comments?post=289595"}],"version-history":[{"count":2,"href":"https:\/\/www.prwrestling.com\/nw\/wp-json\/wp\/v2\/posts\/289595\/revisions"}],"predecessor-version":[{"id":289598,"href":"https:\/\/www.prwrestling.com\/nw\/wp-json\/wp\/v2\/posts\/289595\/revisions\/289598"}],"wp:featuredmedia":[{"embeddable":true,"href":"https:\/\/www.prwrestling.com\/nw\/wp-json\/wp\/v2\/media\/289596"}],"wp:attachment":[{"href":"https:\/\/www.prwrestling.com\/nw\/wp-json\/wp\/v2\/media?parent=289595"}],"wp:term":[{"taxonomy":"category","embeddable":true,"href":"https:\/\/www.prwrestling.com\/nw\/wp-json\/wp\/v2\/categories?post=289595"},{"taxonomy":"post_tag","embeddable":true,"href":"https:\/\/www.prwrestling.com\/nw\/wp-json\/wp\/v2\/tags?post=289595"}],"curies":[{"name":"wp","href":"https:\/\/api.w.org\/{rel}","templated":true}]}}