{"id":289960,"date":"2026-04-05T12:22:33","date_gmt":"2026-04-05T16:22:33","guid":{"rendered":"https:\/\/www.prwrestling.com\/nw\/?p=289960"},"modified":"2026-04-05T12:22:33","modified_gmt":"2026-04-05T16:22:33","slug":"dana-brooke-revela-sus-problemas-para-recibir-el-alta-medica-para-luchar","status":"publish","type":"post","link":"https:\/\/www.prwrestling.com\/nw\/dana-brooke-revela-sus-problemas-para-recibir-el-alta-medica-para-luchar\/","title":{"rendered":"Dana Brooke revela sus problemas para recibir el alta m\u00e9dica para luchar"},"content":{"rendered":"<p>Dana Brooke, hoy conocida como Ash By Elegance en TNA, ha abordado finalmente lo que la llev\u00f3 al breve retiro del ring que anunci\u00f3 en TNA Victory Road en septiembre de 2025. En aquel momento, la luchadora <a href=\"https:\/\/www.prwrestling.com\/nw\/multicampeona-de-la-wwe-renuncia-a-su-titulo-tras-no-recibir-el-alta-medica\/\">dej\u00f3 vacante el Campeonato de Knockouts de TNA<\/a>, limit\u00e1ndose a declarar que &#8220;ya no pod\u00eda competir&#8221;.<\/p>\n<div id=\"ad-slot\" style=\"min-width: 300px; min-height: 250px;\">\r\n<p style=\"text-align: center;\">\r\n<script async src=\"https:\/\/pagead2.googlesyndication.com\/pagead\/js\/adsbygoogle.js\"><\/script>\r\n<!-- 300x250 sc a -->\r\n<ins class=\"adsbygoogle\"\r\n     style=\"display:inline-block;width:300px;height:250px\"\r\n     data-ad-client=\"ca-pub-1244235910658811\"\r\n     data-ad-slot=\"8592682546\"><\/ins>\r\n<script>\r\n     (adsbygoogle = window.adsbygoogle || []).push({});\r\n<\/script><\/center>\r\n<\/p><\/div>\n<p>Aunque regres\u00f3 a la acci\u00f3n en enero, Ash By Elegance revel\u00f3 en entrevistas recientes para promover TNA Rebellion que todav\u00eda est\u00e1 lidiando con problemas de salud. La luchadora describi\u00f3 su situaci\u00f3n como un &#8220;misterio m\u00e9dico&#8221; y mencion\u00f3 que lo que caus\u00f3 su retiro inicial ha persistido en su condici\u00f3n actual, la cual a\u00fan no tiene un diagn\u00f3stico definitivo.<\/p>\n<blockquote><p>\u201cTodav\u00eda estoy pasando por eso, lo cual es una locura. No tienes que tener una lesi\u00f3n; lo que estoy pasando es un problema de salud. Mucha gente en mi situaci\u00f3n piensa que no parezco enferma. Me siento bien hoy, pero ma\u00f1ana puede que no\u201d, coment\u00f3 en el podcast <i>The Generation of Wrestling<\/i>.<\/p><\/blockquote>\n<div id=\"ad-slot\" style=\"min-width: 300px; min-height: 250px;\"><p style=\"text-align: center;\">\r\n<script async src=\"https:\/\/pagead2.googlesyndication.com\/pagead\/js\/adsbygoogle.js\"><\/script>\r\n<!-- Responsive sc c -->\r\n<ins class=\"adsbygoogle\"\r\n     style=\"display:block\"\r\n     data-ad-client=\"ca-pub-1244235910658811\"\r\n     data-ad-slot=\"4234005358\"\r\n     data-ad-format=\"auto\"\r\n     data-full-width-responsive=\"true\"><\/ins>\r\n<script>\r\n     (adsbygoogle = window.adsbygoogle || []).push({});\r\n<\/script><\/p><\/div>\n<p>La estrella de <a href=\"https:\/\/www.prwrestling.com\/nw\/tag\/tna\">TNA Wrestling<\/a> confes\u00f3 haber pasado varios d\u00edas en la unidad de cuidados intensivos (UCI) sin que nadie lo supiera, prefiriendo mantener los detalles en privado hasta tener una respuesta clara de los m\u00e9dicos. A pesar de que su cuerpo a veces se siente &#8220;un poco extra\u00f1o&#8221;, asegura que est\u00e1 autorizada para luchar y se siente motivada para seguir adelante.<\/p>\n<p>Ash By Elegance tiene programado participar en TNA Rebellion el 11 de abril en su ciudad natal, Cleveland. Formar\u00e1 equipo con Heather By Elegance y M By Elegance para enfrentarse al &#8220;Dream Team&#8221; de Knockouts compuesto por Mickie James, Taryn Terrell y ODB en una lucha de reglas Hardcore.<\/p>\n<h2>Ash by Elegance y su incertidumbre m\u00e9dica<\/h2>\n<div class=\"video-container\"><iframe title=\"Reproductor de video de YouTube\" src=\"https:\/\/www.youtube.com\/embed\/1bu-RufmXWY\" frameborder=\"0\" allowfullscreen=\"allowfullscreen\" aria-label=\"Video de YouTube\"><\/iframe><\/div>\n<p>Durante otra entrevista con <a href=\"https:\/\/www.youtube.com\/watch?v=VFl_fMihBPg\" target=\"_blank\" rel=\"noopener\">BCP+<\/a>, la luchadora admiti\u00f3 que las \u00faltimas semanas han sido &#8220;inestables&#8221; respecto a su bienestar f\u00edsico, pero que su pasi\u00f3n por la lucha libre es lo que la mantiene activa. Prometi\u00f3 compartir su historia completa una vez que reciba un diagn\u00f3stico adecuado y se sienta lista para abrirse con sus seguidores.<\/p>\n<blockquote><p>Las \u00faltimas semanas han sido un poco complicadas para m\u00ed y mi salud. Dicho esto, estoy m\u00e1s que decidido, m\u00e1s que motivado, y la lucha libre es lo que me mantiene en marcha.<\/p><\/blockquote>\n<p>La situaci\u00f3n de la ex campeona sigue siendo monitoreada de cerca, ya que tiene programadas m\u00e1s pruebas m\u00e9dicas la pr\u00f3xima semana con la esperanza de poner fin a la incertidumbre que ha rodeado su carrera en los \u00faltimos meses.<\/p>\n","protected":false},"excerpt":{"rendered":"<p>Dana Brooke, hoy conocida como Ash By Elegance en TNA, ha abordado finalmente lo que la llev\u00f3 al breve retiro del ring que anunci\u00f3 en TNA Victory Road en septiembre de 2025. En aquel momento, la luchadora dej\u00f3 vacante el Campeonato de Knockouts de TNA, limit\u00e1ndose a declarar que &#8220;ya no pod\u00eda competir&#8221;. Aunque regres\u00f3<\/p>\n","protected":false},"author":1,"featured_media":289961,"comment_status":"closed","ping_status":"closed","sticky":false,"template":"","format":"standard","meta":{"footnotes":""},"categories":[5],"tags":[1559,7529],"class_list":{"0":"post-289960","1":"post","2":"type-post","3":"status-publish","4":"format-standard","5":"has-post-thumbnail","7":"category-noticias","8":"tag-dana-brooke","9":"tag-tna"},"_links":{"self":[{"href":"https:\/\/www.prwrestling.com\/nw\/wp-json\/wp\/v2\/posts\/289960","targetHints":{"allow":["GET"]}}],"collection":[{"href":"https:\/\/www.prwrestling.com\/nw\/wp-json\/wp\/v2\/posts"}],"about":[{"href":"https:\/\/www.prwrestling.com\/nw\/wp-json\/wp\/v2\/types\/post"}],"author":[{"embeddable":true,"href":"https:\/\/www.prwrestling.com\/nw\/wp-json\/wp\/v2\/users\/1"}],"replies":[{"embeddable":true,"href":"https:\/\/www.prwrestling.com\/nw\/wp-json\/wp\/v2\/comments?post=289960"}],"version-history":[{"count":2,"href":"https:\/\/www.prwrestling.com\/nw\/wp-json\/wp\/v2\/posts\/289960\/revisions"}],"predecessor-version":[{"id":289963,"href":"https:\/\/www.prwrestling.com\/nw\/wp-json\/wp\/v2\/posts\/289960\/revisions\/289963"}],"wp:featuredmedia":[{"embeddable":true,"href":"https:\/\/www.prwrestling.com\/nw\/wp-json\/wp\/v2\/media\/289961"}],"wp:attachment":[{"href":"https:\/\/www.prwrestling.com\/nw\/wp-json\/wp\/v2\/media?parent=289960"}],"wp:term":[{"taxonomy":"category","embeddable":true,"href":"https:\/\/www.prwrestling.com\/nw\/wp-json\/wp\/v2\/categories?post=289960"},{"taxonomy":"post_tag","embeddable":true,"href":"https:\/\/www.prwrestling.com\/nw\/wp-json\/wp\/v2\/tags?post=289960"}],"curies":[{"name":"wp","href":"https:\/\/api.w.org\/{rel}","templated":true}]}}