{"id":290264,"date":"2026-04-25T22:45:18","date_gmt":"2026-04-26T02:45:18","guid":{"rendered":"https:\/\/www.prwrestling.com\/nw\/?p=290264"},"modified":"2026-04-25T22:45:18","modified_gmt":"2026-04-26T02:45:18","slug":"dexter-lumis-rompe-el-silencio-tras-su-salida-de-wwe-con-emotivo-mensaje","status":"publish","type":"post","link":"https:\/\/www.prwrestling.com\/nw\/dexter-lumis-rompe-el-silencio-tras-su-salida-de-wwe-con-emotivo-mensaje\/","title":{"rendered":"Dexter Lumis rompe el silencio tras su salida de WWE con emotivo mensaje"},"content":{"rendered":"<p>La reciente ola de despidos masivos en la WWE ha puesto fin a uno de los proyectos m\u00e1s enigm\u00e1ticos de la marca roja: The Wyatt Sicks. Tras confirmarse su liberaci\u00f3n de contrato, Dexter Lumis rompi\u00f3 su habitual silencio para dedicar una emotiva nota a sus compa\u00f1eros de facci\u00f3n y a los fan\u00e1ticos que los apoyaron en esta etapa.<!--more--><\/p>\n<div id=\"ad-slot\" style=\"min-width: 300px; min-height: 250px;\">\r\n<p style=\"text-align: center;\">\r\n<script async src=\"https:\/\/pagead2.googlesyndication.com\/pagead\/js\/adsbygoogle.js\"><\/script>\r\n<!-- 300x250 sc a -->\r\n<ins class=\"adsbygoogle\"\r\n     style=\"display:inline-block;width:300px;height:250px\"\r\n     data-ad-client=\"ca-pub-1244235910658811\"\r\n     data-ad-slot=\"8592682546\"><\/ins>\r\n<script>\r\n     (adsbygoogle = window.adsbygoogle || []).push({});\r\n<\/script><\/center>\r\n<\/p><\/div>\n<blockquote><p>\u201cNo quiero que esto sea demasiado cursi, pero amo a cada uno de los miembros de este grupo. La tarea que asumimos juntos fue verdaderamente monumental\u201d, escribi\u00f3 <a href=\"https:\/\/www.prwrestling.com\/nw\/tag\/dexter-lumis\/\">Dexter Lumis<\/a> en sus redes sociales.<\/p><\/blockquote>\n<p>El luchador destac\u00f3 que no se va con arrepentimientos y agradeci\u00f3 al vestuario de la WWE, al cual describi\u00f3 como lleno de talento incre\u00edble.<\/p>\n<p>Uno de los puntos m\u00e1s conmovedores de su mensaje fue la menci\u00f3n al legado de Bray Wyatt. Lumis afirm\u00f3 que el grupo sent\u00eda la presencia de Wyatt cada vez que hac\u00edan su entrada al ring. Para cerrar su despedida, cit\u00f3 una frase de CM Punk:<\/p>\n<blockquote><p>&#8220;Si tus sue\u00f1os no te asustan, necesitas sue\u00f1os m\u00e1s grandes&#8221;, dejando claro que esta salida no marca el fin de su ambici\u00f3n en la industria.<\/p><\/blockquote>\n<div id=\"ad-slot\" style=\"min-width: 300px; min-height: 250px;\"><p style=\"text-align: center;\">\r\n<script async src=\"https:\/\/pagead2.googlesyndication.com\/pagead\/js\/adsbygoogle.js\"><\/script>\r\n<!-- Responsive sc c -->\r\n<ins class=\"adsbygoogle\"\r\n     style=\"display:block\"\r\n     data-ad-client=\"ca-pub-1244235910658811\"\r\n     data-ad-slot=\"4234005358\"\r\n     data-ad-format=\"auto\"\r\n     data-full-width-responsive=\"true\"><\/ins>\r\n<script>\r\n     (adsbygoogle = window.adsbygoogle || []).push({});\r\n<\/script><\/p><\/div>\n<p>Lumis, quien regres\u00f3 a la <a href=\"https:\/\/www.prwrestling.com\/nw\/category\/noticias-y-rumores-de-la-wwe\/\">WWE<\/a> en 2022 tras un breve periodo fuera, se marcha habiendo sido parte fundamental de las historias m\u00e1s oscuras y psicol\u00f3gicas de Raw. Con la disoluci\u00f3n total de The Wyatt Sicks, tras los despidos de Nikki Cross, Joe Gacy, Erick Rowan y Uncle Howdy, el futuro de Lumis queda ahora en el circuito independiente, donde su personaje \u00fanico siempre ha gozado de gran demanda.<\/p>\n","protected":false},"excerpt":{"rendered":"<p>La reciente ola de despidos masivos en la WWE ha puesto fin a uno de los proyectos m\u00e1s enigm\u00e1ticos de la marca roja: The Wyatt Sicks. Tras confirmarse su liberaci\u00f3n de contrato, Dexter Lumis rompi\u00f3 su habitual silencio para dedicar una emotiva nota a sus compa\u00f1eros de facci\u00f3n y a los fan\u00e1ticos que los apoyaron<\/p>\n","protected":false},"author":3,"featured_media":279820,"comment_status":"closed","ping_status":"closed","sticky":false,"template":"","format":"standard","meta":{"footnotes":""},"categories":[38],"tags":[7597],"class_list":{"0":"post-290264","1":"post","2":"type-post","3":"status-publish","4":"format-standard","5":"has-post-thumbnail","7":"category-noticias-y-rumores-de-la-wwe","8":"tag-dexter-lumis"},"_links":{"self":[{"href":"https:\/\/www.prwrestling.com\/nw\/wp-json\/wp\/v2\/posts\/290264","targetHints":{"allow":["GET"]}}],"collection":[{"href":"https:\/\/www.prwrestling.com\/nw\/wp-json\/wp\/v2\/posts"}],"about":[{"href":"https:\/\/www.prwrestling.com\/nw\/wp-json\/wp\/v2\/types\/post"}],"author":[{"embeddable":true,"href":"https:\/\/www.prwrestling.com\/nw\/wp-json\/wp\/v2\/users\/3"}],"replies":[{"embeddable":true,"href":"https:\/\/www.prwrestling.com\/nw\/wp-json\/wp\/v2\/comments?post=290264"}],"version-history":[{"count":1,"href":"https:\/\/www.prwrestling.com\/nw\/wp-json\/wp\/v2\/posts\/290264\/revisions"}],"predecessor-version":[{"id":290265,"href":"https:\/\/www.prwrestling.com\/nw\/wp-json\/wp\/v2\/posts\/290264\/revisions\/290265"}],"wp:featuredmedia":[{"embeddable":true,"href":"https:\/\/www.prwrestling.com\/nw\/wp-json\/wp\/v2\/media\/279820"}],"wp:attachment":[{"href":"https:\/\/www.prwrestling.com\/nw\/wp-json\/wp\/v2\/media?parent=290264"}],"wp:term":[{"taxonomy":"category","embeddable":true,"href":"https:\/\/www.prwrestling.com\/nw\/wp-json\/wp\/v2\/categories?post=290264"},{"taxonomy":"post_tag","embeddable":true,"href":"https:\/\/www.prwrestling.com\/nw\/wp-json\/wp\/v2\/tags?post=290264"}],"curies":[{"name":"wp","href":"https:\/\/api.w.org\/{rel}","templated":true}]}}