{"id":290270,"date":"2026-04-26T12:06:59","date_gmt":"2026-04-26T16:06:59","guid":{"rendered":"https:\/\/www.prwrestling.com\/nw\/?p=290270"},"modified":"2026-04-26T12:06:59","modified_gmt":"2026-04-26T16:06:59","slug":"brock-lesnar-revela-la-impactante-historia-detras-de-su-iconico-tatuaje-de-la-espada","status":"publish","type":"post","link":"https:\/\/www.prwrestling.com\/nw\/brock-lesnar-revela-la-impactante-historia-detras-de-su-iconico-tatuaje-de-la-espada\/","title":{"rendered":"Brock Lesnar revela la impactante historia detr\u00e1s de su ic\u00f3nico tatuaje de la espada"},"content":{"rendered":"<p>El tatuaje de la espada en el pecho de Brock Lesnar es una de las im\u00e1genes m\u00e1s reconocibles en la historia de la lucha libre y las MMA, pero su origen es mucho menos planificado de lo que muchos imaginan. <!--more--><\/p>\n<div id=\"ad-slot\" style=\"min-width: 300px; min-height: 250px;\">\r\n<p style=\"text-align: center;\">\r\n<script async src=\"https:\/\/pagead2.googlesyndication.com\/pagead\/js\/adsbygoogle.js\"><\/script>\r\n<!-- 300x250 sc a -->\r\n<ins class=\"adsbygoogle\"\r\n     style=\"display:inline-block;width:300px;height:250px\"\r\n     data-ad-client=\"ca-pub-1244235910658811\"\r\n     data-ad-slot=\"8592682546\"><\/ins>\r\n<script>\r\n     (adsbygoogle = window.adsbygoogle || []).push({});\r\n<\/script><\/center>\r\n<\/p><\/div>\n<p>En una reciente entrevista, &#8220;The Beast&#8221; revel\u00f3 que la decisi\u00f3n de marcarse de forma tan prominente ocurri\u00f3 durante una noche de copas en Scottsdale, Arizona.<\/p>\n<p>Lesnar explic\u00f3 que en aquel momento estaba pasando por un periodo dif\u00edcil en su vida, tratando de entrar en la NFL tras un serio accidente de motocicleta que lo dej\u00f3 f\u00edsicamente golpeado y mentalmente frustrado.<\/p>\n<blockquote><p>&#8220;Estaba borracho perdido&#8230; Hab\u00eda una tienda de tatuajes frente a un bar de motociclistas. No es un buen lugar para tener una tienda de tatuajes. Fui all\u00ed y dije: &#8216;S\u00ed, pongamos una gran y fea espada en mi pecho'&#8221;, confes\u00f3 el ex campe\u00f3n de la WWE.<\/p><\/blockquote>\n<p>Al despertar a la ma\u00f1ana siguiente, Lesnar se sorprendi\u00f3 al ver el resultado en el espejo. Sin embargo, con el tiempo, el tatuaje adquiri\u00f3 un significado profundo.<\/p>\n<div id=\"ad-slot\" style=\"min-width: 300px; min-height: 250px;\"><p style=\"text-align: center;\">\r\n<script async src=\"https:\/\/pagead2.googlesyndication.com\/pagead\/js\/adsbygoogle.js\"><\/script>\r\n<!-- Responsive sc c -->\r\n<ins class=\"adsbygoogle\"\r\n     style=\"display:block\"\r\n     data-ad-client=\"ca-pub-1244235910658811\"\r\n     data-ad-slot=\"4234005358\"\r\n     data-ad-format=\"auto\"\r\n     data-full-width-responsive=\"true\"><\/ins>\r\n<script>\r\n     (adsbygoogle = window.adsbygoogle || []).push({});\r\n<\/script><\/p><\/div>\n<p>Seg\u00fan relat\u00f3, la espada simbolizaba c\u00f3mo se sent\u00eda en ese momento: con la espalda contra la pared y como si alguien tuviera un cuchillo en su garganta, oblig\u00e1ndolo a luchar por su futuro.<\/p>\n<p>Termin\u00f3 la historia recordando el momento exacto en que se decidi\u00f3 por el dise\u00f1o, dejando claro que la sutileza no formaba parte del plan.<\/p>\n<blockquote><p>&#8220;As\u00ed que&#8230; me acerqu\u00e9 y dije: &#8216;S\u00ed, pong\u00e1monos una espada enorme y fea en el pecho'&#8221;.<\/p><\/blockquote>\n<p>Lo que comenz\u00f3 como una decisi\u00f3n impulsiva bajo los efectos del alcohol se convirti\u00f3 en el s\u00edmbolo de guerra de <a href=\"https:\/\/www.prwrestling.com\/nw\/tag\/brock-lesnar\/\">Brock Lesnar<\/a>. Esa &#8220;espada fea&#8221;, como \u00e9l la llama, termin\u00f3 acompa\u00f1\u00e1ndolo en sus conquistas m\u00e1s grandes tanto en el oct\u00e1gono de UFC como en los eventos estelares de WrestleMania, consolid\u00e1ndose como parte esencial de su aura indestructible ante los fan\u00e1ticos de todo el mundo.<\/p>\n","protected":false},"excerpt":{"rendered":"<p>El tatuaje de la espada en el pecho de Brock Lesnar es una de las im\u00e1genes m\u00e1s reconocibles en la historia de la lucha libre y las MMA, pero su origen es mucho menos planificado de lo que muchos imaginan.<\/p>\n","protected":false},"author":3,"featured_media":282055,"comment_status":"closed","ping_status":"closed","sticky":false,"template":"","format":"standard","meta":{"footnotes":""},"categories":[38],"tags":[10],"class_list":{"0":"post-290270","1":"post","2":"type-post","3":"status-publish","4":"format-standard","5":"has-post-thumbnail","7":"category-noticias-y-rumores-de-la-wwe","8":"tag-brock-lesnar"},"_links":{"self":[{"href":"https:\/\/www.prwrestling.com\/nw\/wp-json\/wp\/v2\/posts\/290270","targetHints":{"allow":["GET"]}}],"collection":[{"href":"https:\/\/www.prwrestling.com\/nw\/wp-json\/wp\/v2\/posts"}],"about":[{"href":"https:\/\/www.prwrestling.com\/nw\/wp-json\/wp\/v2\/types\/post"}],"author":[{"embeddable":true,"href":"https:\/\/www.prwrestling.com\/nw\/wp-json\/wp\/v2\/users\/3"}],"replies":[{"embeddable":true,"href":"https:\/\/www.prwrestling.com\/nw\/wp-json\/wp\/v2\/comments?post=290270"}],"version-history":[{"count":2,"href":"https:\/\/www.prwrestling.com\/nw\/wp-json\/wp\/v2\/posts\/290270\/revisions"}],"predecessor-version":[{"id":290272,"href":"https:\/\/www.prwrestling.com\/nw\/wp-json\/wp\/v2\/posts\/290270\/revisions\/290272"}],"wp:featuredmedia":[{"embeddable":true,"href":"https:\/\/www.prwrestling.com\/nw\/wp-json\/wp\/v2\/media\/282055"}],"wp:attachment":[{"href":"https:\/\/www.prwrestling.com\/nw\/wp-json\/wp\/v2\/media?parent=290270"}],"wp:term":[{"taxonomy":"category","embeddable":true,"href":"https:\/\/www.prwrestling.com\/nw\/wp-json\/wp\/v2\/categories?post=290270"},{"taxonomy":"post_tag","embeddable":true,"href":"https:\/\/www.prwrestling.com\/nw\/wp-json\/wp\/v2\/tags?post=290270"}],"curies":[{"name":"wp","href":"https:\/\/api.w.org\/{rel}","templated":true}]}}