{"id":290281,"date":"2026-04-26T17:07:36","date_gmt":"2026-04-26T21:07:36","guid":{"rendered":"https:\/\/www.prwrestling.com\/nw\/?p=290281"},"modified":"2026-04-26T17:07:36","modified_gmt":"2026-04-26T21:07:36","slug":"exestrella-de-wwe-revela-la-verdadera-razon-detras-de-su-salida","status":"publish","type":"post","link":"https:\/\/www.prwrestling.com\/nw\/exestrella-de-wwe-revela-la-verdadera-razon-detras-de-su-salida\/","title":{"rendered":"Exestrella de WWE revela la verdadera raz\u00f3n detr\u00e1s de su salida"},"content":{"rendered":"<p>La reciente ola de despidos en la WWE, que incluy\u00f3 a la pareja en la vida real formada por Aleister Black y Zelina Vega, ha reavivado las comparaciones con otras salidas de parejas de alto perfil en la empresa. Ante los comentarios que vinculaban su salida con un despido, el actual luchador de AEW, Ricochet, decidi\u00f3 intervenir para aclarar los hechos.<!--more--><\/p>\n<div id=\"ad-slot\" style=\"min-width: 300px; min-height: 250px;\">\r\n<p style=\"text-align: center;\">\r\n<script async src=\"https:\/\/pagead2.googlesyndication.com\/pagead\/js\/adsbygoogle.js\"><\/script>\r\n<!-- 300x250 sc a -->\r\n<ins class=\"adsbygoogle\"\r\n     style=\"display:inline-block;width:300px;height:250px\"\r\n     data-ad-client=\"ca-pub-1244235910658811\"\r\n     data-ad-slot=\"8592682546\"><\/ins>\r\n<script>\r\n     (adsbygoogle = window.adsbygoogle || []).push({});\r\n<\/script><\/center>\r\n<\/p><\/div>\n<p>A trav\u00e9s de sus redes sociales, el ex Campe\u00f3n de los Estados Unidos respondi\u00f3 a un usuario que comparaba su situaci\u00f3n con la de Black y Vega.<\/p>\n<blockquote><p>&#8220;A ninguno de los dos nos despidieron. Me fui por mi propia voluntad. Luego hice que mi esposa renunciara&#8221;, afirm\u00f3 <a href=\"https:\/\/www.prwrestling.com\/nw\/tag\/ricochet\/\">Ricochet.<\/a><\/p><\/blockquote>\n<p>El luchador coment\u00f3 refiri\u00e9ndose a su salida en 2024 y a la posterior renuncia de la anunciadora Samantha Irvin meses despu\u00e9s.<\/p>\n<div id=\"ad-slot\" style=\"min-width: 300px; min-height: 250px;\"><p style=\"text-align: center;\">\r\n<script async src=\"https:\/\/pagead2.googlesyndication.com\/pagead\/js\/adsbygoogle.js\"><\/script>\r\n<!-- Responsive sc c -->\r\n<ins class=\"adsbygoogle\"\r\n     style=\"display:block\"\r\n     data-ad-client=\"ca-pub-1244235910658811\"\r\n     data-ad-slot=\"4234005358\"\r\n     data-ad-format=\"auto\"\r\n     data-full-width-responsive=\"true\"><\/ins>\r\n<script>\r\n     (adsbygoogle = window.adsbygoogle || []).push({});\r\n<\/script><\/p><\/div>\n<p>Ricochet dej\u00f3 la <a href=\"https:\/\/www.prwrestling.com\/nw\/tag\/wwe\/\">WWE<\/a> tras decidir no renovar su contrato, lo que le permiti\u00f3 debutar en All Elite Wrestling poco tiempo despu\u00e9s. Por su parte, Samantha Irvin, quien era una de las voces m\u00e1s queridas de Raw, anunci\u00f3 su salida voluntaria en octubre de 2024, poniendo fin a una etapa exitosa en la empresa de TKO para seguir nuevos proyectos personales junto a su esposo.<\/p>\n<p>Esta aclaraci\u00f3n surge en un momento de incertidumbre para muchos talentos liberados. Mientras que Ricochet y Irvin eligieron su camino de salida, el caso de Black y Vega ha sido diferente, ya que Zelina confirm\u00f3 haber recibido una llamada directa de los ejecutivos de TKO notificando su despido. Con la agencia libre ahora en el horizonte para la pareja, los rumores sobre una posible reuni\u00f3n en la empresa de Tony Khan han comenzado a cobrar fuerza.<\/p>\n","protected":false},"excerpt":{"rendered":"<p>La reciente ola de despidos en la WWE, que incluy\u00f3 a la pareja en la vida real formada por Aleister Black y Zelina Vega, ha reavivado las comparaciones con otras salidas de parejas de alto perfil en la empresa. Ante los comentarios que vinculaban su salida con un despido, el actual luchador de AEW, Ricochet,<\/p>\n","protected":false},"author":3,"featured_media":279297,"comment_status":"closed","ping_status":"closed","sticky":false,"template":"","format":"standard","meta":{"footnotes":""},"categories":[38],"tags":[],"class_list":{"0":"post-290281","1":"post","2":"type-post","3":"status-publish","4":"format-standard","5":"has-post-thumbnail","7":"category-noticias-y-rumores-de-la-wwe"},"_links":{"self":[{"href":"https:\/\/www.prwrestling.com\/nw\/wp-json\/wp\/v2\/posts\/290281","targetHints":{"allow":["GET"]}}],"collection":[{"href":"https:\/\/www.prwrestling.com\/nw\/wp-json\/wp\/v2\/posts"}],"about":[{"href":"https:\/\/www.prwrestling.com\/nw\/wp-json\/wp\/v2\/types\/post"}],"author":[{"embeddable":true,"href":"https:\/\/www.prwrestling.com\/nw\/wp-json\/wp\/v2\/users\/3"}],"replies":[{"embeddable":true,"href":"https:\/\/www.prwrestling.com\/nw\/wp-json\/wp\/v2\/comments?post=290281"}],"version-history":[{"count":2,"href":"https:\/\/www.prwrestling.com\/nw\/wp-json\/wp\/v2\/posts\/290281\/revisions"}],"predecessor-version":[{"id":290283,"href":"https:\/\/www.prwrestling.com\/nw\/wp-json\/wp\/v2\/posts\/290281\/revisions\/290283"}],"wp:featuredmedia":[{"embeddable":true,"href":"https:\/\/www.prwrestling.com\/nw\/wp-json\/wp\/v2\/media\/279297"}],"wp:attachment":[{"href":"https:\/\/www.prwrestling.com\/nw\/wp-json\/wp\/v2\/media?parent=290281"}],"wp:term":[{"taxonomy":"category","embeddable":true,"href":"https:\/\/www.prwrestling.com\/nw\/wp-json\/wp\/v2\/categories?post=290281"},{"taxonomy":"post_tag","embeddable":true,"href":"https:\/\/www.prwrestling.com\/nw\/wp-json\/wp\/v2\/tags?post=290281"}],"curies":[{"name":"wp","href":"https:\/\/api.w.org\/{rel}","templated":true}]}}