{"id":290285,"date":"2026-04-26T17:12:33","date_gmt":"2026-04-26T21:12:33","guid":{"rendered":"https:\/\/www.prwrestling.com\/nw\/?p=290285"},"modified":"2026-04-26T17:12:33","modified_gmt":"2026-04-26T21:12:33","slug":"exestrella-de-wwe-no-seria-bienvenida-en-aew-segun-mjf","status":"publish","type":"post","link":"https:\/\/www.prwrestling.com\/nw\/exestrella-de-wwe-no-seria-bienvenida-en-aew-segun-mjf\/","title":{"rendered":"Exestrella de WWE no ser\u00eda bienvenida en AEW, seg\u00fan MJF"},"content":{"rendered":"<p>Tras confirmarse el sorpresivo <a href=\"https:\/\/www.prwrestling.com\/nw\/wwe-confirma-nueva-ronda-de-despidos-los-wyatts-entre-los-afectados\/\">despido de Aleister Black de la WWE<\/a>, los rumores sobre un posible retorno a All Elite Wrestling no se hicieron esperar. Sin embargo, a diferencia de otras ocasiones, parece que una parte importante del elenco de la empresa de Tony Khan no est\u00e1 del todo convencida de recibir nuevamente al l\u00edder de la facci\u00f3n House of Black.<!--more--><\/p>\n<div id=\"ad-slot\" style=\"min-width: 300px; min-height: 250px;\">\r\n<p style=\"text-align: center;\">\r\n<script async src=\"https:\/\/pagead2.googlesyndication.com\/pagead\/js\/adsbygoogle.js\"><\/script>\r\n<!-- 300x250 sc a -->\r\n<ins class=\"adsbygoogle\"\r\n     style=\"display:inline-block;width:300px;height:250px\"\r\n     data-ad-client=\"ca-pub-1244235910658811\"\r\n     data-ad-slot=\"8592682546\"><\/ins>\r\n<script>\r\n     (adsbygoogle = window.adsbygoogle || []).push({});\r\n<\/script><\/center>\r\n<\/p><\/div>\n<p>Varios nombres destacados dentro de AEW han expresado su escepticismo de manera p\u00fablica. Shawn Dean, quien ocupa un rol de coordinaci\u00f3n en el vestuario adem\u00e1s de ser luchador, respondi\u00f3 con un tajante &#8220;No&#8221; en redes sociales ante la sugerencia de un fan de reformar el grupo original.<\/p>\n<p>Por su parte, el ex campe\u00f3n mundial MJF public\u00f3 un mensaje en sus historias de Instagram que muchos han interpretado como una indirecta directa: &#8220;\u00a1No lo queremos!&#8221;.<\/p>\n<p><iframe loading=\"lazy\" style=\"border: none; overflow: hidden;\" src=\"https:\/\/www.facebook.com\/plugins\/post.php?href=https%3A%2F%2Fwww.facebook.com%2FPRWrestling%2Fposts%2Fpfbid024rYatYh143Y7niPzSwuNzNVuQ64SzZEEyoXkDLjMon9wCBcPeuWyMchAXri19B4zl&amp;show_text=true&amp;width=500\" width=\"500\" height=\"460\" frameborder=\"0\" scrolling=\"no\" allowfullscreen=\"allowfullscreen\"><\/iframe><\/p>\n<p>Esta resistencia podr\u00eda tener su origen en la salida de Black de AEW en 2025, la cual estuvo rodeada de informes sobre supuesta falta de cooperaci\u00f3n con los planes creativos y su deseo de regresar a la <a href=\"https:\/\/www.prwrestling.com\/nw\/category\/noticias-y-rumores-de-la-wwe\/\">WWE<\/a> bajo la administraci\u00f3n de Triple H. Aunque su paso por la empresa de TKO termin\u00f3 abruptamente este viernes, el vestuario de la compa\u00f1\u00eda en Jacksonville parece recordar las tensiones del pasado.<\/p>\n<div id=\"ad-slot\" style=\"min-width: 300px; min-height: 250px;\"><p style=\"text-align: center;\">\r\n<script async src=\"https:\/\/pagead2.googlesyndication.com\/pagead\/js\/adsbygoogle.js\"><\/script>\r\n<!-- Responsive sc c -->\r\n<ins class=\"adsbygoogle\"\r\n     style=\"display:block\"\r\n     data-ad-client=\"ca-pub-1244235910658811\"\r\n     data-ad-slot=\"4234005358\"\r\n     data-ad-format=\"auto\"\r\n     data-full-width-responsive=\"true\"><\/ins>\r\n<script>\r\n     (adsbygoogle = window.adsbygoogle || []).push({});\r\n<\/script><\/p><\/div>\n<p>A pesar de estas reacciones, la decisi\u00f3n final recaer\u00e1 en Tony Khan, quien anteriormente ha tra\u00eddo de vuelta a talentos que salieron bajo diversas circunstancias. Con <a href=\"https:\/\/www.prwrestling.com\/nw\/tag\/aleister-black\/\">Aleister Black<\/a> y su esposa Zelina Vega ahora como agentes libres, el panorama de la lucha libre profesional vuelve a agitarse, dejando abierta la pregunta de si el &#8220;Holand\u00e9s Errante&#8221; podr\u00e1 encontrar un nuevo hogar o si las puertas de su antigua casa permanecer\u00e1n cerradas por el momento.<\/p>\n","protected":false},"excerpt":{"rendered":"<p>Tras confirmarse el sorpresivo despido de Aleister Black de la WWE, los rumores sobre un posible retorno a All Elite Wrestling no se hicieron esperar. Sin embargo, a diferencia de otras ocasiones, parece que una parte importante del elenco de la empresa de Tony Khan no est\u00e1 del todo convencida de recibir nuevamente al l\u00edder<\/p>\n","protected":false},"author":3,"featured_media":290286,"comment_status":"closed","ping_status":"closed","sticky":false,"template":"","format":"standard","meta":{"footnotes":""},"categories":[1],"tags":[],"class_list":{"0":"post-290285","1":"post","2":"type-post","3":"status-publish","4":"format-standard","5":"has-post-thumbnail","7":"category-all-elite-wrestling"},"_links":{"self":[{"href":"https:\/\/www.prwrestling.com\/nw\/wp-json\/wp\/v2\/posts\/290285","targetHints":{"allow":["GET"]}}],"collection":[{"href":"https:\/\/www.prwrestling.com\/nw\/wp-json\/wp\/v2\/posts"}],"about":[{"href":"https:\/\/www.prwrestling.com\/nw\/wp-json\/wp\/v2\/types\/post"}],"author":[{"embeddable":true,"href":"https:\/\/www.prwrestling.com\/nw\/wp-json\/wp\/v2\/users\/3"}],"replies":[{"embeddable":true,"href":"https:\/\/www.prwrestling.com\/nw\/wp-json\/wp\/v2\/comments?post=290285"}],"version-history":[{"count":2,"href":"https:\/\/www.prwrestling.com\/nw\/wp-json\/wp\/v2\/posts\/290285\/revisions"}],"predecessor-version":[{"id":290288,"href":"https:\/\/www.prwrestling.com\/nw\/wp-json\/wp\/v2\/posts\/290285\/revisions\/290288"}],"wp:featuredmedia":[{"embeddable":true,"href":"https:\/\/www.prwrestling.com\/nw\/wp-json\/wp\/v2\/media\/290286"}],"wp:attachment":[{"href":"https:\/\/www.prwrestling.com\/nw\/wp-json\/wp\/v2\/media?parent=290285"}],"wp:term":[{"taxonomy":"category","embeddable":true,"href":"https:\/\/www.prwrestling.com\/nw\/wp-json\/wp\/v2\/categories?post=290285"},{"taxonomy":"post_tag","embeddable":true,"href":"https:\/\/www.prwrestling.com\/nw\/wp-json\/wp\/v2\/tags?post=290285"}],"curies":[{"name":"wp","href":"https:\/\/api.w.org\/{rel}","templated":true}]}}